{"id":19557,"date":"2014-01-01T08:38:17","date_gmt":"2014-01-01T07:38:17","guid":{"rendered":"https:\/\/www.mobilimariani.com\/?p=19557"},"modified":"2018-06-09T17:58:57","modified_gmt":"2018-06-09T15:58:57","slug":"natevo-table-plettro","status":"publish","type":"post","link":"https:\/\/www.mobilimariani.com\/fr\/natevo-table-plettro\/","title":{"rendered":"NATEVO TABLE PLETTRO"},"content":{"rendered":"<p>NATEVO TABLE PLETTRO\u00a0design Thesia Progetti &#8211;\u00a0INDISPONIBLE<\/p>\n<p>Pas seulement une table, mais une v\u00e9ritable loge pour placer les objets que vous voulez voir protagonistes dans les environnement. Sa structure particuli\u00e8re permet \u00e0 la lumi\u00e8re d\u2019am\u00e9liorer n\u2019importe quel objet, m\u00eame une bouteille d\u2019eau banale devient quelque chose sur laquelle le regard ne peut s\u2019emp\u00eacher de s\u2019arr\u00eater.\u00a0Les LED sont positionn\u00e9es au niveau du plan et sous le plan, donnant l\u00e9g\u00e8ret\u00e9 et fonctionnalit\u00e9. Plettro, avec sa forme triangulaire caract\u00e9ristique,\u00a0se compose d\u2019une base en acier tubulaire dans les couleurs blanche, noire et naturelle recouvertes de tissu \u00e9lastique (blanc, noir et naturel) et \u00a0par un plan en verre qui permet \u00e0 la base \u00e9clair\u00e9e de filtrer la lumi\u00e8re provenant pr le bas. Le dessus en verre est disponible en versions noir, bronze ou tr\u00e8s clair. On peut combiner le plan et la base selon diff\u00e9rentes combinaisons: \u2022 plan noir \u2013 base noire \u2022 plan bronz\u00e9 \u2013 base naturelle \u2022 plan extra clair \u2013 base noire \u2022 plan tr\u00e8s clair \u2013 base naturelle.<\/p>\n<p>Pour d\u00e9couvrir la marque Natevo\u00a0<a href=\"https:\/\/www.mobilimariani.com\/rivenditore-natevo\/?lang=fr\">cliquez ici<\/a><\/p>\n<p>Vous voulez conna\u00eetre notre meilleur prix pour cet article?\u00a0<a href=\"https:\/\/www.mobilimariani.com\/fr\/contacts\/\">Cliquez ici<\/a>\u00a0et envoyez-nous la demande<\/p>\n<p>Signale le lieu de livraison et si le montage est n\u00e9c\u00e9ssaire.<\/p>\n<p>Nous livrons dans toute l\u2019Europe,\u00a0Canada, Etats-Unis, Russie, Emirats Arabes Unis et o\u00f9 que vous soyez<\/p>\n","protected":false},"excerpt":{"rendered":"NATEVO TABLE PLETTRO\u00a0design Thesia Progetti &#8211;\u00a0INDISPONIBLE Pas seulement une table, mais une v\u00e9ritable loge pour placer les objets que vous voulez voir protagonistes dans les environnement. Sa structure particuli\u00e8re permet \u00e0 la lumi\u00e8re d\u2019am\u00e9liorer n\u2019importe quel objet, m\u00eame une bouteille d\u2019eau banale devient quelque chose sur laquelle le regard ne peut s\u2019emp\u00eacher de s\u2019arr\u00eater.\u00a0Les LED&#8230; <a class=\"view-article\" href=\"https:\/\/www.mobilimariani.com\/fr\/natevo-table-plettro\/\">Voir l&#8217;article<\/a>","protected":false},"author":1,"featured_media":0,"comment_status":"closed","ping_status":"closed","sticky":false,"template":"","format":"standard","meta":[],"categories":[1,37,6],"tags":[],"yoast_head":"<!-- This site is optimized with the Yoast SEO plugin v16.2 - https:\/\/yoast.com\/wordpress\/plugins\/seo\/ -->\n<meta name=\"description\" content=\"NATEVO TABLE PLETTRO\u00a0design Thesia Progetti -\u00a0INDISPONIBLE Pas seulement une table, mais une v\u00e9ritable loge pour placer les objets que vous voulez voir\" \/>\n<meta name=\"robots\" content=\"index, follow, max-snippet:-1, max-image-preview:large, max-video-preview:-1\" \/>\n<link rel=\"canonical\" href=\"https:\/\/www.mobilimariani.com\/fr\/natevo-table-plettro\/\" \/>\n<meta property=\"og:locale\" content=\"fr_FR\" \/>\n<meta property=\"og:type\" content=\"article\" \/>\n<meta property=\"og:title\" content=\"NATEVO TABLE PLETTRO | Mobili Mariani\" \/>\n<meta property=\"og:description\" content=\"NATEVO TABLE PLETTRO\u00a0design Thesia Progetti -\u00a0INDISPONIBLE Pas seulement une table, mais une v\u00e9ritable loge pour placer les objets que vous voulez voir\" \/>\n<meta property=\"og:url\" content=\"https:\/\/www.mobilimariani.com\/fr\/natevo-table-plettro\/\" \/>\n<meta property=\"og:site_name\" content=\"Mobili Mariani\" \/>\n<meta property=\"article:published_time\" content=\"2014-01-01T07:38:17+00:00\" \/>\n<meta property=\"article:modified_time\" content=\"2018-06-09T15:58:57+00:00\" \/>\n<meta name=\"twitter:label1\" content=\"Est. reading time\">\n\t<meta name=\"twitter:data1\" content=\"1 minute\">\n<script type=\"application\/ld+json\" class=\"yoast-schema-graph\">{\"@context\":\"https:\/\/schema.org\",\"@graph\":[{\"@type\":\"Organization\",\"@id\":\"https:\/\/www.mobilimariani.com\/#organization\",\"name\":\"Mobili Mariani\",\"url\":\"https:\/\/www.mobilimariani.com\/\",\"sameAs\":[],\"logo\":{\"@type\":\"ImageObject\",\"@id\":\"https:\/\/www.mobilimariani.com\/#logo\",\"inLanguage\":\"fr-CH\",\"url\":\"https:\/\/www.mobilimariani.com\/wp-content\/uploads\/2015\/12\/logo.png\",\"contentUrl\":\"https:\/\/www.mobilimariani.com\/wp-content\/uploads\/2015\/12\/logo.png\",\"width\":160,\"height\":110,\"caption\":\"Mobili Mariani\"},\"image\":{\"@id\":\"https:\/\/www.mobilimariani.com\/#logo\"}},{\"@type\":\"WebSite\",\"@id\":\"https:\/\/www.mobilimariani.com\/#website\",\"url\":\"https:\/\/www.mobilimariani.com\/\",\"name\":\"Mobili Mariani\",\"description\":\"Mobili Italia Svizzera\",\"publisher\":{\"@id\":\"https:\/\/www.mobilimariani.com\/#organization\"},\"potentialAction\":[{\"@type\":\"SearchAction\",\"target\":\"https:\/\/www.mobilimariani.com\/?s={search_term_string}\",\"query-input\":\"required name=search_term_string\"}],\"inLanguage\":\"fr-CH\"},{\"@type\":\"WebPage\",\"@id\":\"https:\/\/www.mobilimariani.com\/fr\/natevo-table-plettro\/#webpage\",\"url\":\"https:\/\/www.mobilimariani.com\/fr\/natevo-table-plettro\/\",\"name\":\"NATEVO TABLE PLETTRO | Mobili Mariani\",\"isPartOf\":{\"@id\":\"https:\/\/www.mobilimariani.com\/#website\"},\"datePublished\":\"2014-01-01T07:38:17+00:00\",\"dateModified\":\"2018-06-09T15:58:57+00:00\",\"description\":\"NATEVO TABLE PLETTRO\\u00a0design Thesia Progetti -\\u00a0INDISPONIBLE Pas seulement une table, mais une v\\u00e9ritable loge pour placer les objets que vous voulez voir\",\"breadcrumb\":{\"@id\":\"https:\/\/www.mobilimariani.com\/fr\/natevo-table-plettro\/#breadcrumb\"},\"inLanguage\":\"fr-CH\",\"potentialAction\":[{\"@type\":\"ReadAction\",\"target\":[\"https:\/\/www.mobilimariani.com\/fr\/natevo-table-plettro\/\"]}]},{\"@type\":\"BreadcrumbList\",\"@id\":\"https:\/\/www.mobilimariani.com\/fr\/natevo-table-plettro\/#breadcrumb\",\"itemListElement\":[{\"@type\":\"ListItem\",\"position\":1,\"item\":{\"@type\":\"WebPage\",\"@id\":\"https:\/\/www.mobilimariani.com\/\",\"url\":\"https:\/\/www.mobilimariani.com\/\",\"name\":\"Home\"}},{\"@type\":\"ListItem\",\"position\":2,\"item\":{\"@id\":\"https:\/\/www.mobilimariani.com\/fr\/natevo-table-plettro\/#webpage\"}}]},{\"@type\":\"Article\",\"@id\":\"https:\/\/www.mobilimariani.com\/fr\/natevo-table-plettro\/#article\",\"isPartOf\":{\"@id\":\"https:\/\/www.mobilimariani.com\/fr\/natevo-table-plettro\/#webpage\"},\"author\":{\"@id\":\"https:\/\/www.mobilimariani.com\/#\/schema\/person\/4685d9f51269134e53f988c9122315f4\"},\"headline\":\"NATEVO TABLE PLETTRO\",\"datePublished\":\"2014-01-01T07:38:17+00:00\",\"dateModified\":\"2018-06-09T15:58:57+00:00\",\"mainEntityOfPage\":{\"@id\":\"https:\/\/www.mobilimariani.com\/fr\/natevo-table-plettro\/#webpage\"},\"publisher\":{\"@id\":\"https:\/\/www.mobilimariani.com\/#organization\"},\"articleSection\":[\"Catalogue\",\"Contract\",\"Salle jour\"],\"inLanguage\":\"fr-CH\"},{\"@type\":\"Person\",\"@id\":\"https:\/\/www.mobilimariani.com\/#\/schema\/person\/4685d9f51269134e53f988c9122315f4\",\"name\":\"14m4rC008\",\"image\":{\"@type\":\"ImageObject\",\"@id\":\"https:\/\/www.mobilimariani.com\/#personlogo\",\"inLanguage\":\"fr-CH\",\"url\":\"https:\/\/secure.gravatar.com\/avatar\/dfaa6e536fec7030712cf850e9ddef45?s=96&d=mm&r=g\",\"contentUrl\":\"https:\/\/secure.gravatar.com\/avatar\/dfaa6e536fec7030712cf850e9ddef45?s=96&d=mm&r=g\",\"caption\":\"14m4rC008\"}}]}<\/script>\n<!-- \/ Yoast SEO plugin. -->","_links":{"self":[{"href":"https:\/\/www.mobilimariani.com\/fr\/wp-json\/wp\/v2\/posts\/19557"}],"collection":[{"href":"https:\/\/www.mobilimariani.com\/fr\/wp-json\/wp\/v2\/posts"}],"about":[{"href":"https:\/\/www.mobilimariani.com\/fr\/wp-json\/wp\/v2\/types\/post"}],"author":[{"embeddable":true,"href":"https:\/\/www.mobilimariani.com\/fr\/wp-json\/wp\/v2\/users\/1"}],"replies":[{"embeddable":true,"href":"https:\/\/www.mobilimariani.com\/fr\/wp-json\/wp\/v2\/comments?post=19557"}],"version-history":[{"count":2,"href":"https:\/\/www.mobilimariani.com\/fr\/wp-json\/wp\/v2\/posts\/19557\/revisions"}],"predecessor-version":[{"id":21537,"href":"https:\/\/www.mobilimariani.com\/fr\/wp-json\/wp\/v2\/posts\/19557\/revisions\/21537"}],"wp:attachment":[{"href":"https:\/\/www.mobilimariani.com\/fr\/wp-json\/wp\/v2\/media?parent=19557"}],"wp:term":[{"taxonomy":"category","embeddable":true,"href":"https:\/\/www.mobilimariani.com\/fr\/wp-json\/wp\/v2\/categories?post=19557"},{"taxonomy":"post_tag","embeddable":true,"href":"https:\/\/www.mobilimariani.com\/fr\/wp-json\/wp\/v2\/tags?post=19557"}],"curies":[{"name":"wp","href":"https:\/\/api.w.org\/{rel}","templated":true}]}}