{"id":19529,"date":"2014-01-01T11:05:01","date_gmt":"2014-01-01T10:05:01","guid":{"rendered":"https:\/\/www.mobilimariani.com\/?p=19529"},"modified":"2018-06-09T18:06:06","modified_gmt":"2018-06-09T16:06:06","slug":"natevo-fauteuil-nuvola-luce","status":"publish","type":"post","link":"https:\/\/www.mobilimariani.com\/fr\/natevo-fauteuil-nuvola-luce\/","title":{"rendered":"NATEVO FAUTEUIL NUVOLA DI LUCE"},"content":{"rendered":"<p>NATEVO FAUTEUIL NUVOLA DI LUCE\u00a0design Thesia Progetti &#8211;\u00a0INDISPONIBLE<\/p>\n<p>Allumez-la et votre pi\u00e8ce va s&#8217;allumer soudainement par une lumi\u00e8re diffuse et uniforme. L&#8217;effet dramatique sera d&#8217;un grand impact, mais aussi la sensation visuelle que vous aurez lorsque vos amis s&#8217;assi\u00e9ront sur ces fauteuils particuliers. Vous les verrez presque flotter, volant sur un nuage l\u00e9ger. Disponible en deux versions, avec ou sans lumi\u00e8re. Le fauteuil avec structure en acier est compos\u00e9 d&#8217;un r\u00e9seau \u00e9lastique \u00e0 trois couleurs: blanc, noir et naturel. L\u00e9ger et pratique, ce fauteils est dou\u00e9 d&#8217;un panneau lumineux au niveau du sol et est test\u00e9 pour 200 000 si\u00e8ges. En un mot, vous appr\u00e9cierez tout son confort et sa fonctionnalit\u00e9 plusieurs fois par jour pendant plus de 100 ans.<\/p>\n<p>Pour d\u00e9couvrir la marque Natevo\u00a0<a href=\"https:\/\/www.mobilimariani.com\/rivenditore-natevo\/?lang=fr\">cliquez ici<\/a><\/p>\n<p>Vous voulez conna\u00eetre notre meilleur prix pour cet article?\u00a0<a href=\"https:\/\/www.mobilimariani.com\/fr\/contacts\/\">Cliquez ici<\/a>\u00a0et envoyez-nous la demande<\/p>\n<p>Signale le lieu de livraison et si le montage est n\u00e9c\u00e9ssaire.<\/p>\n<p>Nous livrons dans toute l\u2019Europe,\u00a0Canada, Etats-Unis, Russie, Emirats Arabes Unis et o\u00f9 que vous soyez<\/p>\n","protected":false},"excerpt":{"rendered":"NATEVO FAUTEUIL NUVOLA DI LUCE\u00a0design Thesia Progetti &#8211;\u00a0INDISPONIBLE Allumez-la et votre pi\u00e8ce va s&#8217;allumer soudainement par une lumi\u00e8re diffuse et uniforme. L&#8217;effet dramatique sera d&#8217;un grand impact, mais aussi la sensation visuelle que vous aurez lorsque vos amis s&#8217;assi\u00e9ront sur ces fauteuils particuliers. Vous les verrez presque flotter, volant sur un nuage l\u00e9ger. Disponible en&#8230; <a class=\"view-article\" href=\"https:\/\/www.mobilimariani.com\/fr\/natevo-fauteuil-nuvola-luce\/\">Voir l&#8217;article<\/a>","protected":false},"author":1,"featured_media":0,"comment_status":"closed","ping_status":"closed","sticky":false,"template":"","format":"standard","meta":[],"categories":[18,1,37,32,6],"tags":[],"yoast_head":"<!-- This site is optimized with the Yoast SEO plugin v16.2 - https:\/\/yoast.com\/wordpress\/plugins\/seo\/ -->\n<meta name=\"description\" content=\"NATEVO FAUTEUIL NUVOLA DI LUCE\u00a0design Thesia Progetti -\u00a0INDISPONIBLE Allumez-la et votre pi\u00e8ce va s&#039;allumer soudainement par une lumi\u00e8re diffuse et\" \/>\n<meta name=\"robots\" content=\"index, follow, max-snippet:-1, max-image-preview:large, max-video-preview:-1\" \/>\n<link rel=\"canonical\" href=\"https:\/\/www.mobilimariani.com\/fr\/natevo-fauteuil-nuvola-luce\/\" \/>\n<meta property=\"og:locale\" content=\"fr_FR\" \/>\n<meta property=\"og:type\" content=\"article\" \/>\n<meta property=\"og:title\" content=\"NATEVO FAUTEUIL NUVOLA DI LUCE | Mobili Mariani\" \/>\n<meta property=\"og:description\" content=\"NATEVO FAUTEUIL NUVOLA DI LUCE\u00a0design Thesia Progetti -\u00a0INDISPONIBLE Allumez-la et votre pi\u00e8ce va s&#039;allumer soudainement par une lumi\u00e8re diffuse et\" \/>\n<meta property=\"og:url\" content=\"https:\/\/www.mobilimariani.com\/fr\/natevo-fauteuil-nuvola-luce\/\" \/>\n<meta property=\"og:site_name\" content=\"Mobili Mariani\" \/>\n<meta property=\"article:published_time\" content=\"2014-01-01T10:05:01+00:00\" \/>\n<meta property=\"article:modified_time\" content=\"2018-06-09T16:06:06+00:00\" \/>\n<meta name=\"twitter:label1\" content=\"Est. reading time\">\n\t<meta name=\"twitter:data1\" content=\"1 minute\">\n<script type=\"application\/ld+json\" class=\"yoast-schema-graph\">{\"@context\":\"https:\/\/schema.org\",\"@graph\":[{\"@type\":\"Organization\",\"@id\":\"https:\/\/www.mobilimariani.com\/#organization\",\"name\":\"Mobili Mariani\",\"url\":\"https:\/\/www.mobilimariani.com\/\",\"sameAs\":[],\"logo\":{\"@type\":\"ImageObject\",\"@id\":\"https:\/\/www.mobilimariani.com\/#logo\",\"inLanguage\":\"fr-CH\",\"url\":\"https:\/\/www.mobilimariani.com\/wp-content\/uploads\/2015\/12\/logo.png\",\"contentUrl\":\"https:\/\/www.mobilimariani.com\/wp-content\/uploads\/2015\/12\/logo.png\",\"width\":160,\"height\":110,\"caption\":\"Mobili Mariani\"},\"image\":{\"@id\":\"https:\/\/www.mobilimariani.com\/#logo\"}},{\"@type\":\"WebSite\",\"@id\":\"https:\/\/www.mobilimariani.com\/#website\",\"url\":\"https:\/\/www.mobilimariani.com\/\",\"name\":\"Mobili Mariani\",\"description\":\"Mobili Italia Svizzera\",\"publisher\":{\"@id\":\"https:\/\/www.mobilimariani.com\/#organization\"},\"potentialAction\":[{\"@type\":\"SearchAction\",\"target\":\"https:\/\/www.mobilimariani.com\/?s={search_term_string}\",\"query-input\":\"required name=search_term_string\"}],\"inLanguage\":\"fr-CH\"},{\"@type\":\"WebPage\",\"@id\":\"https:\/\/www.mobilimariani.com\/fr\/natevo-fauteuil-nuvola-luce\/#webpage\",\"url\":\"https:\/\/www.mobilimariani.com\/fr\/natevo-fauteuil-nuvola-luce\/\",\"name\":\"NATEVO FAUTEUIL NUVOLA DI LUCE | Mobili Mariani\",\"isPartOf\":{\"@id\":\"https:\/\/www.mobilimariani.com\/#website\"},\"datePublished\":\"2014-01-01T10:05:01+00:00\",\"dateModified\":\"2018-06-09T16:06:06+00:00\",\"description\":\"NATEVO FAUTEUIL NUVOLA DI LUCE\\u00a0design Thesia Progetti -\\u00a0INDISPONIBLE Allumez-la et votre pi\\u00e8ce va s'allumer soudainement par une lumi\\u00e8re diffuse et\",\"breadcrumb\":{\"@id\":\"https:\/\/www.mobilimariani.com\/fr\/natevo-fauteuil-nuvola-luce\/#breadcrumb\"},\"inLanguage\":\"fr-CH\",\"potentialAction\":[{\"@type\":\"ReadAction\",\"target\":[\"https:\/\/www.mobilimariani.com\/fr\/natevo-fauteuil-nuvola-luce\/\"]}]},{\"@type\":\"BreadcrumbList\",\"@id\":\"https:\/\/www.mobilimariani.com\/fr\/natevo-fauteuil-nuvola-luce\/#breadcrumb\",\"itemListElement\":[{\"@type\":\"ListItem\",\"position\":1,\"item\":{\"@type\":\"WebPage\",\"@id\":\"https:\/\/www.mobilimariani.com\/\",\"url\":\"https:\/\/www.mobilimariani.com\/\",\"name\":\"Home\"}},{\"@type\":\"ListItem\",\"position\":2,\"item\":{\"@id\":\"https:\/\/www.mobilimariani.com\/fr\/natevo-fauteuil-nuvola-luce\/#webpage\"}}]},{\"@type\":\"Article\",\"@id\":\"https:\/\/www.mobilimariani.com\/fr\/natevo-fauteuil-nuvola-luce\/#article\",\"isPartOf\":{\"@id\":\"https:\/\/www.mobilimariani.com\/fr\/natevo-fauteuil-nuvola-luce\/#webpage\"},\"author\":{\"@id\":\"https:\/\/www.mobilimariani.com\/#\/schema\/person\/4685d9f51269134e53f988c9122315f4\"},\"headline\":\"NATEVO FAUTEUIL NUVOLA DI LUCE\",\"datePublished\":\"2014-01-01T10:05:01+00:00\",\"dateModified\":\"2018-06-09T16:06:06+00:00\",\"mainEntityOfPage\":{\"@id\":\"https:\/\/www.mobilimariani.com\/fr\/natevo-fauteuil-nuvola-luce\/#webpage\"},\"publisher\":{\"@id\":\"https:\/\/www.mobilimariani.com\/#organization\"},\"articleSection\":[\"Autre\",\"Catalogue\",\"Contract\",\"Fauteuils\",\"Salle jour\"],\"inLanguage\":\"fr-CH\"},{\"@type\":\"Person\",\"@id\":\"https:\/\/www.mobilimariani.com\/#\/schema\/person\/4685d9f51269134e53f988c9122315f4\",\"name\":\"14m4rC008\",\"image\":{\"@type\":\"ImageObject\",\"@id\":\"https:\/\/www.mobilimariani.com\/#personlogo\",\"inLanguage\":\"fr-CH\",\"url\":\"https:\/\/secure.gravatar.com\/avatar\/dfaa6e536fec7030712cf850e9ddef45?s=96&d=mm&r=g\",\"contentUrl\":\"https:\/\/secure.gravatar.com\/avatar\/dfaa6e536fec7030712cf850e9ddef45?s=96&d=mm&r=g\",\"caption\":\"14m4rC008\"}}]}<\/script>\n<!-- \/ Yoast SEO plugin. -->","_links":{"self":[{"href":"https:\/\/www.mobilimariani.com\/fr\/wp-json\/wp\/v2\/posts\/19529"}],"collection":[{"href":"https:\/\/www.mobilimariani.com\/fr\/wp-json\/wp\/v2\/posts"}],"about":[{"href":"https:\/\/www.mobilimariani.com\/fr\/wp-json\/wp\/v2\/types\/post"}],"author":[{"embeddable":true,"href":"https:\/\/www.mobilimariani.com\/fr\/wp-json\/wp\/v2\/users\/1"}],"replies":[{"embeddable":true,"href":"https:\/\/www.mobilimariani.com\/fr\/wp-json\/wp\/v2\/comments?post=19529"}],"version-history":[{"count":2,"href":"https:\/\/www.mobilimariani.com\/fr\/wp-json\/wp\/v2\/posts\/19529\/revisions"}],"predecessor-version":[{"id":21540,"href":"https:\/\/www.mobilimariani.com\/fr\/wp-json\/wp\/v2\/posts\/19529\/revisions\/21540"}],"wp:attachment":[{"href":"https:\/\/www.mobilimariani.com\/fr\/wp-json\/wp\/v2\/media?parent=19529"}],"wp:term":[{"taxonomy":"category","embeddable":true,"href":"https:\/\/www.mobilimariani.com\/fr\/wp-json\/wp\/v2\/categories?post=19529"},{"taxonomy":"post_tag","embeddable":true,"href":"https:\/\/www.mobilimariani.com\/fr\/wp-json\/wp\/v2\/tags?post=19529"}],"curies":[{"name":"wp","href":"https:\/\/api.w.org\/{rel}","templated":true}]}}