{"id":19416,"date":"2000-01-01T09:39:00","date_gmt":"2000-01-01T08:39:00","guid":{"rendered":"https:\/\/www.mobilimariani.com\/?p=19416"},"modified":"2020-10-06T19:12:19","modified_gmt":"2020-10-06T17:12:19","slug":"zanotta-revetements-et-finitions","status":"publish","type":"post","link":"https:\/\/www.mobilimariani.com\/fr\/zanotta-revetements-et-finitions\/","title":{"rendered":"ZANOTTA REV\u00caTEMENTS ET FINITIONS"},"content":{"rendered":"<p>ZANOTTA REV\u00caTEMENTS ET FINITIONS<\/p>\n<p>Peaux de cuir, cuir, tissus, bois, m\u00e9tal. Les protagonistes qui, dans les mains des plus c\u00e9l\u00e8bres designers italiens et du monde, participent au prestige de la production de Zanotta.<\/p>\n<p>Pour d\u00e9couvrir la marque Zanotta&nbsp;<a href=\"https:\/\/www.mobilimariani.com\/fr\/concessionnaire-zanotta\/\">cliquez ici<\/a><\/p>\n<p>Pour d\u00e9couvrir le catalogue Zanotta, <a href=\"https:\/\/www.mobilimariani.com\/fr\/search\/zanotta\">cliquez ici<\/a><\/p>\n","protected":false},"excerpt":{"rendered":"ZANOTTA REV\u00caTEMENTS ET FINITIONS Peaux de cuir, cuir, tissus, bois, m\u00e9tal. Les protagonistes qui, dans les mains des plus c\u00e9l\u00e8bres designers italiens et du monde, participent au prestige de la production de Zanotta. Pour d\u00e9couvrir la marque Zanotta&nbsp;cliquez ici Pour d\u00e9couvrir le catalogue Zanotta, cliquez ici","protected":false},"author":1,"featured_media":0,"comment_status":"closed","ping_status":"closed","sticky":false,"template":"","format":"standard","meta":[],"categories":[1,9,7,5,32,6,2],"tags":[],"yoast_head":"<!-- This site is optimized with the Yoast SEO plugin v16.2 - https:\/\/yoast.com\/wordpress\/plugins\/seo\/ -->\n<meta name=\"description\" content=\"ZANOTTA REV\u00caTEMENTS ET FINITIONS Peaux de cuir, cuir, tissus, bois, m\u00e9tal. Les protagonistes qui, dans les mains des plus c\u00e9l\u00e8bres designers italiens et\" \/>\n<meta name=\"robots\" content=\"index, follow, max-snippet:-1, max-image-preview:large, max-video-preview:-1\" \/>\n<link rel=\"canonical\" href=\"https:\/\/www.mobilimariani.com\/fr\/zanotta-revetements-et-finitions\/\" \/>\n<meta property=\"og:locale\" content=\"fr_FR\" \/>\n<meta property=\"og:type\" content=\"article\" \/>\n<meta property=\"og:title\" content=\"ZANOTTA REV\u00caTEMENTS ET FINITIONS | Mobili Mariani\" \/>\n<meta property=\"og:description\" content=\"ZANOTTA REV\u00caTEMENTS ET FINITIONS Peaux de cuir, cuir, tissus, bois, m\u00e9tal. Les protagonistes qui, dans les mains des plus c\u00e9l\u00e8bres designers italiens et\" \/>\n<meta property=\"og:url\" content=\"https:\/\/www.mobilimariani.com\/fr\/zanotta-revetements-et-finitions\/\" \/>\n<meta property=\"og:site_name\" content=\"Mobili Mariani\" \/>\n<meta property=\"article:published_time\" content=\"2000-01-01T08:39:00+00:00\" \/>\n<meta property=\"article:modified_time\" content=\"2020-10-06T17:12:19+00:00\" \/>\n<script type=\"application\/ld+json\" class=\"yoast-schema-graph\">{\"@context\":\"https:\/\/schema.org\",\"@graph\":[{\"@type\":\"Organization\",\"@id\":\"https:\/\/www.mobilimariani.com\/#organization\",\"name\":\"Mobili Mariani\",\"url\":\"https:\/\/www.mobilimariani.com\/\",\"sameAs\":[],\"logo\":{\"@type\":\"ImageObject\",\"@id\":\"https:\/\/www.mobilimariani.com\/#logo\",\"inLanguage\":\"fr-CH\",\"url\":\"https:\/\/www.mobilimariani.com\/wp-content\/uploads\/2015\/12\/logo.png\",\"contentUrl\":\"https:\/\/www.mobilimariani.com\/wp-content\/uploads\/2015\/12\/logo.png\",\"width\":160,\"height\":110,\"caption\":\"Mobili Mariani\"},\"image\":{\"@id\":\"https:\/\/www.mobilimariani.com\/#logo\"}},{\"@type\":\"WebSite\",\"@id\":\"https:\/\/www.mobilimariani.com\/#website\",\"url\":\"https:\/\/www.mobilimariani.com\/\",\"name\":\"Mobili Mariani\",\"description\":\"Mobili Italia Svizzera\",\"publisher\":{\"@id\":\"https:\/\/www.mobilimariani.com\/#organization\"},\"potentialAction\":[{\"@type\":\"SearchAction\",\"target\":\"https:\/\/www.mobilimariani.com\/?s={search_term_string}\",\"query-input\":\"required name=search_term_string\"}],\"inLanguage\":\"fr-CH\"},{\"@type\":\"WebPage\",\"@id\":\"https:\/\/www.mobilimariani.com\/fr\/zanotta-revetements-et-finitions\/#webpage\",\"url\":\"https:\/\/www.mobilimariani.com\/fr\/zanotta-revetements-et-finitions\/\",\"name\":\"ZANOTTA REV\\u00caTEMENTS ET FINITIONS | Mobili Mariani\",\"isPartOf\":{\"@id\":\"https:\/\/www.mobilimariani.com\/#website\"},\"datePublished\":\"2000-01-01T08:39:00+00:00\",\"dateModified\":\"2020-10-06T17:12:19+00:00\",\"description\":\"ZANOTTA REV\\u00caTEMENTS ET FINITIONS Peaux de cuir, cuir, tissus, bois, m\\u00e9tal. Les protagonistes qui, dans les mains des plus c\\u00e9l\\u00e8bres designers italiens et\",\"breadcrumb\":{\"@id\":\"https:\/\/www.mobilimariani.com\/fr\/zanotta-revetements-et-finitions\/#breadcrumb\"},\"inLanguage\":\"fr-CH\",\"potentialAction\":[{\"@type\":\"ReadAction\",\"target\":[\"https:\/\/www.mobilimariani.com\/fr\/zanotta-revetements-et-finitions\/\"]}]},{\"@type\":\"BreadcrumbList\",\"@id\":\"https:\/\/www.mobilimariani.com\/fr\/zanotta-revetements-et-finitions\/#breadcrumb\",\"itemListElement\":[{\"@type\":\"ListItem\",\"position\":1,\"item\":{\"@type\":\"WebPage\",\"@id\":\"https:\/\/www.mobilimariani.com\/\",\"url\":\"https:\/\/www.mobilimariani.com\/\",\"name\":\"Home\"}},{\"@type\":\"ListItem\",\"position\":2,\"item\":{\"@id\":\"https:\/\/www.mobilimariani.com\/fr\/zanotta-revetements-et-finitions\/#webpage\"}}]},{\"@type\":\"Article\",\"@id\":\"https:\/\/www.mobilimariani.com\/fr\/zanotta-revetements-et-finitions\/#article\",\"isPartOf\":{\"@id\":\"https:\/\/www.mobilimariani.com\/fr\/zanotta-revetements-et-finitions\/#webpage\"},\"author\":{\"@id\":\"https:\/\/www.mobilimariani.com\/#\/schema\/person\/4685d9f51269134e53f988c9122315f4\"},\"headline\":\"ZANOTTA REV\\u00caTEMENTS ET FINITIONS\",\"datePublished\":\"2000-01-01T08:39:00+00:00\",\"dateModified\":\"2020-10-06T17:12:19+00:00\",\"mainEntityOfPage\":{\"@id\":\"https:\/\/www.mobilimariani.com\/fr\/zanotta-revetements-et-finitions\/#webpage\"},\"publisher\":{\"@id\":\"https:\/\/www.mobilimariani.com\/#organization\"},\"articleSection\":[\"Catalogue\",\"Placards\",\"Sofa\",\"Lits\",\"Fauteuils\",\"Salle jour\",\"Zone nuit\"],\"inLanguage\":\"fr-CH\"},{\"@type\":\"Person\",\"@id\":\"https:\/\/www.mobilimariani.com\/#\/schema\/person\/4685d9f51269134e53f988c9122315f4\",\"name\":\"14m4rC008\",\"image\":{\"@type\":\"ImageObject\",\"@id\":\"https:\/\/www.mobilimariani.com\/#personlogo\",\"inLanguage\":\"fr-CH\",\"url\":\"https:\/\/secure.gravatar.com\/avatar\/dfaa6e536fec7030712cf850e9ddef45?s=96&d=mm&r=g\",\"contentUrl\":\"https:\/\/secure.gravatar.com\/avatar\/dfaa6e536fec7030712cf850e9ddef45?s=96&d=mm&r=g\",\"caption\":\"14m4rC008\"}}]}<\/script>\n<!-- \/ Yoast SEO plugin. -->","_links":{"self":[{"href":"https:\/\/www.mobilimariani.com\/fr\/wp-json\/wp\/v2\/posts\/19416"}],"collection":[{"href":"https:\/\/www.mobilimariani.com\/fr\/wp-json\/wp\/v2\/posts"}],"about":[{"href":"https:\/\/www.mobilimariani.com\/fr\/wp-json\/wp\/v2\/types\/post"}],"author":[{"embeddable":true,"href":"https:\/\/www.mobilimariani.com\/fr\/wp-json\/wp\/v2\/users\/1"}],"replies":[{"embeddable":true,"href":"https:\/\/www.mobilimariani.com\/fr\/wp-json\/wp\/v2\/comments?post=19416"}],"version-history":[{"count":2,"href":"https:\/\/www.mobilimariani.com\/fr\/wp-json\/wp\/v2\/posts\/19416\/revisions"}],"predecessor-version":[{"id":25812,"href":"https:\/\/www.mobilimariani.com\/fr\/wp-json\/wp\/v2\/posts\/19416\/revisions\/25812"}],"wp:attachment":[{"href":"https:\/\/www.mobilimariani.com\/fr\/wp-json\/wp\/v2\/media?parent=19416"}],"wp:term":[{"taxonomy":"category","embeddable":true,"href":"https:\/\/www.mobilimariani.com\/fr\/wp-json\/wp\/v2\/categories?post=19416"},{"taxonomy":"post_tag","embeddable":true,"href":"https:\/\/www.mobilimariani.com\/fr\/wp-json\/wp\/v2\/tags?post=19416"}],"curies":[{"name":"wp","href":"https:\/\/api.w.org\/{rel}","templated":true}]}}