{"id":19106,"date":"2017-08-22T09:30:31","date_gmt":"2017-08-22T07:30:31","guid":{"rendered":"https:\/\/www.mobilimariani.com\/?p=19106"},"modified":"2021-05-15T18:38:48","modified_gmt":"2021-05-15T16:38:48","slug":"ozzio-chaise-blitz","status":"publish","type":"post","link":"https:\/\/www.mobilimariani.com\/fr\/ozzio-chaise-blitz\/","title":{"rendered":"OZZIO CHAISE BLITZ"},"content":{"rendered":"<p>OZZIO CHAISE BLITZ<\/p>\n<p>Le dossier sinueuxde Blitz suit de mani\u00e8re ergonomique la posture pour un confort sup\u00e9rieur. Jambes en m\u00e9tal laqu\u00e9 ton sur ton assorties \u00a0au cuir naturel ou cuir \u00e9co.<\/p>\n<p>D\u00e9tails: Chaise avec structure en m\u00e9tal recouverte de cuir, \u00e9co-cuir, \u00e9co-cuir nabuck ou velvet.<\/p>\n<p>Pour d\u00e9couvrir la marque Ozzio\u00a0<a href=\"https:\/\/www.mobilimariani.com\/fr\/concessionnaire-ozzio-design-2\/\">cliquez ici<\/a><\/p>\n<p>Pour voir toutes nos chaises\u00a0<a href=\"https:\/\/www.mobilimariani.com\/fr\/search\/chaise\">cliquez ici<\/a><\/p>\n<p>Vous voulez conna\u00eetre notre meilleur prix pour cet article?\u00a0<a href=\"https:\/\/www.mobilimariani.com\/fr\/contacts\/\">Cliquez ici<\/a>\u00a0et envoyez-nous la demande<\/p>\n<p>Signale le lieu de livraison.<\/p>\n<p>Nous livrons dans toute l\u2019Europe et o\u00f9 que tu sois.<\/p>\n<p>Pour nos clients suisses, il sera d\u00e9duit l\u2019I.V.A. italienne<\/p>\n","protected":false},"excerpt":{"rendered":"OZZIO CHAISE BLITZ Le dossier sinueuxde Blitz suit de mani\u00e8re ergonomique la posture pour un confort sup\u00e9rieur. Jambes en m\u00e9tal laqu\u00e9 ton sur ton assorties \u00a0au cuir naturel ou cuir \u00e9co. D\u00e9tails: Chaise avec structure en m\u00e9tal recouverte de cuir, \u00e9co-cuir, \u00e9co-cuir nabuck ou velvet. Pour d\u00e9couvrir la marque Ozzio\u00a0cliquez ici Pour voir toutes nos&#8230; <a class=\"view-article\" href=\"https:\/\/www.mobilimariani.com\/fr\/ozzio-chaise-blitz\/\">Voir l&#8217;article<\/a>","protected":false},"author":1,"featured_media":0,"comment_status":"closed","ping_status":"closed","sticky":false,"template":"","format":"standard","meta":[],"categories":[1,16,6],"tags":[],"yoast_head":"<!-- This site is optimized with the Yoast SEO plugin v16.2 - https:\/\/yoast.com\/wordpress\/plugins\/seo\/ -->\n<meta name=\"description\" content=\"OZZIO CHAISE BLITZ Le dossier sinueuxde Blitz suit de mani\u00e8re ergonomique la posture pour un confort sup\u00e9rieur. Jambes en m\u00e9tal laqu\u00e9 ton sur ton\" \/>\n<meta name=\"robots\" content=\"index, follow, max-snippet:-1, max-image-preview:large, max-video-preview:-1\" \/>\n<link rel=\"canonical\" href=\"https:\/\/www.mobilimariani.com\/fr\/ozzio-chaise-blitz\/\" \/>\n<meta property=\"og:locale\" content=\"fr_FR\" \/>\n<meta property=\"og:type\" content=\"article\" \/>\n<meta property=\"og:title\" content=\"OZZIO CHAISE BLITZ | Mobili Mariani\" \/>\n<meta property=\"og:description\" content=\"OZZIO CHAISE BLITZ Le dossier sinueuxde Blitz suit de mani\u00e8re ergonomique la posture pour un confort sup\u00e9rieur. Jambes en m\u00e9tal laqu\u00e9 ton sur ton\" \/>\n<meta property=\"og:url\" content=\"https:\/\/www.mobilimariani.com\/fr\/ozzio-chaise-blitz\/\" \/>\n<meta property=\"og:site_name\" content=\"Mobili Mariani\" \/>\n<meta property=\"article:published_time\" content=\"2017-08-22T07:30:31+00:00\" \/>\n<meta property=\"article:modified_time\" content=\"2021-05-15T16:38:48+00:00\" \/>\n<meta name=\"twitter:label1\" content=\"Est. reading time\">\n\t<meta name=\"twitter:data1\" content=\"1 minute\">\n<script type=\"application\/ld+json\" class=\"yoast-schema-graph\">{\"@context\":\"https:\/\/schema.org\",\"@graph\":[{\"@type\":\"Organization\",\"@id\":\"https:\/\/www.mobilimariani.com\/#organization\",\"name\":\"Mobili Mariani\",\"url\":\"https:\/\/www.mobilimariani.com\/\",\"sameAs\":[],\"logo\":{\"@type\":\"ImageObject\",\"@id\":\"https:\/\/www.mobilimariani.com\/#logo\",\"inLanguage\":\"fr-CH\",\"url\":\"https:\/\/www.mobilimariani.com\/wp-content\/uploads\/2015\/12\/logo.png\",\"contentUrl\":\"https:\/\/www.mobilimariani.com\/wp-content\/uploads\/2015\/12\/logo.png\",\"width\":160,\"height\":110,\"caption\":\"Mobili Mariani\"},\"image\":{\"@id\":\"https:\/\/www.mobilimariani.com\/#logo\"}},{\"@type\":\"WebSite\",\"@id\":\"https:\/\/www.mobilimariani.com\/#website\",\"url\":\"https:\/\/www.mobilimariani.com\/\",\"name\":\"Mobili Mariani\",\"description\":\"Mobili Italia Svizzera\",\"publisher\":{\"@id\":\"https:\/\/www.mobilimariani.com\/#organization\"},\"potentialAction\":[{\"@type\":\"SearchAction\",\"target\":\"https:\/\/www.mobilimariani.com\/?s={search_term_string}\",\"query-input\":\"required name=search_term_string\"}],\"inLanguage\":\"fr-CH\"},{\"@type\":\"WebPage\",\"@id\":\"https:\/\/www.mobilimariani.com\/fr\/ozzio-chaise-blitz\/#webpage\",\"url\":\"https:\/\/www.mobilimariani.com\/fr\/ozzio-chaise-blitz\/\",\"name\":\"OZZIO CHAISE BLITZ | Mobili Mariani\",\"isPartOf\":{\"@id\":\"https:\/\/www.mobilimariani.com\/#website\"},\"datePublished\":\"2017-08-22T07:30:31+00:00\",\"dateModified\":\"2021-05-15T16:38:48+00:00\",\"description\":\"OZZIO CHAISE BLITZ Le dossier sinueuxde Blitz suit de mani\\u00e8re ergonomique la posture pour un confort sup\\u00e9rieur. Jambes en m\\u00e9tal laqu\\u00e9 ton sur ton\",\"breadcrumb\":{\"@id\":\"https:\/\/www.mobilimariani.com\/fr\/ozzio-chaise-blitz\/#breadcrumb\"},\"inLanguage\":\"fr-CH\",\"potentialAction\":[{\"@type\":\"ReadAction\",\"target\":[\"https:\/\/www.mobilimariani.com\/fr\/ozzio-chaise-blitz\/\"]}]},{\"@type\":\"BreadcrumbList\",\"@id\":\"https:\/\/www.mobilimariani.com\/fr\/ozzio-chaise-blitz\/#breadcrumb\",\"itemListElement\":[{\"@type\":\"ListItem\",\"position\":1,\"item\":{\"@type\":\"WebPage\",\"@id\":\"https:\/\/www.mobilimariani.com\/\",\"url\":\"https:\/\/www.mobilimariani.com\/\",\"name\":\"Home\"}},{\"@type\":\"ListItem\",\"position\":2,\"item\":{\"@id\":\"https:\/\/www.mobilimariani.com\/fr\/ozzio-chaise-blitz\/#webpage\"}}]},{\"@type\":\"Article\",\"@id\":\"https:\/\/www.mobilimariani.com\/fr\/ozzio-chaise-blitz\/#article\",\"isPartOf\":{\"@id\":\"https:\/\/www.mobilimariani.com\/fr\/ozzio-chaise-blitz\/#webpage\"},\"author\":{\"@id\":\"https:\/\/www.mobilimariani.com\/#\/schema\/person\/4685d9f51269134e53f988c9122315f4\"},\"headline\":\"OZZIO CHAISE BLITZ\",\"datePublished\":\"2017-08-22T07:30:31+00:00\",\"dateModified\":\"2021-05-15T16:38:48+00:00\",\"mainEntityOfPage\":{\"@id\":\"https:\/\/www.mobilimariani.com\/fr\/ozzio-chaise-blitz\/#webpage\"},\"publisher\":{\"@id\":\"https:\/\/www.mobilimariani.com\/#organization\"},\"articleSection\":[\"Catalogue\",\"Cuisines\",\"Salle jour\"],\"inLanguage\":\"fr-CH\"},{\"@type\":\"Person\",\"@id\":\"https:\/\/www.mobilimariani.com\/#\/schema\/person\/4685d9f51269134e53f988c9122315f4\",\"name\":\"14m4rC008\",\"image\":{\"@type\":\"ImageObject\",\"@id\":\"https:\/\/www.mobilimariani.com\/#personlogo\",\"inLanguage\":\"fr-CH\",\"url\":\"https:\/\/secure.gravatar.com\/avatar\/dfaa6e536fec7030712cf850e9ddef45?s=96&d=mm&r=g\",\"contentUrl\":\"https:\/\/secure.gravatar.com\/avatar\/dfaa6e536fec7030712cf850e9ddef45?s=96&d=mm&r=g\",\"caption\":\"14m4rC008\"}}]}<\/script>\n<!-- \/ Yoast SEO plugin. -->","_links":{"self":[{"href":"https:\/\/www.mobilimariani.com\/fr\/wp-json\/wp\/v2\/posts\/19106"}],"collection":[{"href":"https:\/\/www.mobilimariani.com\/fr\/wp-json\/wp\/v2\/posts"}],"about":[{"href":"https:\/\/www.mobilimariani.com\/fr\/wp-json\/wp\/v2\/types\/post"}],"author":[{"embeddable":true,"href":"https:\/\/www.mobilimariani.com\/fr\/wp-json\/wp\/v2\/users\/1"}],"replies":[{"embeddable":true,"href":"https:\/\/www.mobilimariani.com\/fr\/wp-json\/wp\/v2\/comments?post=19106"}],"version-history":[{"count":4,"href":"https:\/\/www.mobilimariani.com\/fr\/wp-json\/wp\/v2\/posts\/19106\/revisions"}],"predecessor-version":[{"id":26967,"href":"https:\/\/www.mobilimariani.com\/fr\/wp-json\/wp\/v2\/posts\/19106\/revisions\/26967"}],"wp:attachment":[{"href":"https:\/\/www.mobilimariani.com\/fr\/wp-json\/wp\/v2\/media?parent=19106"}],"wp:term":[{"taxonomy":"category","embeddable":true,"href":"https:\/\/www.mobilimariani.com\/fr\/wp-json\/wp\/v2\/categories?post=19106"},{"taxonomy":"post_tag","embeddable":true,"href":"https:\/\/www.mobilimariani.com\/fr\/wp-json\/wp\/v2\/tags?post=19106"}],"curies":[{"name":"wp","href":"https:\/\/api.w.org\/{rel}","templated":true}]}}