{"id":18962,"date":"2017-08-18T09:29:14","date_gmt":"2017-08-18T07:29:14","guid":{"rendered":"https:\/\/www.mobilimariani.com\/?p=18962"},"modified":"2024-11-27T18:17:34","modified_gmt":"2024-11-27T17:17:34","slug":"elli-flli-delo-armoire-idra","status":"publish","type":"post","link":"https:\/\/www.mobilimariani.com\/fr\/elli-flli-delo-armoire-idra\/","title":{"rendered":"ELLI FRATELLI  ARMOIRE IDRA"},"content":{"rendered":"<p>ELLI FLLI DELO ARMOIRE IDRA<\/p>\n<p>La collection d\u2019armoires Delo comporte des structures, des portes lisses et des \u00e9tag\u00e8res structurelles (\u00e9paules de base et chapeaux), constitu\u00e9es d\u2019un syst\u00e8me de tambour exclusif: \u201cTA PRO LITE 50\u201d, qui offre une grande r\u00e9sistance et int\u00e9grit\u00e9 du produit au fil du temps m\u00eame apr\u00e8s plusieurs d\u00e9montages. C\u2019est l\u2019\u00e9volution d\u2019un syst\u00e8me constructif traditionnel, am\u00e9lior\u00e9 selon un sch\u00e9ma \u201csandwich\u201d contenent une structure solide en sapin et un espaceur \u201choney-comb\u201d; Avec une proc\u00e9dure sp\u00e9ciale de collage balanc\u00e9 ((\u201cDouble Deck System\u201d avec de la farine de riz naturel), maintiennet les panneaux stratifi\u00e9s droits dans le temps.<\/p>\n<p>MARIANI CASUAL: meilleur rapport qualit\u00e9-prix dans toutes les versions; Sp\u00e9cialement les versions avec int\u00e9rieur en bois et ext\u00e9rieur laqu\u00e9<\/p>\n<p>Pour choisir la finition\u00a0<a href=\"https:\/\/www.mobilimariani.com\/fr\/18528-2\/\">Cliquez ici<\/a><\/p>\n<p>Pour d\u00e9couvrir la marque Elli Fratelli\u00a0<a href=\"https:\/\/www.mobilimariani.com\/rivenditore-elli-fratelli\/?lang=fr\">cliquez ici<\/a><\/p>\n<p>Vous voulez conna\u00eetre notre meilleur prix pour cet article?\u00a0<a href=\"https:\/\/www.mobilimariani.com\/fr\/contacts\/\">Cliquez ici<\/a>\u00a0et envoyez-nous la demande<\/p>\n<p>Signale le lieu de livraison et si le montage est n\u00e9c\u00e9ssaire.<\/p>\n<p>Nous livrons dans toute l\u2019Europe,\u00a0Canada, Etats-Unis, Russie, Emirats Arabes Unis et o\u00f9 que vous soyez<\/p>\n","protected":false},"excerpt":{"rendered":"ELLI FLLI DELO ARMOIRE IDRA La collection d\u2019armoires Delo comporte des structures, des portes lisses et des \u00e9tag\u00e8res structurelles (\u00e9paules de base et chapeaux), constitu\u00e9es d\u2019un syst\u00e8me de tambour exclusif: \u201cTA PRO LITE 50\u201d, qui offre une grande r\u00e9sistance et int\u00e9grit\u00e9 du produit au fil du temps m\u00eame apr\u00e8s plusieurs d\u00e9montages. C\u2019est l\u2019\u00e9volution d\u2019un syst\u00e8me&#8230; <a class=\"view-article\" href=\"https:\/\/www.mobilimariani.com\/fr\/elli-flli-delo-armoire-idra\/\">Voir l&#8217;article<\/a>","protected":false},"author":1,"featured_media":0,"comment_status":"closed","ping_status":"closed","sticky":false,"template":"","format":"standard","meta":[],"categories":[3,1,39,2],"tags":[],"yoast_head":"<!-- This site is optimized with the Yoast SEO plugin v16.2 - https:\/\/yoast.com\/wordpress\/plugins\/seo\/ -->\n<meta name=\"description\" content=\"ELLI FLLI DELO ARMOIRE IDRA La collection d\u2019armoires Delo comporte des structures, des portes lisses et des \u00e9tag\u00e8res structurelles (\u00e9paules de base et\" \/>\n<meta name=\"robots\" content=\"index, follow, max-snippet:-1, max-image-preview:large, max-video-preview:-1\" \/>\n<link rel=\"canonical\" href=\"https:\/\/www.mobilimariani.com\/fr\/elli-flli-delo-armoire-idra\/\" \/>\n<meta property=\"og:locale\" content=\"fr_FR\" \/>\n<meta property=\"og:type\" content=\"article\" \/>\n<meta property=\"og:title\" content=\"ELLI FRATELLI ARMOIRE IDRA | Mobili Mariani\" \/>\n<meta property=\"og:description\" content=\"ELLI FLLI DELO ARMOIRE IDRA La collection d\u2019armoires Delo comporte des structures, des portes lisses et des \u00e9tag\u00e8res structurelles (\u00e9paules de base et\" \/>\n<meta property=\"og:url\" content=\"https:\/\/www.mobilimariani.com\/fr\/elli-flli-delo-armoire-idra\/\" \/>\n<meta property=\"og:site_name\" content=\"Mobili Mariani\" \/>\n<meta property=\"article:published_time\" content=\"2017-08-18T07:29:14+00:00\" \/>\n<meta property=\"article:modified_time\" content=\"2024-11-27T17:17:34+00:00\" \/>\n<meta name=\"twitter:label1\" content=\"Est. reading time\">\n\t<meta name=\"twitter:data1\" content=\"1 minute\">\n<script type=\"application\/ld+json\" class=\"yoast-schema-graph\">{\"@context\":\"https:\/\/schema.org\",\"@graph\":[{\"@type\":\"Organization\",\"@id\":\"https:\/\/www.mobilimariani.com\/#organization\",\"name\":\"Mobili Mariani\",\"url\":\"https:\/\/www.mobilimariani.com\/\",\"sameAs\":[],\"logo\":{\"@type\":\"ImageObject\",\"@id\":\"https:\/\/www.mobilimariani.com\/#logo\",\"inLanguage\":\"fr-CH\",\"url\":\"https:\/\/www.mobilimariani.com\/wp-content\/uploads\/2015\/12\/logo.png\",\"contentUrl\":\"https:\/\/www.mobilimariani.com\/wp-content\/uploads\/2015\/12\/logo.png\",\"width\":160,\"height\":110,\"caption\":\"Mobili Mariani\"},\"image\":{\"@id\":\"https:\/\/www.mobilimariani.com\/#logo\"}},{\"@type\":\"WebSite\",\"@id\":\"https:\/\/www.mobilimariani.com\/#website\",\"url\":\"https:\/\/www.mobilimariani.com\/\",\"name\":\"Mobili Mariani\",\"description\":\"Mobili Italia Svizzera\",\"publisher\":{\"@id\":\"https:\/\/www.mobilimariani.com\/#organization\"},\"potentialAction\":[{\"@type\":\"SearchAction\",\"target\":\"https:\/\/www.mobilimariani.com\/?s={search_term_string}\",\"query-input\":\"required name=search_term_string\"}],\"inLanguage\":\"fr-CH\"},{\"@type\":\"WebPage\",\"@id\":\"https:\/\/www.mobilimariani.com\/fr\/elli-flli-delo-armoire-idra\/#webpage\",\"url\":\"https:\/\/www.mobilimariani.com\/fr\/elli-flli-delo-armoire-idra\/\",\"name\":\"ELLI FRATELLI ARMOIRE IDRA | Mobili Mariani\",\"isPartOf\":{\"@id\":\"https:\/\/www.mobilimariani.com\/#website\"},\"datePublished\":\"2017-08-18T07:29:14+00:00\",\"dateModified\":\"2024-11-27T17:17:34+00:00\",\"description\":\"ELLI FLLI DELO ARMOIRE IDRA La collection d\\u2019armoires Delo comporte des structures, des portes lisses et des \\u00e9tag\\u00e8res structurelles (\\u00e9paules de base et\",\"breadcrumb\":{\"@id\":\"https:\/\/www.mobilimariani.com\/fr\/elli-flli-delo-armoire-idra\/#breadcrumb\"},\"inLanguage\":\"fr-CH\",\"potentialAction\":[{\"@type\":\"ReadAction\",\"target\":[\"https:\/\/www.mobilimariani.com\/fr\/elli-flli-delo-armoire-idra\/\"]}]},{\"@type\":\"BreadcrumbList\",\"@id\":\"https:\/\/www.mobilimariani.com\/fr\/elli-flli-delo-armoire-idra\/#breadcrumb\",\"itemListElement\":[{\"@type\":\"ListItem\",\"position\":1,\"item\":{\"@type\":\"WebPage\",\"@id\":\"https:\/\/www.mobilimariani.com\/\",\"url\":\"https:\/\/www.mobilimariani.com\/\",\"name\":\"Home\"}},{\"@type\":\"ListItem\",\"position\":2,\"item\":{\"@id\":\"https:\/\/www.mobilimariani.com\/fr\/elli-flli-delo-armoire-idra\/#webpage\"}}]},{\"@type\":\"Article\",\"@id\":\"https:\/\/www.mobilimariani.com\/fr\/elli-flli-delo-armoire-idra\/#article\",\"isPartOf\":{\"@id\":\"https:\/\/www.mobilimariani.com\/fr\/elli-flli-delo-armoire-idra\/#webpage\"},\"author\":{\"@id\":\"https:\/\/www.mobilimariani.com\/#\/schema\/person\/4685d9f51269134e53f988c9122315f4\"},\"headline\":\"ELLI FRATELLI ARMOIRE IDRA\",\"datePublished\":\"2017-08-18T07:29:14+00:00\",\"dateModified\":\"2024-11-27T17:17:34+00:00\",\"mainEntityOfPage\":{\"@id\":\"https:\/\/www.mobilimariani.com\/fr\/elli-flli-delo-armoire-idra\/#webpage\"},\"publisher\":{\"@id\":\"https:\/\/www.mobilimariani.com\/#organization\"},\"articleSection\":[\"Armoires\",\"Catalogue\",\"Mariani casual\",\"Zone nuit\"],\"inLanguage\":\"fr-CH\"},{\"@type\":\"Person\",\"@id\":\"https:\/\/www.mobilimariani.com\/#\/schema\/person\/4685d9f51269134e53f988c9122315f4\",\"name\":\"14m4rC008\",\"image\":{\"@type\":\"ImageObject\",\"@id\":\"https:\/\/www.mobilimariani.com\/#personlogo\",\"inLanguage\":\"fr-CH\",\"url\":\"https:\/\/secure.gravatar.com\/avatar\/dfaa6e536fec7030712cf850e9ddef45?s=96&d=mm&r=g\",\"contentUrl\":\"https:\/\/secure.gravatar.com\/avatar\/dfaa6e536fec7030712cf850e9ddef45?s=96&d=mm&r=g\",\"caption\":\"14m4rC008\"}}]}<\/script>\n<!-- \/ Yoast SEO plugin. -->","_links":{"self":[{"href":"https:\/\/www.mobilimariani.com\/fr\/wp-json\/wp\/v2\/posts\/18962"}],"collection":[{"href":"https:\/\/www.mobilimariani.com\/fr\/wp-json\/wp\/v2\/posts"}],"about":[{"href":"https:\/\/www.mobilimariani.com\/fr\/wp-json\/wp\/v2\/types\/post"}],"author":[{"embeddable":true,"href":"https:\/\/www.mobilimariani.com\/fr\/wp-json\/wp\/v2\/users\/1"}],"replies":[{"embeddable":true,"href":"https:\/\/www.mobilimariani.com\/fr\/wp-json\/wp\/v2\/comments?post=18962"}],"version-history":[{"count":1,"href":"https:\/\/www.mobilimariani.com\/fr\/wp-json\/wp\/v2\/posts\/18962\/revisions"}],"predecessor-version":[{"id":18963,"href":"https:\/\/www.mobilimariani.com\/fr\/wp-json\/wp\/v2\/posts\/18962\/revisions\/18963"}],"wp:attachment":[{"href":"https:\/\/www.mobilimariani.com\/fr\/wp-json\/wp\/v2\/media?parent=18962"}],"wp:term":[{"taxonomy":"category","embeddable":true,"href":"https:\/\/www.mobilimariani.com\/fr\/wp-json\/wp\/v2\/categories?post=18962"},{"taxonomy":"post_tag","embeddable":true,"href":"https:\/\/www.mobilimariani.com\/fr\/wp-json\/wp\/v2\/tags?post=18962"}],"curies":[{"name":"wp","href":"https:\/\/api.w.org\/{rel}","templated":true}]}}