{"id":18945,"date":"2017-08-17T18:50:59","date_gmt":"2017-08-17T16:50:59","guid":{"rendered":"https:\/\/www.mobilimariani.com\/?p=18945"},"modified":"2021-07-31T18:13:41","modified_gmt":"2021-07-31T16:13:41","slug":"elli-flli-lit-double-lm12","status":"publish","type":"post","link":"https:\/\/www.mobilimariani.com\/fr\/elli-flli-lit-double-lm12\/","title":{"rendered":"ELLI FLLI LIT DOUBLE LM12"},"content":{"rendered":"<p>ELLI FLLI LIT DOUBLE LM12<\/p>\n<p>La t\u00eate de lit rembourr\u00e9e de LM12 peut \u00eatre adapt\u00e9e \u00e0 des sommiers en bois de forme diff\u00e9rente, avec des bases compl\u00e8tement rembourr\u00e9s, \u00e0 la fois avec bande haute ou bien avec bande basse; \u00e9galement disponible dans une version avec conteneur \u00e0 double ouverture.<\/p>\n<p>Dans les premi\u00e8res images du LM12 lit double est pr\u00e9sent\u00e9 avec t\u00eate de lit rembourr\u00e9 et sommier \u00ab Q \u00bb avec p\u00e9rim\u00e8tre en bois \u00e9quarri.<\/p>\n<p>La t\u00eate de lit peut \u00eatre recouverte de tissu, cuir, alcantara et faux-cuir.<\/p>\n<p>P\u00e9rim\u00e8tre lit r\u00e9alisable en noyer, cerisier, fr\u00eane, laqu\u00e9, noyer, tissu, cuir, alcantara et faux-cuir.<\/p>\n<p>Groupe commode, hebdomadaire et chevet autour du lit de la ligne Logo.<\/p>\n<p>Pour choisir la finition\u00a0<a href=\"https:\/\/www.mobilimariani.com\/fr\/18528-2\/\">Cliquez ici<\/a><\/p>\n<p>Pour d\u00e9couvrir la marque Elli Fratelli\u00a0<a href=\"https:\/\/www.mobilimariani.com\/rivenditore-elli-fratelli\/?lang=fr\">cliquez ici<\/a><\/p>\n<p>Pour d\u00e9couvrir le catalogue de tous nos lits\u00a0<a href=\"https:\/\/www.mobilimariani.com\/fr\/search\/lit\">cliquez ici<\/a><\/p>\n<p>Vous voulez conna\u00eetre notre meilleur prix pour cet article?\u00a0<a href=\"https:\/\/www.mobilimariani.com\/fr\/contacts\/\">Cliquez ici<\/a>\u00a0et envoyez-nous la demande indiquant le lieu d\u2019exp\u00e9dition<\/p>\n<p>Pour nos clients suisses, la TVA italienne sera d\u00e9duite.<\/p>\n","protected":false},"excerpt":{"rendered":"ELLI FLLI LIT DOUBLE LM12 La t\u00eate de lit rembourr\u00e9e de LM12 peut \u00eatre adapt\u00e9e \u00e0 des sommiers en bois de forme diff\u00e9rente, avec des bases compl\u00e8tement rembourr\u00e9s, \u00e0 la fois avec bande haute ou bien avec bande basse; \u00e9galement disponible dans une version avec conteneur \u00e0 double ouverture. Dans les premi\u00e8res images du LM12&#8230; <a class=\"view-article\" href=\"https:\/\/www.mobilimariani.com\/fr\/elli-flli-lit-double-lm12\/\">Voir l&#8217;article<\/a>","protected":false},"author":1,"featured_media":0,"comment_status":"closed","ping_status":"closed","sticky":false,"template":"","format":"standard","meta":[],"categories":[1,5,2],"tags":[],"yoast_head":"<!-- This site is optimized with the Yoast SEO plugin v16.2 - https:\/\/yoast.com\/wordpress\/plugins\/seo\/ -->\n<meta name=\"description\" content=\"ELLI FLLI LIT DOUBLE LM12 La t\u00eate de lit rembourr\u00e9e de LM12 peut \u00eatre adapt\u00e9e \u00e0 des sommiers en bois de forme diff\u00e9rente, avec des bases compl\u00e8tement\" \/>\n<meta name=\"robots\" content=\"index, follow, max-snippet:-1, max-image-preview:large, max-video-preview:-1\" \/>\n<link rel=\"canonical\" href=\"https:\/\/www.mobilimariani.com\/fr\/elli-flli-lit-double-lm12\/\" \/>\n<meta property=\"og:locale\" content=\"fr_FR\" \/>\n<meta property=\"og:type\" content=\"article\" \/>\n<meta property=\"og:title\" content=\"ELLI FLLI LIT DOUBLE LM12 | Mobili Mariani\" \/>\n<meta property=\"og:description\" content=\"ELLI FLLI LIT DOUBLE LM12 La t\u00eate de lit rembourr\u00e9e de LM12 peut \u00eatre adapt\u00e9e \u00e0 des sommiers en bois de forme diff\u00e9rente, avec des bases compl\u00e8tement\" \/>\n<meta property=\"og:url\" content=\"https:\/\/www.mobilimariani.com\/fr\/elli-flli-lit-double-lm12\/\" \/>\n<meta property=\"og:site_name\" content=\"Mobili Mariani\" \/>\n<meta property=\"article:published_time\" content=\"2017-08-17T16:50:59+00:00\" \/>\n<meta property=\"article:modified_time\" content=\"2021-07-31T16:13:41+00:00\" \/>\n<meta name=\"twitter:label1\" content=\"Est. reading time\">\n\t<meta name=\"twitter:data1\" content=\"1 minute\">\n<script type=\"application\/ld+json\" class=\"yoast-schema-graph\">{\"@context\":\"https:\/\/schema.org\",\"@graph\":[{\"@type\":\"Organization\",\"@id\":\"https:\/\/www.mobilimariani.com\/#organization\",\"name\":\"Mobili Mariani\",\"url\":\"https:\/\/www.mobilimariani.com\/\",\"sameAs\":[],\"logo\":{\"@type\":\"ImageObject\",\"@id\":\"https:\/\/www.mobilimariani.com\/#logo\",\"inLanguage\":\"fr-CH\",\"url\":\"https:\/\/www.mobilimariani.com\/wp-content\/uploads\/2015\/12\/logo.png\",\"contentUrl\":\"https:\/\/www.mobilimariani.com\/wp-content\/uploads\/2015\/12\/logo.png\",\"width\":160,\"height\":110,\"caption\":\"Mobili Mariani\"},\"image\":{\"@id\":\"https:\/\/www.mobilimariani.com\/#logo\"}},{\"@type\":\"WebSite\",\"@id\":\"https:\/\/www.mobilimariani.com\/#website\",\"url\":\"https:\/\/www.mobilimariani.com\/\",\"name\":\"Mobili Mariani\",\"description\":\"Mobili Italia Svizzera\",\"publisher\":{\"@id\":\"https:\/\/www.mobilimariani.com\/#organization\"},\"potentialAction\":[{\"@type\":\"SearchAction\",\"target\":\"https:\/\/www.mobilimariani.com\/?s={search_term_string}\",\"query-input\":\"required name=search_term_string\"}],\"inLanguage\":\"fr-CH\"},{\"@type\":\"WebPage\",\"@id\":\"https:\/\/www.mobilimariani.com\/fr\/elli-flli-lit-double-lm12\/#webpage\",\"url\":\"https:\/\/www.mobilimariani.com\/fr\/elli-flli-lit-double-lm12\/\",\"name\":\"ELLI FLLI LIT DOUBLE LM12 | Mobili Mariani\",\"isPartOf\":{\"@id\":\"https:\/\/www.mobilimariani.com\/#website\"},\"datePublished\":\"2017-08-17T16:50:59+00:00\",\"dateModified\":\"2021-07-31T16:13:41+00:00\",\"description\":\"ELLI FLLI LIT DOUBLE LM12 La t\\u00eate de lit rembourr\\u00e9e de LM12 peut \\u00eatre adapt\\u00e9e \\u00e0 des sommiers en bois de forme diff\\u00e9rente, avec des bases compl\\u00e8tement\",\"breadcrumb\":{\"@id\":\"https:\/\/www.mobilimariani.com\/fr\/elli-flli-lit-double-lm12\/#breadcrumb\"},\"inLanguage\":\"fr-CH\",\"potentialAction\":[{\"@type\":\"ReadAction\",\"target\":[\"https:\/\/www.mobilimariani.com\/fr\/elli-flli-lit-double-lm12\/\"]}]},{\"@type\":\"BreadcrumbList\",\"@id\":\"https:\/\/www.mobilimariani.com\/fr\/elli-flli-lit-double-lm12\/#breadcrumb\",\"itemListElement\":[{\"@type\":\"ListItem\",\"position\":1,\"item\":{\"@type\":\"WebPage\",\"@id\":\"https:\/\/www.mobilimariani.com\/\",\"url\":\"https:\/\/www.mobilimariani.com\/\",\"name\":\"Home\"}},{\"@type\":\"ListItem\",\"position\":2,\"item\":{\"@id\":\"https:\/\/www.mobilimariani.com\/fr\/elli-flli-lit-double-lm12\/#webpage\"}}]},{\"@type\":\"Article\",\"@id\":\"https:\/\/www.mobilimariani.com\/fr\/elli-flli-lit-double-lm12\/#article\",\"isPartOf\":{\"@id\":\"https:\/\/www.mobilimariani.com\/fr\/elli-flli-lit-double-lm12\/#webpage\"},\"author\":{\"@id\":\"https:\/\/www.mobilimariani.com\/#\/schema\/person\/4685d9f51269134e53f988c9122315f4\"},\"headline\":\"ELLI FLLI LIT DOUBLE LM12\",\"datePublished\":\"2017-08-17T16:50:59+00:00\",\"dateModified\":\"2021-07-31T16:13:41+00:00\",\"mainEntityOfPage\":{\"@id\":\"https:\/\/www.mobilimariani.com\/fr\/elli-flli-lit-double-lm12\/#webpage\"},\"publisher\":{\"@id\":\"https:\/\/www.mobilimariani.com\/#organization\"},\"articleSection\":[\"Catalogue\",\"Lits\",\"Zone nuit\"],\"inLanguage\":\"fr-CH\"},{\"@type\":\"Person\",\"@id\":\"https:\/\/www.mobilimariani.com\/#\/schema\/person\/4685d9f51269134e53f988c9122315f4\",\"name\":\"14m4rC008\",\"image\":{\"@type\":\"ImageObject\",\"@id\":\"https:\/\/www.mobilimariani.com\/#personlogo\",\"inLanguage\":\"fr-CH\",\"url\":\"https:\/\/secure.gravatar.com\/avatar\/dfaa6e536fec7030712cf850e9ddef45?s=96&d=mm&r=g\",\"contentUrl\":\"https:\/\/secure.gravatar.com\/avatar\/dfaa6e536fec7030712cf850e9ddef45?s=96&d=mm&r=g\",\"caption\":\"14m4rC008\"}}]}<\/script>\n<!-- \/ Yoast SEO plugin. -->","_links":{"self":[{"href":"https:\/\/www.mobilimariani.com\/fr\/wp-json\/wp\/v2\/posts\/18945"}],"collection":[{"href":"https:\/\/www.mobilimariani.com\/fr\/wp-json\/wp\/v2\/posts"}],"about":[{"href":"https:\/\/www.mobilimariani.com\/fr\/wp-json\/wp\/v2\/types\/post"}],"author":[{"embeddable":true,"href":"https:\/\/www.mobilimariani.com\/fr\/wp-json\/wp\/v2\/users\/1"}],"replies":[{"embeddable":true,"href":"https:\/\/www.mobilimariani.com\/fr\/wp-json\/wp\/v2\/comments?post=18945"}],"version-history":[{"count":2,"href":"https:\/\/www.mobilimariani.com\/fr\/wp-json\/wp\/v2\/posts\/18945\/revisions"}],"predecessor-version":[{"id":27405,"href":"https:\/\/www.mobilimariani.com\/fr\/wp-json\/wp\/v2\/posts\/18945\/revisions\/27405"}],"wp:attachment":[{"href":"https:\/\/www.mobilimariani.com\/fr\/wp-json\/wp\/v2\/media?parent=18945"}],"wp:term":[{"taxonomy":"category","embeddable":true,"href":"https:\/\/www.mobilimariani.com\/fr\/wp-json\/wp\/v2\/categories?post=18945"},{"taxonomy":"post_tag","embeddable":true,"href":"https:\/\/www.mobilimariani.com\/fr\/wp-json\/wp\/v2\/tags?post=18945"}],"curies":[{"name":"wp","href":"https:\/\/api.w.org\/{rel}","templated":true}]}}