{"id":18917,"date":"2017-08-17T18:19:17","date_gmt":"2017-08-17T16:19:17","guid":{"rendered":"https:\/\/www.mobilimariani.com\/?p=18917"},"modified":"2021-07-31T18:18:09","modified_gmt":"2021-07-31T16:18:09","slug":"elli-flli-lits-textiles-delo","status":"publish","type":"post","link":"https:\/\/www.mobilimariani.com\/fr\/elli-flli-lits-textiles-delo\/","title":{"rendered":"ELLI FLLI LITS TEXTILES DELO"},"content":{"rendered":"<p>ELLI FLLI LITS TEXTILES DELO<\/p>\n<p>Un meuble est comme une robe que on aime porter: il exprime notre caract\u00e8re et notre personnalit\u00e9. Il transmet la vitalit\u00e9 et l&#8217;\u00e9nergie et il nous fait sentir bien. Il nous fait\u00a0\u00a0\u00eatre \u00e0 l&#8217;aise parmis\u00a0les choses que nous pr\u00e9f\u00e9rons; Il nous fait vivre, grandir et \u00e9tudier dans une belle maison, ami confortable. C&#8217;est pour \u00e7a que DELO a mis au point une s\u00e9rie de propositions extraordinaires: de nombreux lits sont disponibles dans diff\u00e9rentes tailles et ils sont \u00e9galement disponibles avec un grand conteneur sous la plaque; de nombreux types de t\u00eates de lit rembourr\u00e9es, avec des poches de rangement pratiques ou arrondies, sont r\u00e9alisables avec des mat\u00e9riaux pratiques et robustes tels que le tissu en jeans.<\/p>\n<p>Les t\u00eates de lit rembourr\u00e9es sont disponibles dans divers mod\u00e8les interchangeables: \u00e0 lacets nou\u00e9s et cape amovible, de forme incurv\u00e9e, avec la forme d&#8217;un \u00ab coussin \u00bb ou parall\u00e9l\u00e9pip\u00e8de convexe. La base du lit peut \u00eatre un lit autour \u00e9lev\u00e9 arceau rembourr\u00e9, ou un mod\u00e8le rev\u00eatu de cuir, alcantara, tissu ou finition du bois. Afin de faciliter les op\u00e9rations de nettoyage de la t\u00eate de lit capitonn\u00e9e deux que le contour couvert sont amovibles et les versions de basculement, avec un r\u00e9servoir de sous-r\u00e9seau ont des fonds facilement amovible.\u00a0\u00e0 l&#8217;aise au milieu des choses que nous pr\u00e9f\u00e9rons; Il nous fait vivre, grandir et \u00e9tudier dans une belle maison, un ami confortable. Pour cette raison DELO a mis au point une s\u00e9rie de propositions extraordinaires: de nombreux lits sont disponibles dans diff\u00e9rentes tailles et sont \u00e9galement disponibles avec un grand r\u00e9cipient sous la plaque; de nombreux types de t\u00eates de lit rembourr\u00e9es, avec des poches de rangement pratiques ou arrondies, sont r\u00e9alisables avec des mat\u00e9riaux pratiques et robustes tels que le tissu en jeans.<\/p>\n<p>Les t\u00eates de lit rembourr\u00e9es sont disponibles dans divers mod\u00e8les interchangeables: \u00e0 lacets nou\u00e9s et cape amovible, de forme incurv\u00e9e, avec la forme d&#8217;un \u00ab coussin \u00bb ou parall\u00e9l\u00e9pip\u00e8de bomb\u00e9. La base du lit peut \u00eatre un tourne lit \u00e0 bande haute rembourr\u00e9, ou un mod\u00e8le rev\u00eatu de cuir, alcantara, tissu ou finition du bois. Afin de faciliter les op\u00e9rations de nettoyage de la t\u00eate de lit rembourr\u00e9 que de la silhoutte revetue, les couverts sont amovibles et les versions \u00e0 conteneur, avec une\u00a0bo\u00eete de sous-r\u00e9seau ont des fonds facilement amovibles.<\/p>\n<p>Certains entre les mod\u00e8les de lits rembourr\u00e9s peuvent \u00eatre r\u00e9alis\u00e9s dans des dimensions sp\u00e9ciales: par exemple, la largeur d&#8217;un carr\u00e9 et demi avec grille cm. 120.<\/p>\n<p>MARIANI CASUAL: meilleur rapport qualit\u00e9 \/ prix dans toutes les versions.<\/p>\n<p>Pour choisir la finition\u00a0<a href=\"https:\/\/www.mobilimariani.com\/fr\/18528-2\/\">Cliquez ici<\/a><\/p>\n<p>Pour d\u00e9couvrir la marque Elli Fratelli\u00a0<a href=\"https:\/\/www.mobilimariani.com\/rivenditore-elli-fratelli\/?lang=fr\">cliquez ici<\/a><\/p>\n<p>Pour d\u00e9couvrir le catalogue de tous nos lits\u00a0<a href=\"https:\/\/www.mobilimariani.com\/fr\/search\/lit\">cliquez ici<\/a><\/p>\n<p>Vous voulez conna\u00eetre notre meilleur prix pour cet article?\u00a0<a href=\"https:\/\/www.mobilimariani.com\/fr\/contacts\/\">Cliquez ici<\/a>\u00a0et envoyez-nous la demande indiquant le lieu d\u2019exp\u00e9dition<\/p>\n<p>Pour nos clients suisses, la TVA italienne sera d\u00e9duite.<\/p>\n","protected":false},"excerpt":{"rendered":"ELLI FLLI LITS TEXTILES DELO Un meuble est comme une robe que on aime porter: il exprime notre caract\u00e8re et notre personnalit\u00e9. Il transmet la vitalit\u00e9 et l&#8217;\u00e9nergie et il nous fait sentir bien. Il nous fait\u00a0\u00a0\u00eatre \u00e0 l&#8217;aise parmis\u00a0les choses que nous pr\u00e9f\u00e9rons; Il nous fait vivre, grandir et \u00e9tudier dans une belle maison,&#8230; <a class=\"view-article\" href=\"https:\/\/www.mobilimariani.com\/fr\/elli-flli-lits-textiles-delo\/\">Voir l&#8217;article<\/a>","protected":false},"author":1,"featured_media":0,"comment_status":"closed","ping_status":"closed","sticky":false,"template":"","format":"standard","meta":[],"categories":[36,1,39],"tags":[],"yoast_head":"<!-- This site is optimized with the Yoast SEO plugin v16.2 - https:\/\/yoast.com\/wordpress\/plugins\/seo\/ -->\n<meta name=\"description\" content=\"ELLI FLLI LITS TEXTILES DELO Un meuble est comme une robe que on aime porter: il exprime notre caract\u00e8re et notre personnalit\u00e9. Il transmet la vitalit\u00e9 et\" \/>\n<meta name=\"robots\" content=\"index, follow, max-snippet:-1, max-image-preview:large, max-video-preview:-1\" \/>\n<link rel=\"canonical\" href=\"https:\/\/www.mobilimariani.com\/fr\/elli-flli-lits-textiles-delo\/\" \/>\n<meta property=\"og:locale\" content=\"fr_FR\" \/>\n<meta property=\"og:type\" content=\"article\" \/>\n<meta property=\"og:title\" content=\"ELLI FLLI LITS TEXTILES DELO | Mobili Mariani\" \/>\n<meta property=\"og:description\" content=\"ELLI FLLI LITS TEXTILES DELO Un meuble est comme une robe que on aime porter: il exprime notre caract\u00e8re et notre personnalit\u00e9. Il transmet la vitalit\u00e9 et\" \/>\n<meta property=\"og:url\" content=\"https:\/\/www.mobilimariani.com\/fr\/elli-flli-lits-textiles-delo\/\" \/>\n<meta property=\"og:site_name\" content=\"Mobili Mariani\" \/>\n<meta property=\"article:published_time\" content=\"2017-08-17T16:19:17+00:00\" \/>\n<meta property=\"article:modified_time\" content=\"2021-07-31T16:18:09+00:00\" \/>\n<meta name=\"twitter:label1\" content=\"Est. reading time\">\n\t<meta name=\"twitter:data1\" content=\"3 minutes\">\n<script type=\"application\/ld+json\" class=\"yoast-schema-graph\">{\"@context\":\"https:\/\/schema.org\",\"@graph\":[{\"@type\":\"Organization\",\"@id\":\"https:\/\/www.mobilimariani.com\/#organization\",\"name\":\"Mobili Mariani\",\"url\":\"https:\/\/www.mobilimariani.com\/\",\"sameAs\":[],\"logo\":{\"@type\":\"ImageObject\",\"@id\":\"https:\/\/www.mobilimariani.com\/#logo\",\"inLanguage\":\"fr-CH\",\"url\":\"https:\/\/www.mobilimariani.com\/wp-content\/uploads\/2015\/12\/logo.png\",\"contentUrl\":\"https:\/\/www.mobilimariani.com\/wp-content\/uploads\/2015\/12\/logo.png\",\"width\":160,\"height\":110,\"caption\":\"Mobili Mariani\"},\"image\":{\"@id\":\"https:\/\/www.mobilimariani.com\/#logo\"}},{\"@type\":\"WebSite\",\"@id\":\"https:\/\/www.mobilimariani.com\/#website\",\"url\":\"https:\/\/www.mobilimariani.com\/\",\"name\":\"Mobili Mariani\",\"description\":\"Mobili Italia Svizzera\",\"publisher\":{\"@id\":\"https:\/\/www.mobilimariani.com\/#organization\"},\"potentialAction\":[{\"@type\":\"SearchAction\",\"target\":\"https:\/\/www.mobilimariani.com\/?s={search_term_string}\",\"query-input\":\"required name=search_term_string\"}],\"inLanguage\":\"fr-CH\"},{\"@type\":\"WebPage\",\"@id\":\"https:\/\/www.mobilimariani.com\/fr\/elli-flli-lits-textiles-delo\/#webpage\",\"url\":\"https:\/\/www.mobilimariani.com\/fr\/elli-flli-lits-textiles-delo\/\",\"name\":\"ELLI FLLI LITS TEXTILES DELO | Mobili Mariani\",\"isPartOf\":{\"@id\":\"https:\/\/www.mobilimariani.com\/#website\"},\"datePublished\":\"2017-08-17T16:19:17+00:00\",\"dateModified\":\"2021-07-31T16:18:09+00:00\",\"description\":\"ELLI FLLI LITS TEXTILES DELO Un meuble est comme une robe que on aime porter: il exprime notre caract\\u00e8re et notre personnalit\\u00e9. Il transmet la vitalit\\u00e9 et\",\"breadcrumb\":{\"@id\":\"https:\/\/www.mobilimariani.com\/fr\/elli-flli-lits-textiles-delo\/#breadcrumb\"},\"inLanguage\":\"fr-CH\",\"potentialAction\":[{\"@type\":\"ReadAction\",\"target\":[\"https:\/\/www.mobilimariani.com\/fr\/elli-flli-lits-textiles-delo\/\"]}]},{\"@type\":\"BreadcrumbList\",\"@id\":\"https:\/\/www.mobilimariani.com\/fr\/elli-flli-lits-textiles-delo\/#breadcrumb\",\"itemListElement\":[{\"@type\":\"ListItem\",\"position\":1,\"item\":{\"@type\":\"WebPage\",\"@id\":\"https:\/\/www.mobilimariani.com\/\",\"url\":\"https:\/\/www.mobilimariani.com\/\",\"name\":\"Home\"}},{\"@type\":\"ListItem\",\"position\":2,\"item\":{\"@id\":\"https:\/\/www.mobilimariani.com\/fr\/elli-flli-lits-textiles-delo\/#webpage\"}}]},{\"@type\":\"Article\",\"@id\":\"https:\/\/www.mobilimariani.com\/fr\/elli-flli-lits-textiles-delo\/#article\",\"isPartOf\":{\"@id\":\"https:\/\/www.mobilimariani.com\/fr\/elli-flli-lits-textiles-delo\/#webpage\"},\"author\":{\"@id\":\"https:\/\/www.mobilimariani.com\/#\/schema\/person\/4685d9f51269134e53f988c9122315f4\"},\"headline\":\"ELLI FLLI LITS TEXTILES DELO\",\"datePublished\":\"2017-08-17T16:19:17+00:00\",\"dateModified\":\"2021-07-31T16:18:09+00:00\",\"mainEntityOfPage\":{\"@id\":\"https:\/\/www.mobilimariani.com\/fr\/elli-flli-lits-textiles-delo\/#webpage\"},\"publisher\":{\"@id\":\"https:\/\/www.mobilimariani.com\/#organization\"},\"articleSection\":[\"Chambres d&rsquo;enfants\",\"Catalogue\",\"Mariani casual\"],\"inLanguage\":\"fr-CH\"},{\"@type\":\"Person\",\"@id\":\"https:\/\/www.mobilimariani.com\/#\/schema\/person\/4685d9f51269134e53f988c9122315f4\",\"name\":\"14m4rC008\",\"image\":{\"@type\":\"ImageObject\",\"@id\":\"https:\/\/www.mobilimariani.com\/#personlogo\",\"inLanguage\":\"fr-CH\",\"url\":\"https:\/\/secure.gravatar.com\/avatar\/dfaa6e536fec7030712cf850e9ddef45?s=96&d=mm&r=g\",\"contentUrl\":\"https:\/\/secure.gravatar.com\/avatar\/dfaa6e536fec7030712cf850e9ddef45?s=96&d=mm&r=g\",\"caption\":\"14m4rC008\"}}]}<\/script>\n<!-- \/ Yoast SEO plugin. -->","_links":{"self":[{"href":"https:\/\/www.mobilimariani.com\/fr\/wp-json\/wp\/v2\/posts\/18917"}],"collection":[{"href":"https:\/\/www.mobilimariani.com\/fr\/wp-json\/wp\/v2\/posts"}],"about":[{"href":"https:\/\/www.mobilimariani.com\/fr\/wp-json\/wp\/v2\/types\/post"}],"author":[{"embeddable":true,"href":"https:\/\/www.mobilimariani.com\/fr\/wp-json\/wp\/v2\/users\/1"}],"replies":[{"embeddable":true,"href":"https:\/\/www.mobilimariani.com\/fr\/wp-json\/wp\/v2\/comments?post=18917"}],"version-history":[{"count":2,"href":"https:\/\/www.mobilimariani.com\/fr\/wp-json\/wp\/v2\/posts\/18917\/revisions"}],"predecessor-version":[{"id":27407,"href":"https:\/\/www.mobilimariani.com\/fr\/wp-json\/wp\/v2\/posts\/18917\/revisions\/27407"}],"wp:attachment":[{"href":"https:\/\/www.mobilimariani.com\/fr\/wp-json\/wp\/v2\/media?parent=18917"}],"wp:term":[{"taxonomy":"category","embeddable":true,"href":"https:\/\/www.mobilimariani.com\/fr\/wp-json\/wp\/v2\/categories?post=18917"},{"taxonomy":"post_tag","embeddable":true,"href":"https:\/\/www.mobilimariani.com\/fr\/wp-json\/wp\/v2\/tags?post=18917"}],"curies":[{"name":"wp","href":"https:\/\/api.w.org\/{rel}","templated":true}]}}