{"id":18868,"date":"2004-01-01T10:04:11","date_gmt":"2004-01-01T09:04:11","guid":{"rendered":"https:\/\/www.mobilimariani.com\/?p=18868"},"modified":"2019-05-18T17:38:36","modified_gmt":"2019-05-18T15:38:36","slug":"tonelli-plasmatik-stand-de-televison","status":"publish","type":"post","link":"https:\/\/www.mobilimariani.com\/fr\/tonelli-plasmatik-stand-de-televison\/","title":{"rendered":"TONELLI PLASMATIK STAND DE TELEVISON"},"content":{"rendered":"<p>TONELLI PLASMATIK STAND DE TELEVISON\u00a0design Karim Rashid &#8211; INDISPONIBLE<\/p>\n<p>Plasmatik stand de t\u00e9l\u00e9vision en verre avec travers\u00e9e de c\u00e2bles, disponible en deux largeurs. Support pivotant t\u00e9lescopique pour la t\u00e9l\u00e9vision optionnel. \u00c9tage inf\u00e9rieur en verre transparent ou fum\u00e9. Travers\u00e9e de\u00a0c\u00e2bles chrome brillant.<\/p>\n<p>Mesures: cm. 120 x 36 x 45 cm ou h. 190 x 36 x 45h Capacit\u00e9\u00a060 kg<\/p>\n<p>Pour d\u00e9couvrir la marque Tonelli\u00a0<a href=\"https:\/\/www.mobilimariani.com\/fr\/concessionnaire-tonelli\/\" target=\"_blank\" data-saferedirecturl=\"https:\/\/www.google.com\/url?hl=it&amp;q=https:\/\/www.mobilimariani.com\/fr\/concessionnaire-tonelli\/&amp;source=gmail&amp;ust=1502377335396000&amp;usg=AFQjCNEohokMRMUZO-3affQLmuuCLK2-uQ\">cliquez ici<\/a><\/p>\n<p>Vous voulez conna\u00eetre notre meilleur prix pour cet article?<a href=\"https:\/\/www.mobilimariani.com\/fr\/contacts\/\" target=\"_blank\" data-saferedirecturl=\"https:\/\/www.google.com\/url?hl=it&amp;q=https:\/\/www.mobilimariani.com\/fr\/contacts\/&amp;source=gmail&amp;ust=1502377335396000&amp;usg=AFQjCNHs7yYbWY6YOA97jehU-A3dNzevOg\">\u00a0Cliquez ici\u00a0<\/a>et envoyez-nous la demande<\/p>\n<p>Signale le lieu de livraison et si le montage est necessaire<\/p>\n<p>Nous livrons partout en Europe, Canada, Etats-Unis, Russie, Emirats Arabes Unis et o\u00f9 que vous soyez<\/p>\n","protected":false},"excerpt":{"rendered":"TONELLI PLASMATIK STAND DE TELEVISON\u00a0design Karim Rashid &#8211; INDISPONIBLE Plasmatik stand de t\u00e9l\u00e9vision en verre avec travers\u00e9e de c\u00e2bles, disponible en deux largeurs. Support pivotant t\u00e9lescopique pour la t\u00e9l\u00e9vision optionnel. \u00c9tage inf\u00e9rieur en verre transparent ou fum\u00e9. Travers\u00e9e de\u00a0c\u00e2bles chrome brillant. Mesures: cm. 120 x 36 x 45 cm ou h. 190 x 36 x&#8230; <a class=\"view-article\" href=\"https:\/\/www.mobilimariani.com\/fr\/tonelli-plasmatik-stand-de-televison\/\">Voir l&#8217;article<\/a>","protected":false},"author":1,"featured_media":0,"comment_status":"closed","ping_status":"closed","sticky":false,"template":"","format":"standard","meta":[],"categories":[18,1,6,2],"tags":[],"yoast_head":"<!-- This site is optimized with the Yoast SEO plugin v16.2 - https:\/\/yoast.com\/wordpress\/plugins\/seo\/ -->\n<meta name=\"description\" content=\"TONELLI PLASMATIK STAND DE TELEVISON\u00a0design Karim Rashid - INDISPONIBLE Plasmatik stand de t\u00e9l\u00e9vision en verre avec travers\u00e9e de c\u00e2bles, disponible en\" \/>\n<meta name=\"robots\" content=\"index, follow, max-snippet:-1, max-image-preview:large, max-video-preview:-1\" \/>\n<link rel=\"canonical\" href=\"https:\/\/www.mobilimariani.com\/fr\/tonelli-plasmatik-stand-de-televison\/\" \/>\n<meta property=\"og:locale\" content=\"fr_FR\" \/>\n<meta property=\"og:type\" content=\"article\" \/>\n<meta property=\"og:title\" content=\"TONELLI PLASMATIK STAND DE TELEVISON | Mobili Mariani\" \/>\n<meta property=\"og:description\" content=\"TONELLI PLASMATIK STAND DE TELEVISON\u00a0design Karim Rashid - INDISPONIBLE Plasmatik stand de t\u00e9l\u00e9vision en verre avec travers\u00e9e de c\u00e2bles, disponible en\" \/>\n<meta property=\"og:url\" content=\"https:\/\/www.mobilimariani.com\/fr\/tonelli-plasmatik-stand-de-televison\/\" \/>\n<meta property=\"og:site_name\" content=\"Mobili Mariani\" \/>\n<meta property=\"article:published_time\" content=\"2004-01-01T09:04:11+00:00\" \/>\n<meta property=\"article:modified_time\" content=\"2019-05-18T15:38:36+00:00\" \/>\n<meta name=\"twitter:label1\" content=\"Est. reading time\">\n\t<meta name=\"twitter:data1\" content=\"1 minute\">\n<script type=\"application\/ld+json\" class=\"yoast-schema-graph\">{\"@context\":\"https:\/\/schema.org\",\"@graph\":[{\"@type\":\"Organization\",\"@id\":\"https:\/\/www.mobilimariani.com\/#organization\",\"name\":\"Mobili Mariani\",\"url\":\"https:\/\/www.mobilimariani.com\/\",\"sameAs\":[],\"logo\":{\"@type\":\"ImageObject\",\"@id\":\"https:\/\/www.mobilimariani.com\/#logo\",\"inLanguage\":\"fr-CH\",\"url\":\"https:\/\/www.mobilimariani.com\/wp-content\/uploads\/2015\/12\/logo.png\",\"contentUrl\":\"https:\/\/www.mobilimariani.com\/wp-content\/uploads\/2015\/12\/logo.png\",\"width\":160,\"height\":110,\"caption\":\"Mobili Mariani\"},\"image\":{\"@id\":\"https:\/\/www.mobilimariani.com\/#logo\"}},{\"@type\":\"WebSite\",\"@id\":\"https:\/\/www.mobilimariani.com\/#website\",\"url\":\"https:\/\/www.mobilimariani.com\/\",\"name\":\"Mobili Mariani\",\"description\":\"Mobili Italia Svizzera\",\"publisher\":{\"@id\":\"https:\/\/www.mobilimariani.com\/#organization\"},\"potentialAction\":[{\"@type\":\"SearchAction\",\"target\":\"https:\/\/www.mobilimariani.com\/?s={search_term_string}\",\"query-input\":\"required name=search_term_string\"}],\"inLanguage\":\"fr-CH\"},{\"@type\":\"WebPage\",\"@id\":\"https:\/\/www.mobilimariani.com\/fr\/tonelli-plasmatik-stand-de-televison\/#webpage\",\"url\":\"https:\/\/www.mobilimariani.com\/fr\/tonelli-plasmatik-stand-de-televison\/\",\"name\":\"TONELLI PLASMATIK STAND DE TELEVISON | Mobili Mariani\",\"isPartOf\":{\"@id\":\"https:\/\/www.mobilimariani.com\/#website\"},\"datePublished\":\"2004-01-01T09:04:11+00:00\",\"dateModified\":\"2019-05-18T15:38:36+00:00\",\"description\":\"TONELLI PLASMATIK STAND DE TELEVISON\\u00a0design Karim Rashid - INDISPONIBLE Plasmatik stand de t\\u00e9l\\u00e9vision en verre avec travers\\u00e9e de c\\u00e2bles, disponible en\",\"breadcrumb\":{\"@id\":\"https:\/\/www.mobilimariani.com\/fr\/tonelli-plasmatik-stand-de-televison\/#breadcrumb\"},\"inLanguage\":\"fr-CH\",\"potentialAction\":[{\"@type\":\"ReadAction\",\"target\":[\"https:\/\/www.mobilimariani.com\/fr\/tonelli-plasmatik-stand-de-televison\/\"]}]},{\"@type\":\"BreadcrumbList\",\"@id\":\"https:\/\/www.mobilimariani.com\/fr\/tonelli-plasmatik-stand-de-televison\/#breadcrumb\",\"itemListElement\":[{\"@type\":\"ListItem\",\"position\":1,\"item\":{\"@type\":\"WebPage\",\"@id\":\"https:\/\/www.mobilimariani.com\/\",\"url\":\"https:\/\/www.mobilimariani.com\/\",\"name\":\"Home\"}},{\"@type\":\"ListItem\",\"position\":2,\"item\":{\"@id\":\"https:\/\/www.mobilimariani.com\/fr\/tonelli-plasmatik-stand-de-televison\/#webpage\"}}]},{\"@type\":\"Article\",\"@id\":\"https:\/\/www.mobilimariani.com\/fr\/tonelli-plasmatik-stand-de-televison\/#article\",\"isPartOf\":{\"@id\":\"https:\/\/www.mobilimariani.com\/fr\/tonelli-plasmatik-stand-de-televison\/#webpage\"},\"author\":{\"@id\":\"https:\/\/www.mobilimariani.com\/#\/schema\/person\/4685d9f51269134e53f988c9122315f4\"},\"headline\":\"TONELLI PLASMATIK STAND DE TELEVISON\",\"datePublished\":\"2004-01-01T09:04:11+00:00\",\"dateModified\":\"2019-05-18T15:38:36+00:00\",\"mainEntityOfPage\":{\"@id\":\"https:\/\/www.mobilimariani.com\/fr\/tonelli-plasmatik-stand-de-televison\/#webpage\"},\"publisher\":{\"@id\":\"https:\/\/www.mobilimariani.com\/#organization\"},\"articleSection\":[\"Autre\",\"Catalogue\",\"Salle jour\",\"Zone nuit\"],\"inLanguage\":\"fr-CH\"},{\"@type\":\"Person\",\"@id\":\"https:\/\/www.mobilimariani.com\/#\/schema\/person\/4685d9f51269134e53f988c9122315f4\",\"name\":\"14m4rC008\",\"image\":{\"@type\":\"ImageObject\",\"@id\":\"https:\/\/www.mobilimariani.com\/#personlogo\",\"inLanguage\":\"fr-CH\",\"url\":\"https:\/\/secure.gravatar.com\/avatar\/dfaa6e536fec7030712cf850e9ddef45?s=96&d=mm&r=g\",\"contentUrl\":\"https:\/\/secure.gravatar.com\/avatar\/dfaa6e536fec7030712cf850e9ddef45?s=96&d=mm&r=g\",\"caption\":\"14m4rC008\"}}]}<\/script>\n<!-- \/ Yoast SEO plugin. -->","_links":{"self":[{"href":"https:\/\/www.mobilimariani.com\/fr\/wp-json\/wp\/v2\/posts\/18868"}],"collection":[{"href":"https:\/\/www.mobilimariani.com\/fr\/wp-json\/wp\/v2\/posts"}],"about":[{"href":"https:\/\/www.mobilimariani.com\/fr\/wp-json\/wp\/v2\/types\/post"}],"author":[{"embeddable":true,"href":"https:\/\/www.mobilimariani.com\/fr\/wp-json\/wp\/v2\/users\/1"}],"replies":[{"embeddable":true,"href":"https:\/\/www.mobilimariani.com\/fr\/wp-json\/wp\/v2\/comments?post=18868"}],"version-history":[{"count":2,"href":"https:\/\/www.mobilimariani.com\/fr\/wp-json\/wp\/v2\/posts\/18868\/revisions"}],"predecessor-version":[{"id":22781,"href":"https:\/\/www.mobilimariani.com\/fr\/wp-json\/wp\/v2\/posts\/18868\/revisions\/22781"}],"wp:attachment":[{"href":"https:\/\/www.mobilimariani.com\/fr\/wp-json\/wp\/v2\/media?parent=18868"}],"wp:term":[{"taxonomy":"category","embeddable":true,"href":"https:\/\/www.mobilimariani.com\/fr\/wp-json\/wp\/v2\/categories?post=18868"},{"taxonomy":"post_tag","embeddable":true,"href":"https:\/\/www.mobilimariani.com\/fr\/wp-json\/wp\/v2\/tags?post=18868"}],"curies":[{"name":"wp","href":"https:\/\/api.w.org\/{rel}","templated":true}]}}