{"id":18843,"date":"2017-08-13T09:19:59","date_gmt":"2017-08-13T07:19:59","guid":{"rendered":"https:\/\/www.mobilimariani.com\/?p=18843"},"modified":"2017-08-26T09:58:11","modified_gmt":"2017-08-26T07:58:11","slug":"tonelli-commode-basso-petite-table-et-stand-de-television","status":"publish","type":"post","link":"https:\/\/www.mobilimariani.com\/fr\/tonelli-commode-basso-petite-table-et-stand-de-television\/","title":{"rendered":"TONELLI COMMODE BASSO PETITE TABLE ET STAND DE TELEVISION"},"content":{"rendered":"<p>TONELLI COMMODE BASSO PETITE TABLE ET STAND DE TELEVISION<\/p>\n<p>L&#8217;espace et la fonctionnalit\u00e9 sont les mots de passe pour cette table qui peut \u00e9galement \u00eatre utilis\u00e9 comme stand de t\u00e9l\u00e9vision\u00a0avec l&#8217;ajout \u00e9ventuelle d&#8217;un plateau rond rotatif, diam\u00e8tre cm. 40, ou rectangulaire cm. 58 x 45; et gr\u00e2ce \u00e0 ses tiroirs spacieux, optionnels, il devient encore plus spacieux. Les tiroirs de la commode Basso sont fabriqu\u00e9s en version weng\u00e9, ch\u00eane blanchi, noyer, cerisier, laqu\u00e9 dans les couleurs RAL, et en cuir naturel ou noir. \u00c9tag\u00e8res en verre transparent ou tr\u00e8s clair.<\/p>\n<p>Mesures: cm. 113 x 45 x 40 h<\/p>\n<p>Epaisseur \u00e9tag\u00e8res: mm. 10\/12\/15<\/p>\n<p>Capacit\u00e9 pour chaque \u00e9tag\u00e8re: 80 kg<\/p>\n<p>Disponible dans la version commode Alto avec mesures cm. 113 x 45 x 65 h<\/p>\n<p>Epaisseur \u00e9tag\u00e8res: mm. 10\/12\/15<\/p>\n<p>Capacit\u00e9 pour chaque \u00e9tag\u00e8re: 70 kg<\/p>\n<p>Pour d\u00e9couvrir la marque Tonelli\u00a0<a href=\"https:\/\/www.mobilimariani.com\/fr\/concessionnaire-tonelli\/\" target=\"_blank\" data-saferedirecturl=\"https:\/\/www.google.com\/url?hl=it&amp;q=https:\/\/www.mobilimariani.com\/fr\/concessionnaire-tonelli\/&amp;source=gmail&amp;ust=1502377335396000&amp;usg=AFQjCNEohokMRMUZO-3affQLmuuCLK2-uQ\">cliquez ici<\/a><\/p>\n<p>Vous voulez conna\u00eetre notre meilleur prix pour cet article?<a href=\"https:\/\/www.mobilimariani.com\/fr\/contacts\/\" target=\"_blank\" data-saferedirecturl=\"https:\/\/www.google.com\/url?hl=it&amp;q=https:\/\/www.mobilimariani.com\/fr\/contacts\/&amp;source=gmail&amp;ust=1502377335396000&amp;usg=AFQjCNHs7yYbWY6YOA97jehU-A3dNzevOg\">\u00a0Cliquez ici\u00a0<\/a>et envoyez-nous la demande<\/p>\n<p>Signale le lieu de livraison et si le montage est necessaire<\/p>\n<p>Nous livrons partout en Europe, Canada, Etats-Unis, Russie, Emirats Arabes Unis et o\u00f9 que vous soyez<\/p>\n","protected":false},"excerpt":{"rendered":"TONELLI COMMODE BASSO PETITE TABLE ET STAND DE TELEVISION L&#8217;espace et la fonctionnalit\u00e9 sont les mots de passe pour cette table qui peut \u00e9galement \u00eatre utilis\u00e9 comme stand de t\u00e9l\u00e9vision\u00a0avec l&#8217;ajout \u00e9ventuelle d&#8217;un plateau rond rotatif, diam\u00e8tre cm. 40, ou rectangulaire cm. 58 x 45; et gr\u00e2ce \u00e0 ses tiroirs spacieux, optionnels, il devient encore&#8230; <a class=\"view-article\" href=\"https:\/\/www.mobilimariani.com\/fr\/tonelli-commode-basso-petite-table-et-stand-de-television\/\">Voir l&#8217;article<\/a>","protected":false},"author":1,"featured_media":0,"comment_status":"closed","ping_status":"closed","sticky":false,"template":"","format":"standard","meta":[],"categories":[18,1,6],"tags":[],"yoast_head":"<!-- This site is optimized with the Yoast SEO plugin v16.2 - https:\/\/yoast.com\/wordpress\/plugins\/seo\/ -->\n<meta name=\"description\" content=\"TONELLI COMMODE BASSO PETITE TABLE ET STAND DE TELEVISION L&#039;espace et la fonctionnalit\u00e9 sont les mots de passe pour cette table qui peut \u00e9galement \u00eatre\" \/>\n<meta name=\"robots\" content=\"index, follow, max-snippet:-1, max-image-preview:large, max-video-preview:-1\" \/>\n<link rel=\"canonical\" href=\"https:\/\/www.mobilimariani.com\/fr\/tonelli-commode-basso-petite-table-et-stand-de-television\/\" \/>\n<meta property=\"og:locale\" content=\"fr_FR\" \/>\n<meta property=\"og:type\" content=\"article\" \/>\n<meta property=\"og:title\" content=\"TONELLI COMMODE BASSO PETITE TABLE ET STAND DE TELEVISION | Mobili Mariani\" \/>\n<meta property=\"og:description\" content=\"TONELLI COMMODE BASSO PETITE TABLE ET STAND DE TELEVISION L&#039;espace et la fonctionnalit\u00e9 sont les mots de passe pour cette table qui peut \u00e9galement \u00eatre\" \/>\n<meta property=\"og:url\" content=\"https:\/\/www.mobilimariani.com\/fr\/tonelli-commode-basso-petite-table-et-stand-de-television\/\" \/>\n<meta property=\"og:site_name\" content=\"Mobili Mariani\" \/>\n<meta property=\"article:published_time\" content=\"2017-08-13T07:19:59+00:00\" \/>\n<meta property=\"article:modified_time\" content=\"2017-08-26T07:58:11+00:00\" \/>\n<meta name=\"twitter:label1\" content=\"Est. reading time\">\n\t<meta name=\"twitter:data1\" content=\"1 minute\">\n<script type=\"application\/ld+json\" class=\"yoast-schema-graph\">{\"@context\":\"https:\/\/schema.org\",\"@graph\":[{\"@type\":\"Organization\",\"@id\":\"https:\/\/www.mobilimariani.com\/#organization\",\"name\":\"Mobili Mariani\",\"url\":\"https:\/\/www.mobilimariani.com\/\",\"sameAs\":[],\"logo\":{\"@type\":\"ImageObject\",\"@id\":\"https:\/\/www.mobilimariani.com\/#logo\",\"inLanguage\":\"fr-CH\",\"url\":\"https:\/\/www.mobilimariani.com\/wp-content\/uploads\/2015\/12\/logo.png\",\"contentUrl\":\"https:\/\/www.mobilimariani.com\/wp-content\/uploads\/2015\/12\/logo.png\",\"width\":160,\"height\":110,\"caption\":\"Mobili Mariani\"},\"image\":{\"@id\":\"https:\/\/www.mobilimariani.com\/#logo\"}},{\"@type\":\"WebSite\",\"@id\":\"https:\/\/www.mobilimariani.com\/#website\",\"url\":\"https:\/\/www.mobilimariani.com\/\",\"name\":\"Mobili Mariani\",\"description\":\"Mobili Italia Svizzera\",\"publisher\":{\"@id\":\"https:\/\/www.mobilimariani.com\/#organization\"},\"potentialAction\":[{\"@type\":\"SearchAction\",\"target\":\"https:\/\/www.mobilimariani.com\/?s={search_term_string}\",\"query-input\":\"required name=search_term_string\"}],\"inLanguage\":\"fr-CH\"},{\"@type\":\"WebPage\",\"@id\":\"https:\/\/www.mobilimariani.com\/fr\/tonelli-commode-basso-petite-table-et-stand-de-television\/#webpage\",\"url\":\"https:\/\/www.mobilimariani.com\/fr\/tonelli-commode-basso-petite-table-et-stand-de-television\/\",\"name\":\"TONELLI COMMODE BASSO PETITE TABLE ET STAND DE TELEVISION | Mobili Mariani\",\"isPartOf\":{\"@id\":\"https:\/\/www.mobilimariani.com\/#website\"},\"datePublished\":\"2017-08-13T07:19:59+00:00\",\"dateModified\":\"2017-08-26T07:58:11+00:00\",\"description\":\"TONELLI COMMODE BASSO PETITE TABLE ET STAND DE TELEVISION L'espace et la fonctionnalit\\u00e9 sont les mots de passe pour cette table qui peut \\u00e9galement \\u00eatre\",\"breadcrumb\":{\"@id\":\"https:\/\/www.mobilimariani.com\/fr\/tonelli-commode-basso-petite-table-et-stand-de-television\/#breadcrumb\"},\"inLanguage\":\"fr-CH\",\"potentialAction\":[{\"@type\":\"ReadAction\",\"target\":[\"https:\/\/www.mobilimariani.com\/fr\/tonelli-commode-basso-petite-table-et-stand-de-television\/\"]}]},{\"@type\":\"BreadcrumbList\",\"@id\":\"https:\/\/www.mobilimariani.com\/fr\/tonelli-commode-basso-petite-table-et-stand-de-television\/#breadcrumb\",\"itemListElement\":[{\"@type\":\"ListItem\",\"position\":1,\"item\":{\"@type\":\"WebPage\",\"@id\":\"https:\/\/www.mobilimariani.com\/\",\"url\":\"https:\/\/www.mobilimariani.com\/\",\"name\":\"Home\"}},{\"@type\":\"ListItem\",\"position\":2,\"item\":{\"@id\":\"https:\/\/www.mobilimariani.com\/fr\/tonelli-commode-basso-petite-table-et-stand-de-television\/#webpage\"}}]},{\"@type\":\"Article\",\"@id\":\"https:\/\/www.mobilimariani.com\/fr\/tonelli-commode-basso-petite-table-et-stand-de-television\/#article\",\"isPartOf\":{\"@id\":\"https:\/\/www.mobilimariani.com\/fr\/tonelli-commode-basso-petite-table-et-stand-de-television\/#webpage\"},\"author\":{\"@id\":\"https:\/\/www.mobilimariani.com\/#\/schema\/person\/4685d9f51269134e53f988c9122315f4\"},\"headline\":\"TONELLI COMMODE BASSO PETITE TABLE ET STAND DE TELEVISION\",\"datePublished\":\"2017-08-13T07:19:59+00:00\",\"dateModified\":\"2017-08-26T07:58:11+00:00\",\"mainEntityOfPage\":{\"@id\":\"https:\/\/www.mobilimariani.com\/fr\/tonelli-commode-basso-petite-table-et-stand-de-television\/#webpage\"},\"publisher\":{\"@id\":\"https:\/\/www.mobilimariani.com\/#organization\"},\"articleSection\":[\"Autre\",\"Catalogue\",\"Salle jour\"],\"inLanguage\":\"fr-CH\"},{\"@type\":\"Person\",\"@id\":\"https:\/\/www.mobilimariani.com\/#\/schema\/person\/4685d9f51269134e53f988c9122315f4\",\"name\":\"14m4rC008\",\"image\":{\"@type\":\"ImageObject\",\"@id\":\"https:\/\/www.mobilimariani.com\/#personlogo\",\"inLanguage\":\"fr-CH\",\"url\":\"https:\/\/secure.gravatar.com\/avatar\/dfaa6e536fec7030712cf850e9ddef45?s=96&d=mm&r=g\",\"contentUrl\":\"https:\/\/secure.gravatar.com\/avatar\/dfaa6e536fec7030712cf850e9ddef45?s=96&d=mm&r=g\",\"caption\":\"14m4rC008\"}}]}<\/script>\n<!-- \/ Yoast SEO plugin. -->","_links":{"self":[{"href":"https:\/\/www.mobilimariani.com\/fr\/wp-json\/wp\/v2\/posts\/18843"}],"collection":[{"href":"https:\/\/www.mobilimariani.com\/fr\/wp-json\/wp\/v2\/posts"}],"about":[{"href":"https:\/\/www.mobilimariani.com\/fr\/wp-json\/wp\/v2\/types\/post"}],"author":[{"embeddable":true,"href":"https:\/\/www.mobilimariani.com\/fr\/wp-json\/wp\/v2\/users\/1"}],"replies":[{"embeddable":true,"href":"https:\/\/www.mobilimariani.com\/fr\/wp-json\/wp\/v2\/comments?post=18843"}],"version-history":[{"count":1,"href":"https:\/\/www.mobilimariani.com\/fr\/wp-json\/wp\/v2\/posts\/18843\/revisions"}],"predecessor-version":[{"id":18845,"href":"https:\/\/www.mobilimariani.com\/fr\/wp-json\/wp\/v2\/posts\/18843\/revisions\/18845"}],"wp:attachment":[{"href":"https:\/\/www.mobilimariani.com\/fr\/wp-json\/wp\/v2\/media?parent=18843"}],"wp:term":[{"taxonomy":"category","embeddable":true,"href":"https:\/\/www.mobilimariani.com\/fr\/wp-json\/wp\/v2\/categories?post=18843"},{"taxonomy":"post_tag","embeddable":true,"href":"https:\/\/www.mobilimariani.com\/fr\/wp-json\/wp\/v2\/tags?post=18843"}],"curies":[{"name":"wp","href":"https:\/\/api.w.org\/{rel}","templated":true}]}}