{"id":18755,"date":"2017-08-11T18:24:44","date_gmt":"2017-08-11T16:24:44","guid":{"rendered":"https:\/\/www.mobilimariani.com\/?p=18755"},"modified":"2020-10-04T20:09:24","modified_gmt":"2020-10-04T18:09:24","slug":"tonelli-bibliotheque-buffet-petite-table-liber","status":"publish","type":"post","link":"https:\/\/www.mobilimariani.com\/fr\/tonelli-bibliotheque-buffet-petite-table-liber\/","title":{"rendered":"TONELLI BIBLIOTHEQUE BUFFET PETITE TABLE LIBER"},"content":{"rendered":"<p>TONELLI BIBLIOTHEQUE BUFFET PETITE TABLE LIBER\u00a0design Luca Papini<\/p>\n<p>A partir d&#8217;une seule forme le syst\u00e8me Liber se d\u00e9cline dans plusiurs \u00e9l\u00e9ments polyvalents, chacun avec sa propre fonction: biblioth\u00e8que avec base \u00e0 miroir, buffet soutenu par des pieds en verre et table de chevet.<\/p>\n<p>La biblioth\u00e8que Liber est disponible en diff\u00e9rentes tailles. Les tiroirs, optionnels, sont en bois laqu\u00e9 blanc ou laqu\u00e9 dans toutes les couleurs RAL finition mate. Le m\u00eame laquage\u00a0s&#8217;applique aux\u00a0tiroirs optionells, au buffet et \u00e0 la table de chevet.<\/p>\n<p>Mesures:<\/p>\n<p>cm. 80 x 40 x 200 cm et h. 40 x 40 x 200 h<\/p>\n<p>cm. 40 x 40 x 80 cm et h. 80 x 40 x 80 h<\/p>\n<p>cm. 40 x 40 x 40 h<\/p>\n<p>cm. 80 x 40 x 60 cm et h. 40 x 40 x 60 h<\/p>\n<p>Capacit\u00e9 15 kg chaque \u00e9tag\u00e8re<\/p>\n<p>Buffet cm. 200 x 40 x 60 h Capacit\u00e9 15\/60 kg chaque\u00a0\u00e9tag\u00e8re<\/p>\n<p>Pour d\u00e9couvrir la marque Tonelli\u00a0<a href=\"https:\/\/www.mobilimariani.com\/fr\/concessionnaire-tonelli\/\" target=\"_blank\" rel=\"noopener noreferrer\" data-saferedirecturl=\"https:\/\/www.google.com\/url?hl=it&amp;q=https:\/\/www.mobilimariani.com\/fr\/concessionnaire-tonelli\/&amp;source=gmail&amp;ust=1502377335396000&amp;usg=AFQjCNEohokMRMUZO-3affQLmuuCLK2-uQ\">cliquez ici<\/a><\/p>\n<p>Pour d\u00e9couvrir le catalogue de toutes nos placards\u00a0<a href=\"https:\/\/www.mobilimariani.com\/fr\/catalogue\/surface\/croyances\/\">cliquez ici<\/a><\/p>\n<p>Vous voulez conna\u00eetre notre meilleur prix pour cet article?<a href=\"https:\/\/www.mobilimariani.com\/fr\/contacts\/\" target=\"_blank\" rel=\"noopener noreferrer\" data-saferedirecturl=\"https:\/\/www.google.com\/url?hl=it&amp;q=https:\/\/www.mobilimariani.com\/fr\/contacts\/&amp;source=gmail&amp;ust=1502377335396000&amp;usg=AFQjCNHs7yYbWY6YOA97jehU-A3dNzevOg\">\u00a0Cliquez ici\u00a0<\/a>et envoyez-nous la demande<\/p>\n<p>Pour nos clients suisses, il sera d\u00e9duit l\u2019I.V.A. italienne<\/p>\n<p>Signale le lieu de livraison et si le montage est n\u00e9c\u00e9ssaire.<\/p>\n<p>Nous livrons dans toute l\u2019Europe et o\u00f9 que tu sois<\/p>\n","protected":false},"excerpt":{"rendered":"TONELLI BIBLIOTHEQUE BUFFET PETITE TABLE LIBER\u00a0design Luca Papini A partir d&#8217;une seule forme le syst\u00e8me Liber se d\u00e9cline dans plusiurs \u00e9l\u00e9ments polyvalents, chacun avec sa propre fonction: biblioth\u00e8que avec base \u00e0 miroir, buffet soutenu par des pieds en verre et table de chevet. La biblioth\u00e8que Liber est disponible en diff\u00e9rentes tailles. Les tiroirs, optionnels, sont&#8230; <a class=\"view-article\" href=\"https:\/\/www.mobilimariani.com\/fr\/tonelli-bibliotheque-buffet-petite-table-liber\/\">Voir l&#8217;article<\/a>","protected":false},"author":1,"featured_media":0,"comment_status":"closed","ping_status":"closed","sticky":false,"template":"","format":"standard","meta":[],"categories":[1,9,6],"tags":[],"yoast_head":"<!-- This site is optimized with the Yoast SEO plugin v16.2 - https:\/\/yoast.com\/wordpress\/plugins\/seo\/ -->\n<meta name=\"description\" content=\"TONELLI BIBLIOTHEQUE BUFFET PETITE TABLE LIBER\u00a0design Luca Papini A partir d&#039;une seule forme le syst\u00e8me Liber se d\u00e9cline dans plusiurs \u00e9l\u00e9ments\" \/>\n<meta name=\"robots\" content=\"index, follow, max-snippet:-1, max-image-preview:large, max-video-preview:-1\" \/>\n<link rel=\"canonical\" href=\"https:\/\/www.mobilimariani.com\/fr\/tonelli-bibliotheque-buffet-petite-table-liber\/\" \/>\n<meta property=\"og:locale\" content=\"fr_FR\" \/>\n<meta property=\"og:type\" content=\"article\" \/>\n<meta property=\"og:title\" content=\"TONELLI BIBLIOTHEQUE BUFFET PETITE TABLE LIBER | Mobili Mariani\" \/>\n<meta property=\"og:description\" content=\"TONELLI BIBLIOTHEQUE BUFFET PETITE TABLE LIBER\u00a0design Luca Papini A partir d&#039;une seule forme le syst\u00e8me Liber se d\u00e9cline dans plusiurs \u00e9l\u00e9ments\" \/>\n<meta property=\"og:url\" content=\"https:\/\/www.mobilimariani.com\/fr\/tonelli-bibliotheque-buffet-petite-table-liber\/\" \/>\n<meta property=\"og:site_name\" content=\"Mobili Mariani\" \/>\n<meta property=\"article:published_time\" content=\"2017-08-11T16:24:44+00:00\" \/>\n<meta property=\"article:modified_time\" content=\"2020-10-04T18:09:24+00:00\" \/>\n<meta name=\"twitter:label1\" content=\"Est. reading time\">\n\t<meta name=\"twitter:data1\" content=\"1 minute\">\n<script type=\"application\/ld+json\" class=\"yoast-schema-graph\">{\"@context\":\"https:\/\/schema.org\",\"@graph\":[{\"@type\":\"Organization\",\"@id\":\"https:\/\/www.mobilimariani.com\/#organization\",\"name\":\"Mobili Mariani\",\"url\":\"https:\/\/www.mobilimariani.com\/\",\"sameAs\":[],\"logo\":{\"@type\":\"ImageObject\",\"@id\":\"https:\/\/www.mobilimariani.com\/#logo\",\"inLanguage\":\"fr-CH\",\"url\":\"https:\/\/www.mobilimariani.com\/wp-content\/uploads\/2015\/12\/logo.png\",\"contentUrl\":\"https:\/\/www.mobilimariani.com\/wp-content\/uploads\/2015\/12\/logo.png\",\"width\":160,\"height\":110,\"caption\":\"Mobili Mariani\"},\"image\":{\"@id\":\"https:\/\/www.mobilimariani.com\/#logo\"}},{\"@type\":\"WebSite\",\"@id\":\"https:\/\/www.mobilimariani.com\/#website\",\"url\":\"https:\/\/www.mobilimariani.com\/\",\"name\":\"Mobili Mariani\",\"description\":\"Mobili Italia Svizzera\",\"publisher\":{\"@id\":\"https:\/\/www.mobilimariani.com\/#organization\"},\"potentialAction\":[{\"@type\":\"SearchAction\",\"target\":\"https:\/\/www.mobilimariani.com\/?s={search_term_string}\",\"query-input\":\"required name=search_term_string\"}],\"inLanguage\":\"fr-CH\"},{\"@type\":\"WebPage\",\"@id\":\"https:\/\/www.mobilimariani.com\/fr\/tonelli-bibliotheque-buffet-petite-table-liber\/#webpage\",\"url\":\"https:\/\/www.mobilimariani.com\/fr\/tonelli-bibliotheque-buffet-petite-table-liber\/\",\"name\":\"TONELLI BIBLIOTHEQUE BUFFET PETITE TABLE LIBER | Mobili Mariani\",\"isPartOf\":{\"@id\":\"https:\/\/www.mobilimariani.com\/#website\"},\"datePublished\":\"2017-08-11T16:24:44+00:00\",\"dateModified\":\"2020-10-04T18:09:24+00:00\",\"description\":\"TONELLI BIBLIOTHEQUE BUFFET PETITE TABLE LIBER\\u00a0design Luca Papini A partir d'une seule forme le syst\\u00e8me Liber se d\\u00e9cline dans plusiurs \\u00e9l\\u00e9ments\",\"breadcrumb\":{\"@id\":\"https:\/\/www.mobilimariani.com\/fr\/tonelli-bibliotheque-buffet-petite-table-liber\/#breadcrumb\"},\"inLanguage\":\"fr-CH\",\"potentialAction\":[{\"@type\":\"ReadAction\",\"target\":[\"https:\/\/www.mobilimariani.com\/fr\/tonelli-bibliotheque-buffet-petite-table-liber\/\"]}]},{\"@type\":\"BreadcrumbList\",\"@id\":\"https:\/\/www.mobilimariani.com\/fr\/tonelli-bibliotheque-buffet-petite-table-liber\/#breadcrumb\",\"itemListElement\":[{\"@type\":\"ListItem\",\"position\":1,\"item\":{\"@type\":\"WebPage\",\"@id\":\"https:\/\/www.mobilimariani.com\/\",\"url\":\"https:\/\/www.mobilimariani.com\/\",\"name\":\"Home\"}},{\"@type\":\"ListItem\",\"position\":2,\"item\":{\"@id\":\"https:\/\/www.mobilimariani.com\/fr\/tonelli-bibliotheque-buffet-petite-table-liber\/#webpage\"}}]},{\"@type\":\"Article\",\"@id\":\"https:\/\/www.mobilimariani.com\/fr\/tonelli-bibliotheque-buffet-petite-table-liber\/#article\",\"isPartOf\":{\"@id\":\"https:\/\/www.mobilimariani.com\/fr\/tonelli-bibliotheque-buffet-petite-table-liber\/#webpage\"},\"author\":{\"@id\":\"https:\/\/www.mobilimariani.com\/#\/schema\/person\/4685d9f51269134e53f988c9122315f4\"},\"headline\":\"TONELLI BIBLIOTHEQUE BUFFET PETITE TABLE LIBER\",\"datePublished\":\"2017-08-11T16:24:44+00:00\",\"dateModified\":\"2020-10-04T18:09:24+00:00\",\"mainEntityOfPage\":{\"@id\":\"https:\/\/www.mobilimariani.com\/fr\/tonelli-bibliotheque-buffet-petite-table-liber\/#webpage\"},\"publisher\":{\"@id\":\"https:\/\/www.mobilimariani.com\/#organization\"},\"articleSection\":[\"Catalogue\",\"Placards\",\"Salle jour\"],\"inLanguage\":\"fr-CH\"},{\"@type\":\"Person\",\"@id\":\"https:\/\/www.mobilimariani.com\/#\/schema\/person\/4685d9f51269134e53f988c9122315f4\",\"name\":\"14m4rC008\",\"image\":{\"@type\":\"ImageObject\",\"@id\":\"https:\/\/www.mobilimariani.com\/#personlogo\",\"inLanguage\":\"fr-CH\",\"url\":\"https:\/\/secure.gravatar.com\/avatar\/dfaa6e536fec7030712cf850e9ddef45?s=96&d=mm&r=g\",\"contentUrl\":\"https:\/\/secure.gravatar.com\/avatar\/dfaa6e536fec7030712cf850e9ddef45?s=96&d=mm&r=g\",\"caption\":\"14m4rC008\"}}]}<\/script>\n<!-- \/ Yoast SEO plugin. -->","_links":{"self":[{"href":"https:\/\/www.mobilimariani.com\/fr\/wp-json\/wp\/v2\/posts\/18755"}],"collection":[{"href":"https:\/\/www.mobilimariani.com\/fr\/wp-json\/wp\/v2\/posts"}],"about":[{"href":"https:\/\/www.mobilimariani.com\/fr\/wp-json\/wp\/v2\/types\/post"}],"author":[{"embeddable":true,"href":"https:\/\/www.mobilimariani.com\/fr\/wp-json\/wp\/v2\/users\/1"}],"replies":[{"embeddable":true,"href":"https:\/\/www.mobilimariani.com\/fr\/wp-json\/wp\/v2\/comments?post=18755"}],"version-history":[{"count":2,"href":"https:\/\/www.mobilimariani.com\/fr\/wp-json\/wp\/v2\/posts\/18755\/revisions"}],"predecessor-version":[{"id":25804,"href":"https:\/\/www.mobilimariani.com\/fr\/wp-json\/wp\/v2\/posts\/18755\/revisions\/25804"}],"wp:attachment":[{"href":"https:\/\/www.mobilimariani.com\/fr\/wp-json\/wp\/v2\/media?parent=18755"}],"wp:term":[{"taxonomy":"category","embeddable":true,"href":"https:\/\/www.mobilimariani.com\/fr\/wp-json\/wp\/v2\/categories?post=18755"},{"taxonomy":"post_tag","embeddable":true,"href":"https:\/\/www.mobilimariani.com\/fr\/wp-json\/wp\/v2\/tags?post=18755"}],"curies":[{"name":"wp","href":"https:\/\/api.w.org\/{rel}","templated":true}]}}