{"id":18743,"date":"2000-01-01T17:50:00","date_gmt":"2000-01-01T16:50:00","guid":{"rendered":"https:\/\/www.mobilimariani.com\/?p=18743"},"modified":"2020-10-03T19:39:32","modified_gmt":"2020-10-03T17:39:32","slug":"elli-flli-delo-placard-tera","status":"publish","type":"post","link":"https:\/\/www.mobilimariani.com\/fr\/elli-flli-delo-placard-tera\/","title":{"rendered":"ELLI FLLI DELO PLACARD TERA"},"content":{"rendered":"<p>ELLI FLLI DELO PLACARD TERA<\/p>\n<p>Les portes avec cadre DELO TERA sont r\u00e9alis\u00e9s avec la structure porteuse en aluminium, aussi rev\u00eatu en v\u00e9ritable essence de bois &nbsp;tranch\u00e9. C&#8217;est une garantie de la solidit\u00e9, la stabilit\u00e9 et une plus longue dur\u00e9e de la vie du mobile. Ils peuvent \u00eatre accompagn\u00e9s par des panneaux en bois (peint en diff\u00e9rentes couleurs) et m\u00eame avec des verres transparents, sabl\u00e9s, miroirs ou verres laqu\u00e9s dans les couleurs prevues.<\/p>\n<p>Pour choisir la finition&nbsp;<a href=\"https:\/\/www.mobilimariani.com\/fr\/18528-2\/\">Cliquez ici<\/a><\/p>\n<p>Pour d\u00e9couvrir la marque Elli Fratelli&nbsp;<a href=\"https:\/\/www.mobilimariani.com\/rivenditore-elli-fratelli\/?lang=fr\">cliquez ici<\/a><\/p>\n<p>Vous voulez conna\u00eetre notre meilleur prix pour cet article?&nbsp;<a href=\"https:\/\/www.mobilimariani.com\/fr\/contacts\/\">Cliquez ici<\/a>&nbsp;et envoyez-nous la demande<\/p>\n<p>Signale le lieu de livraison et si le montage est n\u00e9c\u00e9ssaire.<\/p>\n<p>Nous livrons dans toute l\u2019Europe,&nbsp;Canada, Etats-Unis, Russie, Emirats Arabes Unis et o\u00f9 que vous soyez<\/p>\n","protected":false},"excerpt":{"rendered":"ELLI FLLI DELO PLACARD TERA Les portes avec cadre DELO TERA sont r\u00e9alis\u00e9s avec la structure porteuse en aluminium, aussi rev\u00eatu en v\u00e9ritable essence de bois &nbsp;tranch\u00e9. C&#8217;est une garantie de la solidit\u00e9, la stabilit\u00e9 et une plus longue dur\u00e9e de la vie du mobile. Ils peuvent \u00eatre accompagn\u00e9s par des panneaux en bois (peint&#8230; <a class=\"view-article\" href=\"https:\/\/www.mobilimariani.com\/fr\/elli-flli-delo-placard-tera\/\">Voir l&#8217;article<\/a>","protected":false},"author":1,"featured_media":0,"comment_status":"closed","ping_status":"closed","sticky":false,"template":"","format":"standard","meta":[],"categories":[3,1,2],"tags":[],"yoast_head":"<!-- This site is optimized with the Yoast SEO plugin v16.2 - https:\/\/yoast.com\/wordpress\/plugins\/seo\/ -->\n<meta name=\"description\" content=\"ELLI FLLI DELO PLACARD TERA Les portes avec cadre DELO TERA sont r\u00e9alis\u00e9s avec la structure porteuse en aluminium, aussi rev\u00eatu en v\u00e9ritable essence de\" \/>\n<meta name=\"robots\" content=\"index, follow, max-snippet:-1, max-image-preview:large, max-video-preview:-1\" \/>\n<link rel=\"canonical\" href=\"https:\/\/www.mobilimariani.com\/fr\/elli-flli-delo-placard-tera\/\" \/>\n<meta property=\"og:locale\" content=\"fr_FR\" \/>\n<meta property=\"og:type\" content=\"article\" \/>\n<meta property=\"og:title\" content=\"ELLI FLLI DELO PLACARD TERA | Mobili Mariani\" \/>\n<meta property=\"og:description\" content=\"ELLI FLLI DELO PLACARD TERA Les portes avec cadre DELO TERA sont r\u00e9alis\u00e9s avec la structure porteuse en aluminium, aussi rev\u00eatu en v\u00e9ritable essence de\" \/>\n<meta property=\"og:url\" content=\"https:\/\/www.mobilimariani.com\/fr\/elli-flli-delo-placard-tera\/\" \/>\n<meta property=\"og:site_name\" content=\"Mobili Mariani\" \/>\n<meta property=\"article:published_time\" content=\"2000-01-01T16:50:00+00:00\" \/>\n<meta property=\"article:modified_time\" content=\"2020-10-03T17:39:32+00:00\" \/>\n<meta name=\"twitter:label1\" content=\"Est. reading time\">\n\t<meta name=\"twitter:data1\" content=\"1 minute\">\n<script type=\"application\/ld+json\" class=\"yoast-schema-graph\">{\"@context\":\"https:\/\/schema.org\",\"@graph\":[{\"@type\":\"Organization\",\"@id\":\"https:\/\/www.mobilimariani.com\/#organization\",\"name\":\"Mobili Mariani\",\"url\":\"https:\/\/www.mobilimariani.com\/\",\"sameAs\":[],\"logo\":{\"@type\":\"ImageObject\",\"@id\":\"https:\/\/www.mobilimariani.com\/#logo\",\"inLanguage\":\"fr-CH\",\"url\":\"https:\/\/www.mobilimariani.com\/wp-content\/uploads\/2015\/12\/logo.png\",\"contentUrl\":\"https:\/\/www.mobilimariani.com\/wp-content\/uploads\/2015\/12\/logo.png\",\"width\":160,\"height\":110,\"caption\":\"Mobili Mariani\"},\"image\":{\"@id\":\"https:\/\/www.mobilimariani.com\/#logo\"}},{\"@type\":\"WebSite\",\"@id\":\"https:\/\/www.mobilimariani.com\/#website\",\"url\":\"https:\/\/www.mobilimariani.com\/\",\"name\":\"Mobili Mariani\",\"description\":\"Mobili Italia Svizzera\",\"publisher\":{\"@id\":\"https:\/\/www.mobilimariani.com\/#organization\"},\"potentialAction\":[{\"@type\":\"SearchAction\",\"target\":\"https:\/\/www.mobilimariani.com\/?s={search_term_string}\",\"query-input\":\"required name=search_term_string\"}],\"inLanguage\":\"fr-CH\"},{\"@type\":\"WebPage\",\"@id\":\"https:\/\/www.mobilimariani.com\/fr\/elli-flli-delo-placard-tera\/#webpage\",\"url\":\"https:\/\/www.mobilimariani.com\/fr\/elli-flli-delo-placard-tera\/\",\"name\":\"ELLI FLLI DELO PLACARD TERA | Mobili Mariani\",\"isPartOf\":{\"@id\":\"https:\/\/www.mobilimariani.com\/#website\"},\"datePublished\":\"2000-01-01T16:50:00+00:00\",\"dateModified\":\"2020-10-03T17:39:32+00:00\",\"description\":\"ELLI FLLI DELO PLACARD TERA Les portes avec cadre DELO TERA sont r\\u00e9alis\\u00e9s avec la structure porteuse en aluminium, aussi rev\\u00eatu en v\\u00e9ritable essence de\",\"breadcrumb\":{\"@id\":\"https:\/\/www.mobilimariani.com\/fr\/elli-flli-delo-placard-tera\/#breadcrumb\"},\"inLanguage\":\"fr-CH\",\"potentialAction\":[{\"@type\":\"ReadAction\",\"target\":[\"https:\/\/www.mobilimariani.com\/fr\/elli-flli-delo-placard-tera\/\"]}]},{\"@type\":\"BreadcrumbList\",\"@id\":\"https:\/\/www.mobilimariani.com\/fr\/elli-flli-delo-placard-tera\/#breadcrumb\",\"itemListElement\":[{\"@type\":\"ListItem\",\"position\":1,\"item\":{\"@type\":\"WebPage\",\"@id\":\"https:\/\/www.mobilimariani.com\/\",\"url\":\"https:\/\/www.mobilimariani.com\/\",\"name\":\"Home\"}},{\"@type\":\"ListItem\",\"position\":2,\"item\":{\"@id\":\"https:\/\/www.mobilimariani.com\/fr\/elli-flli-delo-placard-tera\/#webpage\"}}]},{\"@type\":\"Article\",\"@id\":\"https:\/\/www.mobilimariani.com\/fr\/elli-flli-delo-placard-tera\/#article\",\"isPartOf\":{\"@id\":\"https:\/\/www.mobilimariani.com\/fr\/elli-flli-delo-placard-tera\/#webpage\"},\"author\":{\"@id\":\"https:\/\/www.mobilimariani.com\/#\/schema\/person\/4685d9f51269134e53f988c9122315f4\"},\"headline\":\"ELLI FLLI DELO PLACARD TERA\",\"datePublished\":\"2000-01-01T16:50:00+00:00\",\"dateModified\":\"2020-10-03T17:39:32+00:00\",\"mainEntityOfPage\":{\"@id\":\"https:\/\/www.mobilimariani.com\/fr\/elli-flli-delo-placard-tera\/#webpage\"},\"publisher\":{\"@id\":\"https:\/\/www.mobilimariani.com\/#organization\"},\"articleSection\":[\"Armoires\",\"Catalogue\",\"Zone nuit\"],\"inLanguage\":\"fr-CH\"},{\"@type\":\"Person\",\"@id\":\"https:\/\/www.mobilimariani.com\/#\/schema\/person\/4685d9f51269134e53f988c9122315f4\",\"name\":\"14m4rC008\",\"image\":{\"@type\":\"ImageObject\",\"@id\":\"https:\/\/www.mobilimariani.com\/#personlogo\",\"inLanguage\":\"fr-CH\",\"url\":\"https:\/\/secure.gravatar.com\/avatar\/dfaa6e536fec7030712cf850e9ddef45?s=96&d=mm&r=g\",\"contentUrl\":\"https:\/\/secure.gravatar.com\/avatar\/dfaa6e536fec7030712cf850e9ddef45?s=96&d=mm&r=g\",\"caption\":\"14m4rC008\"}}]}<\/script>\n<!-- \/ Yoast SEO plugin. -->","_links":{"self":[{"href":"https:\/\/www.mobilimariani.com\/fr\/wp-json\/wp\/v2\/posts\/18743"}],"collection":[{"href":"https:\/\/www.mobilimariani.com\/fr\/wp-json\/wp\/v2\/posts"}],"about":[{"href":"https:\/\/www.mobilimariani.com\/fr\/wp-json\/wp\/v2\/types\/post"}],"author":[{"embeddable":true,"href":"https:\/\/www.mobilimariani.com\/fr\/wp-json\/wp\/v2\/users\/1"}],"replies":[{"embeddable":true,"href":"https:\/\/www.mobilimariani.com\/fr\/wp-json\/wp\/v2\/comments?post=18743"}],"version-history":[{"count":2,"href":"https:\/\/www.mobilimariani.com\/fr\/wp-json\/wp\/v2\/posts\/18743\/revisions"}],"predecessor-version":[{"id":25775,"href":"https:\/\/www.mobilimariani.com\/fr\/wp-json\/wp\/v2\/posts\/18743\/revisions\/25775"}],"wp:attachment":[{"href":"https:\/\/www.mobilimariani.com\/fr\/wp-json\/wp\/v2\/media?parent=18743"}],"wp:term":[{"taxonomy":"category","embeddable":true,"href":"https:\/\/www.mobilimariani.com\/fr\/wp-json\/wp\/v2\/categories?post=18743"},{"taxonomy":"post_tag","embeddable":true,"href":"https:\/\/www.mobilimariani.com\/fr\/wp-json\/wp\/v2\/tags?post=18743"}],"curies":[{"name":"wp","href":"https:\/\/api.w.org\/{rel}","templated":true}]}}