{"id":18732,"date":"2017-08-10T18:15:11","date_gmt":"2017-08-10T16:15:11","guid":{"rendered":"https:\/\/www.mobilimariani.com\/?p=18732"},"modified":"2017-08-10T18:15:11","modified_gmt":"2017-08-10T16:15:11","slug":"tonelli-buffet-psiche","status":"publish","type":"post","link":"https:\/\/www.mobilimariani.com\/fr\/tonelli-buffet-psiche\/","title":{"rendered":"TONELLI BUFFET PSICHE"},"content":{"rendered":"<p>TONELLI BUFFET PSICHE\u00a0design Giovanni T. Garattoni<\/p>\n<p>Psych\u00e9 A \/ B: soit la version basse que la haute sont disponible avec quatre jambes ou sans, pour fixer le mobilier au mur. Le compartiment central en verre transparent permet d&#8217;avoir un support et une zone conteneur visible, avec l&#8217;\u00e9tag\u00e8re en verre.<\/p>\n<p>Psych\u00e9 C \/ D: est un mobilier conteneur, qui refl\u00e8te l&#8217;environnement qui l&#8217;abrite, gr\u00e2ce aux portes, au comptoir et aux\u00a0c\u00f4t\u00e9s qui sont r\u00e9alis\u00e9s avec des panneaux concave et convexe et revetus par un verre qui peut \u00eatre choisi avec effet\u00a0miroir, effet miroir or ou laqu\u00e9 blanc. Elle se d\u00e9veloppe en carr\u00e9 de cm. 50 x 50, dans le bas ou en hauteur.<\/p>\n<p>Mesures Version A \/ B: cm. 207 x 54 x h. 54\/74<\/p>\n<p>Mesures Version C: cm. 106 x 54 x h. 104<\/p>\n<p>Mesures Version D: cm. 105 x 26 x h. 105 &#8211; PAS DISPONIBLE<\/p>\n<p>Mesures Version M \/ N: cm. 205\/305 x 75 x h. 35 &#8211; PAS DISPONIBLE<\/p>\n<p>Mesures \u00e9tag\u00e8re : cm. 98\/150 x 26 x h. 5 &#8211; PAS DISPONIBLE<\/p>\n<p>Epaisseur: mm. 4<\/p>\n<p>Pour d\u00e9couvrir la marque Tonelli\u00a0<a href=\"https:\/\/www.mobilimariani.com\/fr\/concessionnaire-tonelli\/\" target=\"_blank\" data-saferedirecturl=\"https:\/\/www.google.com\/url?hl=it&amp;q=https:\/\/www.mobilimariani.com\/fr\/concessionnaire-tonelli\/&amp;source=gmail&amp;ust=1502377335396000&amp;usg=AFQjCNEohokMRMUZO-3affQLmuuCLK2-uQ\">cliquez ici<\/a><\/p>\n<p>Vous voulez conna\u00eetre notre meilleur prix pour cet article?<a href=\"https:\/\/www.mobilimariani.com\/fr\/contacts\/\" target=\"_blank\" data-saferedirecturl=\"https:\/\/www.google.com\/url?hl=it&amp;q=https:\/\/www.mobilimariani.com\/fr\/contacts\/&amp;source=gmail&amp;ust=1502377335396000&amp;usg=AFQjCNHs7yYbWY6YOA97jehU-A3dNzevOg\">\u00a0Cliquez ici\u00a0<\/a>et envoyez-nous la demande<\/p>\n<p>Signale le lieu de livraison et si le montage est necessaire<\/p>\n<p>Nous livrons partout en Europe, Canada, Etats-Unis, Russie, Emirats Arabes Unis et o\u00f9 que vous soyez<\/p>\n","protected":false},"excerpt":{"rendered":"TONELLI BUFFET PSICHE\u00a0design Giovanni T. Garattoni Psych\u00e9 A \/ B: soit la version basse que la haute sont disponible avec quatre jambes ou sans, pour fixer le mobilier au mur. Le compartiment central en verre transparent permet d&#8217;avoir un support et une zone conteneur visible, avec l&#8217;\u00e9tag\u00e8re en verre. Psych\u00e9 C \/ D: est un&#8230; <a class=\"view-article\" href=\"https:\/\/www.mobilimariani.com\/fr\/tonelli-buffet-psiche\/\">Voir l&#8217;article<\/a>","protected":false},"author":1,"featured_media":0,"comment_status":"closed","ping_status":"closed","sticky":false,"template":"","format":"standard","meta":[],"categories":[18,1,6],"tags":[],"yoast_head":"<!-- This site is optimized with the Yoast SEO plugin v16.2 - https:\/\/yoast.com\/wordpress\/plugins\/seo\/ -->\n<meta name=\"description\" content=\"TONELLI BUFFET PSICHE\u00a0design Giovanni T. Garattoni Psych\u00e9 A \/ B: soit la version basse que la haute sont disponible avec quatre jambes ou sans, pour fixer\" \/>\n<meta name=\"robots\" content=\"index, follow, max-snippet:-1, max-image-preview:large, max-video-preview:-1\" \/>\n<link rel=\"canonical\" href=\"https:\/\/www.mobilimariani.com\/fr\/tonelli-buffet-psiche\/\" \/>\n<meta property=\"og:locale\" content=\"fr_FR\" \/>\n<meta property=\"og:type\" content=\"article\" \/>\n<meta property=\"og:title\" content=\"TONELLI BUFFET PSICHE | Mobili Mariani\" \/>\n<meta property=\"og:description\" content=\"TONELLI BUFFET PSICHE\u00a0design Giovanni T. Garattoni Psych\u00e9 A \/ B: soit la version basse que la haute sont disponible avec quatre jambes ou sans, pour fixer\" \/>\n<meta property=\"og:url\" content=\"https:\/\/www.mobilimariani.com\/fr\/tonelli-buffet-psiche\/\" \/>\n<meta property=\"og:site_name\" content=\"Mobili Mariani\" \/>\n<meta property=\"article:published_time\" content=\"2017-08-10T16:15:11+00:00\" \/>\n<meta name=\"twitter:label1\" content=\"Est. reading time\">\n\t<meta name=\"twitter:data1\" content=\"1 minute\">\n<script type=\"application\/ld+json\" class=\"yoast-schema-graph\">{\"@context\":\"https:\/\/schema.org\",\"@graph\":[{\"@type\":\"Organization\",\"@id\":\"https:\/\/www.mobilimariani.com\/#organization\",\"name\":\"Mobili Mariani\",\"url\":\"https:\/\/www.mobilimariani.com\/\",\"sameAs\":[],\"logo\":{\"@type\":\"ImageObject\",\"@id\":\"https:\/\/www.mobilimariani.com\/#logo\",\"inLanguage\":\"fr-CH\",\"url\":\"https:\/\/www.mobilimariani.com\/wp-content\/uploads\/2015\/12\/logo.png\",\"contentUrl\":\"https:\/\/www.mobilimariani.com\/wp-content\/uploads\/2015\/12\/logo.png\",\"width\":160,\"height\":110,\"caption\":\"Mobili Mariani\"},\"image\":{\"@id\":\"https:\/\/www.mobilimariani.com\/#logo\"}},{\"@type\":\"WebSite\",\"@id\":\"https:\/\/www.mobilimariani.com\/#website\",\"url\":\"https:\/\/www.mobilimariani.com\/\",\"name\":\"Mobili Mariani\",\"description\":\"Mobili Italia Svizzera\",\"publisher\":{\"@id\":\"https:\/\/www.mobilimariani.com\/#organization\"},\"potentialAction\":[{\"@type\":\"SearchAction\",\"target\":\"https:\/\/www.mobilimariani.com\/?s={search_term_string}\",\"query-input\":\"required name=search_term_string\"}],\"inLanguage\":\"fr-CH\"},{\"@type\":\"WebPage\",\"@id\":\"https:\/\/www.mobilimariani.com\/fr\/tonelli-buffet-psiche\/#webpage\",\"url\":\"https:\/\/www.mobilimariani.com\/fr\/tonelli-buffet-psiche\/\",\"name\":\"TONELLI BUFFET PSICHE | Mobili Mariani\",\"isPartOf\":{\"@id\":\"https:\/\/www.mobilimariani.com\/#website\"},\"datePublished\":\"2017-08-10T16:15:11+00:00\",\"dateModified\":\"2017-08-10T16:15:11+00:00\",\"description\":\"TONELLI BUFFET PSICHE\\u00a0design Giovanni T. Garattoni Psych\\u00e9 A \/ B: soit la version basse que la haute sont disponible avec quatre jambes ou sans, pour fixer\",\"breadcrumb\":{\"@id\":\"https:\/\/www.mobilimariani.com\/fr\/tonelli-buffet-psiche\/#breadcrumb\"},\"inLanguage\":\"fr-CH\",\"potentialAction\":[{\"@type\":\"ReadAction\",\"target\":[\"https:\/\/www.mobilimariani.com\/fr\/tonelli-buffet-psiche\/\"]}]},{\"@type\":\"BreadcrumbList\",\"@id\":\"https:\/\/www.mobilimariani.com\/fr\/tonelli-buffet-psiche\/#breadcrumb\",\"itemListElement\":[{\"@type\":\"ListItem\",\"position\":1,\"item\":{\"@type\":\"WebPage\",\"@id\":\"https:\/\/www.mobilimariani.com\/\",\"url\":\"https:\/\/www.mobilimariani.com\/\",\"name\":\"Home\"}},{\"@type\":\"ListItem\",\"position\":2,\"item\":{\"@id\":\"https:\/\/www.mobilimariani.com\/fr\/tonelli-buffet-psiche\/#webpage\"}}]},{\"@type\":\"Article\",\"@id\":\"https:\/\/www.mobilimariani.com\/fr\/tonelli-buffet-psiche\/#article\",\"isPartOf\":{\"@id\":\"https:\/\/www.mobilimariani.com\/fr\/tonelli-buffet-psiche\/#webpage\"},\"author\":{\"@id\":\"https:\/\/www.mobilimariani.com\/#\/schema\/person\/4685d9f51269134e53f988c9122315f4\"},\"headline\":\"TONELLI BUFFET PSICHE\",\"datePublished\":\"2017-08-10T16:15:11+00:00\",\"dateModified\":\"2017-08-10T16:15:11+00:00\",\"mainEntityOfPage\":{\"@id\":\"https:\/\/www.mobilimariani.com\/fr\/tonelli-buffet-psiche\/#webpage\"},\"publisher\":{\"@id\":\"https:\/\/www.mobilimariani.com\/#organization\"},\"articleSection\":[\"Autre\",\"Catalogue\",\"Salle jour\"],\"inLanguage\":\"fr-CH\"},{\"@type\":\"Person\",\"@id\":\"https:\/\/www.mobilimariani.com\/#\/schema\/person\/4685d9f51269134e53f988c9122315f4\",\"name\":\"14m4rC008\",\"image\":{\"@type\":\"ImageObject\",\"@id\":\"https:\/\/www.mobilimariani.com\/#personlogo\",\"inLanguage\":\"fr-CH\",\"url\":\"https:\/\/secure.gravatar.com\/avatar\/dfaa6e536fec7030712cf850e9ddef45?s=96&d=mm&r=g\",\"contentUrl\":\"https:\/\/secure.gravatar.com\/avatar\/dfaa6e536fec7030712cf850e9ddef45?s=96&d=mm&r=g\",\"caption\":\"14m4rC008\"}}]}<\/script>\n<!-- \/ Yoast SEO plugin. -->","_links":{"self":[{"href":"https:\/\/www.mobilimariani.com\/fr\/wp-json\/wp\/v2\/posts\/18732"}],"collection":[{"href":"https:\/\/www.mobilimariani.com\/fr\/wp-json\/wp\/v2\/posts"}],"about":[{"href":"https:\/\/www.mobilimariani.com\/fr\/wp-json\/wp\/v2\/types\/post"}],"author":[{"embeddable":true,"href":"https:\/\/www.mobilimariani.com\/fr\/wp-json\/wp\/v2\/users\/1"}],"replies":[{"embeddable":true,"href":"https:\/\/www.mobilimariani.com\/fr\/wp-json\/wp\/v2\/comments?post=18732"}],"version-history":[{"count":1,"href":"https:\/\/www.mobilimariani.com\/fr\/wp-json\/wp\/v2\/posts\/18732\/revisions"}],"predecessor-version":[{"id":18733,"href":"https:\/\/www.mobilimariani.com\/fr\/wp-json\/wp\/v2\/posts\/18732\/revisions\/18733"}],"wp:attachment":[{"href":"https:\/\/www.mobilimariani.com\/fr\/wp-json\/wp\/v2\/media?parent=18732"}],"wp:term":[{"taxonomy":"category","embeddable":true,"href":"https:\/\/www.mobilimariani.com\/fr\/wp-json\/wp\/v2\/categories?post=18732"},{"taxonomy":"post_tag","embeddable":true,"href":"https:\/\/www.mobilimariani.com\/fr\/wp-json\/wp\/v2\/tags?post=18732"}],"curies":[{"name":"wp","href":"https:\/\/api.w.org\/{rel}","templated":true}]}}