{"id":18726,"date":"2017-08-10T17:30:02","date_gmt":"2017-08-10T15:30:02","guid":{"rendered":"https:\/\/www.mobilimariani.com\/?p=18726"},"modified":"2021-02-20T17:05:57","modified_gmt":"2021-02-20T16:05:57","slug":"tonelli-miroir-atomic","status":"publish","type":"post","link":"https:\/\/www.mobilimariani.com\/fr\/tonelli-miroir-atomic\/","title":{"rendered":"TONELLI MIROIR ATOMIC"},"content":{"rendered":"<p>TONELLI MIROIR ATOMIC\u00a0design Giovanni T. Garattoni<\/p>\n<p>Miroir mural form\u00e9 par des cercles de diff\u00e9rentes tailles dans les couleurs fum\u00e9e. bronze, or, rose et gris.<\/p>\n<p>Le miroir peut \u00eatre positionn\u00e9 verticalement ou horizontalement.<\/p>\n<p>Mesures: cm. 92 x 160 x h ou 3 cm. 102 x 205 x 3 h<\/p>\n<p>Pour d\u00e9couvrir la marque Tonelli\u00a0<a href=\"https:\/\/www.mobilimariani.com\/fr\/concessionnaire-tonelli\/\" target=\"_blank\" rel=\"noopener noreferrer\" data-saferedirecturl=\"https:\/\/www.google.com\/url?hl=it&amp;q=https:\/\/www.mobilimariani.com\/fr\/concessionnaire-tonelli\/&amp;source=gmail&amp;ust=1502377335396000&amp;usg=AFQjCNEohokMRMUZO-3affQLmuuCLK2-uQ\">cliquez ici<\/a><\/p>\n<p>Pour d\u00e9couvrir le catalogue de tous nos miroirs\u00a0<a href=\"https:\/\/www.mobilimariani.com\/fr\/search\/miroir\">cliquez ici<\/a><\/p>\n<p>Vous voulez conna\u00eetre notre meilleur prix pour cet article?<a href=\"https:\/\/www.mobilimariani.com\/fr\/contacts\/\" target=\"_blank\" rel=\"noreferrer noopener\">\u00a0Cliquez ici\u00a0<\/a>et envoyez-nous la demande<\/p>\n<p>Signale le lieu de livraison.<\/p>\n<p>Nous livrons partout en Europe et o\u00f9 que vous soyez<\/p>\n","protected":false},"excerpt":{"rendered":"TONELLI MIROIR ATOMIC\u00a0design Giovanni T. Garattoni Miroir mural form\u00e9 par des cercles de diff\u00e9rentes tailles dans les couleurs fum\u00e9e. bronze, or, rose et gris. Le miroir peut \u00eatre positionn\u00e9 verticalement ou horizontalement. Mesures: cm. 92 x 160 x h ou 3 cm. 102 x 205 x 3 h Pour d\u00e9couvrir la marque Tonelli\u00a0cliquez ici Pour&#8230; <a class=\"view-article\" href=\"https:\/\/www.mobilimariani.com\/fr\/tonelli-miroir-atomic\/\">Voir l&#8217;article<\/a>","protected":false},"author":1,"featured_media":0,"comment_status":"closed","ping_status":"closed","sticky":false,"template":"","format":"standard","meta":[],"categories":[18,1,6],"tags":[],"yoast_head":"<!-- This site is optimized with the Yoast SEO plugin v16.2 - https:\/\/yoast.com\/wordpress\/plugins\/seo\/ -->\n<meta name=\"description\" content=\"TONELLI MIROIR ATOMIC\u00a0design Giovanni T. Garattoni Miroir mural form\u00e9 par des cercles de diff\u00e9rentes tailles dans les couleurs fum\u00e9e. bronze, or, rose et\" \/>\n<meta name=\"robots\" content=\"index, follow, max-snippet:-1, max-image-preview:large, max-video-preview:-1\" \/>\n<link rel=\"canonical\" href=\"https:\/\/www.mobilimariani.com\/fr\/tonelli-miroir-atomic\/\" \/>\n<meta property=\"og:locale\" content=\"fr_FR\" \/>\n<meta property=\"og:type\" content=\"article\" \/>\n<meta property=\"og:title\" content=\"TONELLI MIROIR ATOMIC | Mobili Mariani\" \/>\n<meta property=\"og:description\" content=\"TONELLI MIROIR ATOMIC\u00a0design Giovanni T. Garattoni Miroir mural form\u00e9 par des cercles de diff\u00e9rentes tailles dans les couleurs fum\u00e9e. bronze, or, rose et\" \/>\n<meta property=\"og:url\" content=\"https:\/\/www.mobilimariani.com\/fr\/tonelli-miroir-atomic\/\" \/>\n<meta property=\"og:site_name\" content=\"Mobili Mariani\" \/>\n<meta property=\"article:published_time\" content=\"2017-08-10T15:30:02+00:00\" \/>\n<meta property=\"article:modified_time\" content=\"2021-02-20T16:05:57+00:00\" \/>\n<script type=\"application\/ld+json\" class=\"yoast-schema-graph\">{\"@context\":\"https:\/\/schema.org\",\"@graph\":[{\"@type\":\"Organization\",\"@id\":\"https:\/\/www.mobilimariani.com\/#organization\",\"name\":\"Mobili Mariani\",\"url\":\"https:\/\/www.mobilimariani.com\/\",\"sameAs\":[],\"logo\":{\"@type\":\"ImageObject\",\"@id\":\"https:\/\/www.mobilimariani.com\/#logo\",\"inLanguage\":\"fr-CH\",\"url\":\"https:\/\/www.mobilimariani.com\/wp-content\/uploads\/2015\/12\/logo.png\",\"contentUrl\":\"https:\/\/www.mobilimariani.com\/wp-content\/uploads\/2015\/12\/logo.png\",\"width\":160,\"height\":110,\"caption\":\"Mobili Mariani\"},\"image\":{\"@id\":\"https:\/\/www.mobilimariani.com\/#logo\"}},{\"@type\":\"WebSite\",\"@id\":\"https:\/\/www.mobilimariani.com\/#website\",\"url\":\"https:\/\/www.mobilimariani.com\/\",\"name\":\"Mobili Mariani\",\"description\":\"Mobili Italia Svizzera\",\"publisher\":{\"@id\":\"https:\/\/www.mobilimariani.com\/#organization\"},\"potentialAction\":[{\"@type\":\"SearchAction\",\"target\":\"https:\/\/www.mobilimariani.com\/?s={search_term_string}\",\"query-input\":\"required name=search_term_string\"}],\"inLanguage\":\"fr-CH\"},{\"@type\":\"WebPage\",\"@id\":\"https:\/\/www.mobilimariani.com\/fr\/tonelli-miroir-atomic\/#webpage\",\"url\":\"https:\/\/www.mobilimariani.com\/fr\/tonelli-miroir-atomic\/\",\"name\":\"TONELLI MIROIR ATOMIC | Mobili Mariani\",\"isPartOf\":{\"@id\":\"https:\/\/www.mobilimariani.com\/#website\"},\"datePublished\":\"2017-08-10T15:30:02+00:00\",\"dateModified\":\"2021-02-20T16:05:57+00:00\",\"description\":\"TONELLI MIROIR ATOMIC\\u00a0design Giovanni T. Garattoni Miroir mural form\\u00e9 par des cercles de diff\\u00e9rentes tailles dans les couleurs fum\\u00e9e. bronze, or, rose et\",\"breadcrumb\":{\"@id\":\"https:\/\/www.mobilimariani.com\/fr\/tonelli-miroir-atomic\/#breadcrumb\"},\"inLanguage\":\"fr-CH\",\"potentialAction\":[{\"@type\":\"ReadAction\",\"target\":[\"https:\/\/www.mobilimariani.com\/fr\/tonelli-miroir-atomic\/\"]}]},{\"@type\":\"BreadcrumbList\",\"@id\":\"https:\/\/www.mobilimariani.com\/fr\/tonelli-miroir-atomic\/#breadcrumb\",\"itemListElement\":[{\"@type\":\"ListItem\",\"position\":1,\"item\":{\"@type\":\"WebPage\",\"@id\":\"https:\/\/www.mobilimariani.com\/\",\"url\":\"https:\/\/www.mobilimariani.com\/\",\"name\":\"Home\"}},{\"@type\":\"ListItem\",\"position\":2,\"item\":{\"@id\":\"https:\/\/www.mobilimariani.com\/fr\/tonelli-miroir-atomic\/#webpage\"}}]},{\"@type\":\"Article\",\"@id\":\"https:\/\/www.mobilimariani.com\/fr\/tonelli-miroir-atomic\/#article\",\"isPartOf\":{\"@id\":\"https:\/\/www.mobilimariani.com\/fr\/tonelli-miroir-atomic\/#webpage\"},\"author\":{\"@id\":\"https:\/\/www.mobilimariani.com\/#\/schema\/person\/4685d9f51269134e53f988c9122315f4\"},\"headline\":\"TONELLI MIROIR ATOMIC\",\"datePublished\":\"2017-08-10T15:30:02+00:00\",\"dateModified\":\"2021-02-20T16:05:57+00:00\",\"mainEntityOfPage\":{\"@id\":\"https:\/\/www.mobilimariani.com\/fr\/tonelli-miroir-atomic\/#webpage\"},\"publisher\":{\"@id\":\"https:\/\/www.mobilimariani.com\/#organization\"},\"articleSection\":[\"Autre\",\"Catalogue\",\"Salle jour\"],\"inLanguage\":\"fr-CH\"},{\"@type\":\"Person\",\"@id\":\"https:\/\/www.mobilimariani.com\/#\/schema\/person\/4685d9f51269134e53f988c9122315f4\",\"name\":\"14m4rC008\",\"image\":{\"@type\":\"ImageObject\",\"@id\":\"https:\/\/www.mobilimariani.com\/#personlogo\",\"inLanguage\":\"fr-CH\",\"url\":\"https:\/\/secure.gravatar.com\/avatar\/dfaa6e536fec7030712cf850e9ddef45?s=96&d=mm&r=g\",\"contentUrl\":\"https:\/\/secure.gravatar.com\/avatar\/dfaa6e536fec7030712cf850e9ddef45?s=96&d=mm&r=g\",\"caption\":\"14m4rC008\"}}]}<\/script>\n<!-- \/ Yoast SEO plugin. -->","_links":{"self":[{"href":"https:\/\/www.mobilimariani.com\/fr\/wp-json\/wp\/v2\/posts\/18726"}],"collection":[{"href":"https:\/\/www.mobilimariani.com\/fr\/wp-json\/wp\/v2\/posts"}],"about":[{"href":"https:\/\/www.mobilimariani.com\/fr\/wp-json\/wp\/v2\/types\/post"}],"author":[{"embeddable":true,"href":"https:\/\/www.mobilimariani.com\/fr\/wp-json\/wp\/v2\/users\/1"}],"replies":[{"embeddable":true,"href":"https:\/\/www.mobilimariani.com\/fr\/wp-json\/wp\/v2\/comments?post=18726"}],"version-history":[{"count":2,"href":"https:\/\/www.mobilimariani.com\/fr\/wp-json\/wp\/v2\/posts\/18726\/revisions"}],"predecessor-version":[{"id":26655,"href":"https:\/\/www.mobilimariani.com\/fr\/wp-json\/wp\/v2\/posts\/18726\/revisions\/26655"}],"wp:attachment":[{"href":"https:\/\/www.mobilimariani.com\/fr\/wp-json\/wp\/v2\/media?parent=18726"}],"wp:term":[{"taxonomy":"category","embeddable":true,"href":"https:\/\/www.mobilimariani.com\/fr\/wp-json\/wp\/v2\/categories?post=18726"},{"taxonomy":"post_tag","embeddable":true,"href":"https:\/\/www.mobilimariani.com\/fr\/wp-json\/wp\/v2\/tags?post=18726"}],"curies":[{"name":"wp","href":"https:\/\/api.w.org\/{rel}","templated":true}]}}