{"id":18699,"date":"2024-11-02T10:56:26","date_gmt":"2024-11-02T09:56:26","guid":{"rendered":"https:\/\/www.mobilimariani.com\/?p=18699"},"modified":"2025-04-19T16:03:26","modified_gmt":"2025-04-19T14:03:26","slug":"tonelli-scala-del-cielo-placard","status":"publish","type":"post","link":"https:\/\/www.mobilimariani.com\/fr\/tonelli-scala-del-cielo-placard\/","title":{"rendered":"TONELLI SCALA DEL CIELO ETAGERE"},"content":{"rendered":"<p>TONELLI SCALA DEL CIELO ETAGERE design De Pas \u2013 D\u2019Urbino \u2013 Lomazzi<\/p>\n<p>Id\u00e9al comme vide-poche, il est \u00e9galement un \u00e9l\u00e9ment de d\u00e9coration.<\/p>\n<p>Avec un support il s&#8217;appuye sur le sol, avec deux supports il peut \u00eatre accroch\u00e9 au mur.<\/p>\n<p>Mesures: cm. 120 x 24 x h. 118<\/p>\n<p>Epaisseur: mm. 12<\/p>\n<p>Capacit\u00e9: 5 kg. chaque \u00e9tag\u00e8re<\/p>\n<p>Liste de prix \u20ac 1684,00<\/p>\n<h3><strong>PRIX AUTONOME \u20ac\u00a0 755,00<\/strong><\/h3>\n<p>Pour nos clients suisses, il sera d\u00e9duit l\u2019I.V.A. italienne<\/p>\n<p>Pour voir toutes nos ventes,\u00a0<a href=\"https:\/\/www.mobilimariani.com\/fr\/search\/VENTES\">cliquez ici<\/a><\/p>\n<p>Avez-vous besoin de plus d\u2019informations?<\/p>\n<p><a href=\"https:\/\/www.mobilimariani.com\/fr\/contacts\/\" target=\"_blank\" rel=\"noreferrer noopener\">Cliquez ici\u00a0<\/a>\u00a0et nous vous r\u00e9pondrons<\/p>\n","protected":false},"excerpt":{"rendered":"TONELLI SCALA DEL CIELO ETAGERE design De Pas \u2013 D\u2019Urbino \u2013 Lomazzi Id\u00e9al comme vide-poche, il est \u00e9galement un \u00e9l\u00e9ment de d\u00e9coration. Avec un support il s&#8217;appuye sur le sol, avec deux supports il peut \u00eatre accroch\u00e9 au mur. Mesures: cm. 120 x 24 x h. 118 Epaisseur: mm. 12 Capacit\u00e9: 5 kg. chaque \u00e9tag\u00e8re&#8230; <a class=\"view-article\" href=\"https:\/\/www.mobilimariani.com\/fr\/tonelli-scala-del-cielo-placard\/\">Voir l&#8217;article<\/a>","protected":false},"author":1,"featured_media":0,"comment_status":"closed","ping_status":"closed","sticky":false,"template":"","format":"standard","meta":[],"categories":[1,8,14,6,2],"tags":[],"yoast_head":"<!-- This site is optimized with the Yoast SEO plugin v16.2 - https:\/\/yoast.com\/wordpress\/plugins\/seo\/ -->\n<meta name=\"description\" content=\"TONELLI SCALA DEL CIELO ETAGERE design De Pas \u2013 D\u2019Urbino \u2013 Lomazzi Id\u00e9al comme vide-poche, il est \u00e9galement un \u00e9l\u00e9ment de d\u00e9coration. Avec un support il\" \/>\n<meta name=\"robots\" content=\"index, follow, max-snippet:-1, max-image-preview:large, max-video-preview:-1\" \/>\n<link rel=\"canonical\" href=\"https:\/\/www.mobilimariani.com\/fr\/tonelli-scala-del-cielo-placard\/\" \/>\n<meta property=\"og:locale\" content=\"fr_FR\" \/>\n<meta property=\"og:type\" content=\"article\" \/>\n<meta property=\"og:title\" content=\"TONELLI SCALA DEL CIELO ETAGERE | Mobili Mariani\" \/>\n<meta property=\"og:description\" content=\"TONELLI SCALA DEL CIELO ETAGERE design De Pas \u2013 D\u2019Urbino \u2013 Lomazzi Id\u00e9al comme vide-poche, il est \u00e9galement un \u00e9l\u00e9ment de d\u00e9coration. Avec un support il\" \/>\n<meta property=\"og:url\" content=\"https:\/\/www.mobilimariani.com\/fr\/tonelli-scala-del-cielo-placard\/\" \/>\n<meta property=\"og:site_name\" content=\"Mobili Mariani\" \/>\n<meta property=\"article:published_time\" content=\"2024-11-02T09:56:26+00:00\" \/>\n<meta property=\"article:modified_time\" content=\"2025-04-19T14:03:26+00:00\" \/>\n<meta name=\"twitter:label1\" content=\"Est. reading time\">\n\t<meta name=\"twitter:data1\" content=\"1 minute\">\n<script type=\"application\/ld+json\" class=\"yoast-schema-graph\">{\"@context\":\"https:\/\/schema.org\",\"@graph\":[{\"@type\":\"Organization\",\"@id\":\"https:\/\/www.mobilimariani.com\/#organization\",\"name\":\"Mobili Mariani\",\"url\":\"https:\/\/www.mobilimariani.com\/\",\"sameAs\":[],\"logo\":{\"@type\":\"ImageObject\",\"@id\":\"https:\/\/www.mobilimariani.com\/#logo\",\"inLanguage\":\"fr-CH\",\"url\":\"https:\/\/www.mobilimariani.com\/wp-content\/uploads\/2015\/12\/logo.png\",\"contentUrl\":\"https:\/\/www.mobilimariani.com\/wp-content\/uploads\/2015\/12\/logo.png\",\"width\":160,\"height\":110,\"caption\":\"Mobili Mariani\"},\"image\":{\"@id\":\"https:\/\/www.mobilimariani.com\/#logo\"}},{\"@type\":\"WebSite\",\"@id\":\"https:\/\/www.mobilimariani.com\/#website\",\"url\":\"https:\/\/www.mobilimariani.com\/\",\"name\":\"Mobili Mariani\",\"description\":\"Mobili Italia Svizzera\",\"publisher\":{\"@id\":\"https:\/\/www.mobilimariani.com\/#organization\"},\"potentialAction\":[{\"@type\":\"SearchAction\",\"target\":\"https:\/\/www.mobilimariani.com\/?s={search_term_string}\",\"query-input\":\"required name=search_term_string\"}],\"inLanguage\":\"fr-CH\"},{\"@type\":\"WebPage\",\"@id\":\"https:\/\/www.mobilimariani.com\/fr\/tonelli-scala-del-cielo-placard\/#webpage\",\"url\":\"https:\/\/www.mobilimariani.com\/fr\/tonelli-scala-del-cielo-placard\/\",\"name\":\"TONELLI SCALA DEL CIELO ETAGERE | Mobili Mariani\",\"isPartOf\":{\"@id\":\"https:\/\/www.mobilimariani.com\/#website\"},\"datePublished\":\"2024-11-02T09:56:26+00:00\",\"dateModified\":\"2025-04-19T14:03:26+00:00\",\"description\":\"TONELLI SCALA DEL CIELO ETAGERE design De Pas \\u2013 D\\u2019Urbino \\u2013 Lomazzi Id\\u00e9al comme vide-poche, il est \\u00e9galement un \\u00e9l\\u00e9ment de d\\u00e9coration. Avec un support il\",\"breadcrumb\":{\"@id\":\"https:\/\/www.mobilimariani.com\/fr\/tonelli-scala-del-cielo-placard\/#breadcrumb\"},\"inLanguage\":\"fr-CH\",\"potentialAction\":[{\"@type\":\"ReadAction\",\"target\":[\"https:\/\/www.mobilimariani.com\/fr\/tonelli-scala-del-cielo-placard\/\"]}]},{\"@type\":\"BreadcrumbList\",\"@id\":\"https:\/\/www.mobilimariani.com\/fr\/tonelli-scala-del-cielo-placard\/#breadcrumb\",\"itemListElement\":[{\"@type\":\"ListItem\",\"position\":1,\"item\":{\"@type\":\"WebPage\",\"@id\":\"https:\/\/www.mobilimariani.com\/\",\"url\":\"https:\/\/www.mobilimariani.com\/\",\"name\":\"Home\"}},{\"@type\":\"ListItem\",\"position\":2,\"item\":{\"@id\":\"https:\/\/www.mobilimariani.com\/fr\/tonelli-scala-del-cielo-placard\/#webpage\"}}]},{\"@type\":\"Article\",\"@id\":\"https:\/\/www.mobilimariani.com\/fr\/tonelli-scala-del-cielo-placard\/#article\",\"isPartOf\":{\"@id\":\"https:\/\/www.mobilimariani.com\/fr\/tonelli-scala-del-cielo-placard\/#webpage\"},\"author\":{\"@id\":\"https:\/\/www.mobilimariani.com\/#\/schema\/person\/4685d9f51269134e53f988c9122315f4\"},\"headline\":\"TONELLI SCALA DEL CIELO ETAGERE\",\"datePublished\":\"2024-11-02T09:56:26+00:00\",\"dateModified\":\"2025-04-19T14:03:26+00:00\",\"mainEntityOfPage\":{\"@id\":\"https:\/\/www.mobilimariani.com\/fr\/tonelli-scala-del-cielo-placard\/#webpage\"},\"publisher\":{\"@id\":\"https:\/\/www.mobilimariani.com\/#organization\"},\"articleSection\":[\"Catalogue\",\"News\",\"Outlet\",\"Salle jour\",\"Zone nuit\"],\"inLanguage\":\"fr-CH\"},{\"@type\":\"Person\",\"@id\":\"https:\/\/www.mobilimariani.com\/#\/schema\/person\/4685d9f51269134e53f988c9122315f4\",\"name\":\"14m4rC008\",\"image\":{\"@type\":\"ImageObject\",\"@id\":\"https:\/\/www.mobilimariani.com\/#personlogo\",\"inLanguage\":\"fr-CH\",\"url\":\"https:\/\/secure.gravatar.com\/avatar\/dfaa6e536fec7030712cf850e9ddef45?s=96&d=mm&r=g\",\"contentUrl\":\"https:\/\/secure.gravatar.com\/avatar\/dfaa6e536fec7030712cf850e9ddef45?s=96&d=mm&r=g\",\"caption\":\"14m4rC008\"}}]}<\/script>\n<!-- \/ Yoast SEO plugin. -->","_links":{"self":[{"href":"https:\/\/www.mobilimariani.com\/fr\/wp-json\/wp\/v2\/posts\/18699"}],"collection":[{"href":"https:\/\/www.mobilimariani.com\/fr\/wp-json\/wp\/v2\/posts"}],"about":[{"href":"https:\/\/www.mobilimariani.com\/fr\/wp-json\/wp\/v2\/types\/post"}],"author":[{"embeddable":true,"href":"https:\/\/www.mobilimariani.com\/fr\/wp-json\/wp\/v2\/users\/1"}],"replies":[{"embeddable":true,"href":"https:\/\/www.mobilimariani.com\/fr\/wp-json\/wp\/v2\/comments?post=18699"}],"version-history":[{"count":5,"href":"https:\/\/www.mobilimariani.com\/fr\/wp-json\/wp\/v2\/posts\/18699\/revisions"}],"predecessor-version":[{"id":32592,"href":"https:\/\/www.mobilimariani.com\/fr\/wp-json\/wp\/v2\/posts\/18699\/revisions\/32592"}],"wp:attachment":[{"href":"https:\/\/www.mobilimariani.com\/fr\/wp-json\/wp\/v2\/media?parent=18699"}],"wp:term":[{"taxonomy":"category","embeddable":true,"href":"https:\/\/www.mobilimariani.com\/fr\/wp-json\/wp\/v2\/categories?post=18699"},{"taxonomy":"post_tag","embeddable":true,"href":"https:\/\/www.mobilimariani.com\/fr\/wp-json\/wp\/v2\/tags?post=18699"}],"curies":[{"name":"wp","href":"https:\/\/api.w.org\/{rel}","templated":true}]}}