{"id":18672,"date":"2017-08-09T15:43:19","date_gmt":"2017-08-09T13:43:19","guid":{"rendered":"https:\/\/www.mobilimariani.com\/?p=18672"},"modified":"2017-08-09T15:43:19","modified_gmt":"2017-08-09T13:43:19","slug":"projet-cuisine-ernestomeda-icon-air-blanc-brillant","status":"publish","type":"post","link":"https:\/\/www.mobilimariani.com\/fr\/projet-cuisine-ernestomeda-icon-air-blanc-brillant\/","title":{"rendered":"PROJET CUISINE ERNESTOMEDA ICON AIR BLANC BRILLANT"},"content":{"rendered":"<p>LE PROJET<\/p>\n<p>PROJET CUISINE ERNESTOMEDA ICON AIR BLANC BRILLANT<\/p>\n<p>Ce projet a n\u00e9cessit\u00e9 de diviser la zone d&#8217;entr\u00e9e principalede la maison, de celle plus op\u00e9rationnelle de la cuisine.<\/p>\n<p>But atteindu par la cr\u00e9ation d&#8217;une partition \u00e0 deux faces avec les colonnes \u00e9lev\u00e9es de cm. 125 x 35 pde rofondeur, entrecoup\u00e9s par de compartiments ouverts. A la fin de cette composition des tablettes arrondies nous invitent \u00e0 \u00a0rejoindre la cuisine.<\/p>\n<div id=\"gt-src-c\" class=\"g-unit\"><\/div>\n<div id=\"gt-res-c\" class=\"g-unit\">\n<div id=\"gt-res-p\">\n<div id=\"gt-res-data\">\n<div id=\"gt-res-wrap\">\n<div id=\"gt-res-content\">\n<div id=\"gt-res-dir-ctr\" class=\"trans-verified-button-small\" dir=\"ltr\"><span id=\"result_box\" class=\"\" lang=\"fr\"><span title=\"Inserire le colonne alte cm.\">Ins\u00e9rer des colonnes de haut. cm\u00a0<\/span><span title=\"125 nell\u2019 ingresso, ci ha consentito di montare una colonna forno dal lato cucina, visto le poche, quasi inesistenti pareti.\">125 \u00e0 l&#8217;entr\u00e9e, nous a permis de monter un four \u00e0 colonne du c\u00f4t\u00e9 de la cuisine, vu les murs, presque inexistants.\u00a0<\/span><span title=\"Gli schienali delle colonne dell\u2019ingresso e gli schienali della cucina Icon Air di ErnestoMeda sono stati realizzati in quarzo.\">Le dos des colonnes d&#8217;entr\u00e9e et les dossiers de la cuisine Icon Air Ernestomeda ont \u00e9t\u00e9 r\u00e9alis\u00e9es en quartz.\u00a0A<\/span><span title=\"A cappello una mensola di legno massello lavorata e disegnata appositamente per integrare le due situazioni di utilizzo.\">\u00a0chapeau on a une \u00e9tag\u00e8re en bois massif trait\u00e9e et sp\u00e9cialement con\u00e7ue pour int\u00e9grer les deux situations d&#8217;utilisation.\u00a0<\/span><span title=\"La cucina si sviluppa poi con cassetti e cestoni, un elemento ad angolo con attrezzatura Le Mans ad estrazione totale, la lavastoviglie a scomparsa totale, la zona del lavello centrata sotto la finestra ed il frigorifero ad incasso.\n\n\">La cuisine se d\u00e9veloppe ensuite avec des tiroirs et des paniers, un \u00e9l\u00e9ment d&#8217;angle avec des \u00e9quipements Le Mans \u00e0 extraction totale, lave-vaisselle \u00e0 disparition totale , lavabo centr\u00e9 sous la fen\u00eatre et r\u00e9frig\u00e9rateur encaiss\u00e9.<\/span><\/span><\/div>\n<div class=\"trans-verified-button-small\" dir=\"ltr\"><\/div>\n<div class=\"trans-verified-button-small\" dir=\"ltr\">Du c\u00f4t\u00e9 oppos\u00e9, sur le mur qui s\u00e9pare la cuisine de la salle \u00e0 manger, on a ins\u00e9r\u00e9 de bases de\u00a060 cm de hauteur, peu profondes, sur lequelles on a mont\u00e9\u00a0une table p\u00e9ninsulaire avec la t\u00eate courb\u00e9e en bois, construite sur notre projet par notre menuiserie, soutenue par une jambe en\u00a0cristal tr\u00e8s clair avec section \u00e0 T.<\/div>\n<div class=\"trans-verified-button-small\" dir=\"ltr\"><\/div>\n<div class=\"trans-verified-button-small\" dir=\"ltr\">On a \u00e9t\u00e9 consult\u00e9 lors de la construction \u00e0 terminer, et on a pu ainsi conseiller les clients sur le choix des mat\u00e9riaux pour les rev\u00eatements de sol; le choix a \u00e9tait d&#8217;utiliser la pierre et le bois. La Pietra \u00e0 l&#8217;entr\u00e9e de la maison pour une continuit\u00e9 avec le patio ext\u00e9rieur, le bois en harmonie avec l&#8217;environnement rural ext\u00e9rieur. Pour l&#8217;\u00e9clairage, nous avons choisi des \u00e9l\u00e9ments a\u00e8riens pour la zone de la table p\u00e9ninsule, Lumi\u00e8res led sous l&#8217;\u00e9tag\u00e8ere et \u00e9clairage encastr\u00e9 dans le plafond de l&#8217;entr\u00e9e.<\/div>\n<div class=\"trans-verified-button-small\" dir=\"ltr\"><\/div>\n<div class=\"trans-verified-button-small\" dir=\"ltr\"><a href=\"https:\/\/www.mobilimariani.com\/fr\/contacts\/\">Cliquez ici\u00a0<\/a>pour d\u00e9couvrir notre conception et nos conseil dans toute l\u2019Europe. Le prix de la conception vous seraz compl\u00e8tement \u00e9cart\u00e9e si vous achetez nos produits.<\/div>\n<\/div>\n<\/div>\n<\/div>\n<\/div>\n<\/div>\n","protected":false},"excerpt":{"rendered":"LE PROJET PROJET CUISINE ERNESTOMEDA ICON AIR BLANC BRILLANT Ce projet a n\u00e9cessit\u00e9 de diviser la zone d&#8217;entr\u00e9e principalede la maison, de celle plus op\u00e9rationnelle de la cuisine. But atteindu par la cr\u00e9ation d&#8217;une partition \u00e0 deux faces avec les colonnes \u00e9lev\u00e9es de cm. 125 x 35 pde rofondeur, entrecoup\u00e9s par de compartiments ouverts. A&#8230; <a class=\"view-article\" href=\"https:\/\/www.mobilimariani.com\/fr\/projet-cuisine-ernestomeda-icon-air-blanc-brillant\/\">Voir l&#8217;article<\/a>","protected":false},"author":1,"featured_media":0,"comment_status":"closed","ping_status":"closed","sticky":false,"template":"","format":"standard","meta":[],"categories":[21,15],"tags":[],"yoast_head":"<!-- This site is optimized with the Yoast SEO plugin v16.2 - https:\/\/yoast.com\/wordpress\/plugins\/seo\/ -->\n<meta name=\"description\" content=\"LE PROJET PROJET CUISINE ERNESTOMEDA ICON AIR BLANC BRILLANT Ce projet a n\u00e9cessit\u00e9 de diviser la zone d&#039;entr\u00e9e principalede la maison, de celle plus\" \/>\n<meta name=\"robots\" content=\"index, follow, max-snippet:-1, max-image-preview:large, max-video-preview:-1\" \/>\n<link rel=\"canonical\" href=\"https:\/\/www.mobilimariani.com\/fr\/projet-cuisine-ernestomeda-icon-air-blanc-brillant\/\" \/>\n<meta property=\"og:locale\" content=\"fr_FR\" \/>\n<meta property=\"og:type\" content=\"article\" \/>\n<meta property=\"og:title\" content=\"PROJET CUISINE ERNESTOMEDA ICON AIR BLANC BRILLANT | Mobili Mariani\" \/>\n<meta property=\"og:description\" content=\"LE PROJET PROJET CUISINE ERNESTOMEDA ICON AIR BLANC BRILLANT Ce projet a n\u00e9cessit\u00e9 de diviser la zone d&#039;entr\u00e9e principalede la maison, de celle plus\" \/>\n<meta property=\"og:url\" content=\"https:\/\/www.mobilimariani.com\/fr\/projet-cuisine-ernestomeda-icon-air-blanc-brillant\/\" \/>\n<meta property=\"og:site_name\" content=\"Mobili Mariani\" \/>\n<meta property=\"article:published_time\" content=\"2017-08-09T13:43:19+00:00\" \/>\n<meta name=\"twitter:label1\" content=\"Est. reading time\">\n\t<meta name=\"twitter:data1\" content=\"2 minutes\">\n<script type=\"application\/ld+json\" class=\"yoast-schema-graph\">{\"@context\":\"https:\/\/schema.org\",\"@graph\":[{\"@type\":\"Organization\",\"@id\":\"https:\/\/www.mobilimariani.com\/#organization\",\"name\":\"Mobili Mariani\",\"url\":\"https:\/\/www.mobilimariani.com\/\",\"sameAs\":[],\"logo\":{\"@type\":\"ImageObject\",\"@id\":\"https:\/\/www.mobilimariani.com\/#logo\",\"inLanguage\":\"fr-CH\",\"url\":\"https:\/\/www.mobilimariani.com\/wp-content\/uploads\/2015\/12\/logo.png\",\"contentUrl\":\"https:\/\/www.mobilimariani.com\/wp-content\/uploads\/2015\/12\/logo.png\",\"width\":160,\"height\":110,\"caption\":\"Mobili Mariani\"},\"image\":{\"@id\":\"https:\/\/www.mobilimariani.com\/#logo\"}},{\"@type\":\"WebSite\",\"@id\":\"https:\/\/www.mobilimariani.com\/#website\",\"url\":\"https:\/\/www.mobilimariani.com\/\",\"name\":\"Mobili Mariani\",\"description\":\"Mobili Italia Svizzera\",\"publisher\":{\"@id\":\"https:\/\/www.mobilimariani.com\/#organization\"},\"potentialAction\":[{\"@type\":\"SearchAction\",\"target\":\"https:\/\/www.mobilimariani.com\/?s={search_term_string}\",\"query-input\":\"required name=search_term_string\"}],\"inLanguage\":\"fr-CH\"},{\"@type\":\"WebPage\",\"@id\":\"https:\/\/www.mobilimariani.com\/fr\/projet-cuisine-ernestomeda-icon-air-blanc-brillant\/#webpage\",\"url\":\"https:\/\/www.mobilimariani.com\/fr\/projet-cuisine-ernestomeda-icon-air-blanc-brillant\/\",\"name\":\"PROJET CUISINE ERNESTOMEDA ICON AIR BLANC BRILLANT | Mobili Mariani\",\"isPartOf\":{\"@id\":\"https:\/\/www.mobilimariani.com\/#website\"},\"datePublished\":\"2017-08-09T13:43:19+00:00\",\"dateModified\":\"2017-08-09T13:43:19+00:00\",\"description\":\"LE PROJET PROJET CUISINE ERNESTOMEDA ICON AIR BLANC BRILLANT Ce projet a n\\u00e9cessit\\u00e9 de diviser la zone d'entr\\u00e9e principalede la maison, de celle plus\",\"breadcrumb\":{\"@id\":\"https:\/\/www.mobilimariani.com\/fr\/projet-cuisine-ernestomeda-icon-air-blanc-brillant\/#breadcrumb\"},\"inLanguage\":\"fr-CH\",\"potentialAction\":[{\"@type\":\"ReadAction\",\"target\":[\"https:\/\/www.mobilimariani.com\/fr\/projet-cuisine-ernestomeda-icon-air-blanc-brillant\/\"]}]},{\"@type\":\"BreadcrumbList\",\"@id\":\"https:\/\/www.mobilimariani.com\/fr\/projet-cuisine-ernestomeda-icon-air-blanc-brillant\/#breadcrumb\",\"itemListElement\":[{\"@type\":\"ListItem\",\"position\":1,\"item\":{\"@type\":\"WebPage\",\"@id\":\"https:\/\/www.mobilimariani.com\/\",\"url\":\"https:\/\/www.mobilimariani.com\/\",\"name\":\"Home\"}},{\"@type\":\"ListItem\",\"position\":2,\"item\":{\"@id\":\"https:\/\/www.mobilimariani.com\/fr\/projet-cuisine-ernestomeda-icon-air-blanc-brillant\/#webpage\"}}]},{\"@type\":\"Article\",\"@id\":\"https:\/\/www.mobilimariani.com\/fr\/projet-cuisine-ernestomeda-icon-air-blanc-brillant\/#article\",\"isPartOf\":{\"@id\":\"https:\/\/www.mobilimariani.com\/fr\/projet-cuisine-ernestomeda-icon-air-blanc-brillant\/#webpage\"},\"author\":{\"@id\":\"https:\/\/www.mobilimariani.com\/#\/schema\/person\/4685d9f51269134e53f988c9122315f4\"},\"headline\":\"PROJET CUISINE ERNESTOMEDA ICON AIR BLANC BRILLANT\",\"datePublished\":\"2017-08-09T13:43:19+00:00\",\"dateModified\":\"2017-08-09T13:43:19+00:00\",\"mainEntityOfPage\":{\"@id\":\"https:\/\/www.mobilimariani.com\/fr\/projet-cuisine-ernestomeda-icon-air-blanc-brillant\/#webpage\"},\"publisher\":{\"@id\":\"https:\/\/www.mobilimariani.com\/#organization\"},\"articleSection\":[\"Cuisines\",\"Conception\"],\"inLanguage\":\"fr-CH\"},{\"@type\":\"Person\",\"@id\":\"https:\/\/www.mobilimariani.com\/#\/schema\/person\/4685d9f51269134e53f988c9122315f4\",\"name\":\"14m4rC008\",\"image\":{\"@type\":\"ImageObject\",\"@id\":\"https:\/\/www.mobilimariani.com\/#personlogo\",\"inLanguage\":\"fr-CH\",\"url\":\"https:\/\/secure.gravatar.com\/avatar\/dfaa6e536fec7030712cf850e9ddef45?s=96&d=mm&r=g\",\"contentUrl\":\"https:\/\/secure.gravatar.com\/avatar\/dfaa6e536fec7030712cf850e9ddef45?s=96&d=mm&r=g\",\"caption\":\"14m4rC008\"}}]}<\/script>\n<!-- \/ Yoast SEO plugin. -->","_links":{"self":[{"href":"https:\/\/www.mobilimariani.com\/fr\/wp-json\/wp\/v2\/posts\/18672"}],"collection":[{"href":"https:\/\/www.mobilimariani.com\/fr\/wp-json\/wp\/v2\/posts"}],"about":[{"href":"https:\/\/www.mobilimariani.com\/fr\/wp-json\/wp\/v2\/types\/post"}],"author":[{"embeddable":true,"href":"https:\/\/www.mobilimariani.com\/fr\/wp-json\/wp\/v2\/users\/1"}],"replies":[{"embeddable":true,"href":"https:\/\/www.mobilimariani.com\/fr\/wp-json\/wp\/v2\/comments?post=18672"}],"version-history":[{"count":1,"href":"https:\/\/www.mobilimariani.com\/fr\/wp-json\/wp\/v2\/posts\/18672\/revisions"}],"predecessor-version":[{"id":18673,"href":"https:\/\/www.mobilimariani.com\/fr\/wp-json\/wp\/v2\/posts\/18672\/revisions\/18673"}],"wp:attachment":[{"href":"https:\/\/www.mobilimariani.com\/fr\/wp-json\/wp\/v2\/media?parent=18672"}],"wp:term":[{"taxonomy":"category","embeddable":true,"href":"https:\/\/www.mobilimariani.com\/fr\/wp-json\/wp\/v2\/categories?post=18672"},{"taxonomy":"post_tag","embeddable":true,"href":"https:\/\/www.mobilimariani.com\/fr\/wp-json\/wp\/v2\/tags?post=18672"}],"curies":[{"name":"wp","href":"https:\/\/api.w.org\/{rel}","templated":true}]}}