{"id":18655,"date":"2017-08-03T19:30:35","date_gmt":"2017-08-03T17:30:35","guid":{"rendered":"https:\/\/www.mobilimariani.com\/?p=18655"},"modified":"2017-08-04T09:18:14","modified_gmt":"2017-08-04T07:18:14","slug":"projet-structure-chambre-coucher-avec-mezzanine-zone-travail","status":"publish","type":"post","link":"https:\/\/www.mobilimariani.com\/fr\/projet-structure-chambre-coucher-avec-mezzanine-zone-travail\/","title":{"rendered":"PROJET STRUCTURE CHAMBRE A COUCHER AVEC MEZZANINE ZONE TRAVAIL"},"content":{"rendered":"<p>PROJET<br \/>\nPROJET STRUCTURE CHAMBRE A COUCHER AVEC MEZZANINE ZONE TRAVAIL<\/p>\n<p>Dans ce projet, nous avons exploit\u00e9 la hauteur de la pi\u00e8ce en cr\u00e9ant une mezzanine utilisable mettent en valeur les poutres du plafond.<\/p>\n<p>Gr\u00e2ce \u00e0 un couloir, r\u00e9alis\u00e9 avec des <a href=\"https:\/\/www.mobilimariani.com\/fr\/lema-armoire-au-centimetre-2\/\">armoires au centim\u00e8tre <\/a>de Lema, on acc\u00e8de \u00e0 la chambre \u00e0 coucher. Sur le mur de droite, nous avons plac\u00e9 le <a href=\"https:\/\/www.mobilimariani.com\/fr\/flou-lit-notturno-et-notturno-2\/\">lit Notturno<\/a> Flou de telle sorte que de la fen\u00eatre, on peut admirer la vue sur la vall\u00e9e.<\/p>\n<p>Derri\u00e8re le lit nous avons mont\u00e9 un parement de <a href=\"https:\/\/www.mobilimariani.com\/fr\/search\/glamora\">Glamora<\/a> qui avec sa couleur et sa conception transmette<b>\u00a0<\/b>dans la salle la d\u00e9tente du paysage, alors que dans la partie sup\u00e9rieure de la paroi nous avons mont\u00e9 un cadre de finition avec \u00a0une barre de LED int\u00e9gr\u00e9 qui cr\u00e9e une lame de lumi\u00e8re vers le haut.<\/p>\n<p>Pour acc\u00e9der \u00e0 la mezzanine, nous avons fait des marches en placopl\u00e2tre entrecoup\u00e9es avec des marches en argent laqu\u00e9 avec l&#8217;inclusion de miroirs, pour couvrir la structure portante de l&#8217;ensemble. Une d\u00e9coration form\u00e9e par une composition de pi\u00e8ces en en suivant la figurede l&#8217;\u00e9chelle se lie avec la biblioth\u00e8que double face de la mezzanine utilis\u00e9e comme balustrade. Toutes les pi\u00e8ces en bois et en bois laqu\u00e9 ont \u00e9t\u00e9 r\u00e9aliz\u00e9es sur la base de notre projet par notre menuiserie.<\/p>\n<p><a href=\"https:\/\/www.mobilimariani.com\/fr\/contacts\/\">Cliquez ici\u00a0<\/a>pour d\u00e9couvrir notre conception et nos conseil dans toute l\u2019Europe. Le prix de la conception vous seraz compl\u00e8tement \u00e9cart\u00e9e si vous achetez nos produits.<\/p>\n","protected":false},"excerpt":{"rendered":"PROJET PROJET STRUCTURE CHAMBRE A COUCHER AVEC MEZZANINE ZONE TRAVAIL Dans ce projet, nous avons exploit\u00e9 la hauteur de la pi\u00e8ce en cr\u00e9ant une mezzanine utilisable mettent en valeur les poutres du plafond. Gr\u00e2ce \u00e0 un couloir, r\u00e9alis\u00e9 avec des armoires au centim\u00e8tre de Lema, on acc\u00e8de \u00e0 la chambre \u00e0 coucher. Sur le mur&#8230; <a class=\"view-article\" href=\"https:\/\/www.mobilimariani.com\/fr\/projet-structure-chambre-coucher-avec-mezzanine-zone-travail\/\">Voir l&#8217;article<\/a>","protected":false},"author":1,"featured_media":0,"comment_status":"closed","ping_status":"closed","sticky":false,"template":"","format":"standard","meta":[],"categories":[15,20],"tags":[],"yoast_head":"<!-- This site is optimized with the Yoast SEO plugin v16.2 - https:\/\/yoast.com\/wordpress\/plugins\/seo\/ -->\n<meta name=\"description\" content=\"PROJET PROJET STRUCTURE CHAMBRE A COUCHER AVEC MEZZANINE ZONE TRAVAIL Dans ce projet, nous avons exploit\u00e9 la hauteur de la pi\u00e8ce en cr\u00e9ant une mezzanine\" \/>\n<meta name=\"robots\" content=\"index, follow, max-snippet:-1, max-image-preview:large, max-video-preview:-1\" \/>\n<link rel=\"canonical\" href=\"https:\/\/www.mobilimariani.com\/fr\/projet-structure-chambre-coucher-avec-mezzanine-zone-travail\/\" \/>\n<meta property=\"og:locale\" content=\"fr_FR\" \/>\n<meta property=\"og:type\" content=\"article\" \/>\n<meta property=\"og:title\" content=\"PROJET STRUCTURE CHAMBRE A COUCHER AVEC MEZZANINE ZONE TRAVAIL | Mobili Mariani\" \/>\n<meta property=\"og:description\" content=\"PROJET PROJET STRUCTURE CHAMBRE A COUCHER AVEC MEZZANINE ZONE TRAVAIL Dans ce projet, nous avons exploit\u00e9 la hauteur de la pi\u00e8ce en cr\u00e9ant une mezzanine\" \/>\n<meta property=\"og:url\" content=\"https:\/\/www.mobilimariani.com\/fr\/projet-structure-chambre-coucher-avec-mezzanine-zone-travail\/\" \/>\n<meta property=\"og:site_name\" content=\"Mobili Mariani\" \/>\n<meta property=\"article:published_time\" content=\"2017-08-03T17:30:35+00:00\" \/>\n<meta property=\"article:modified_time\" content=\"2017-08-04T07:18:14+00:00\" \/>\n<meta name=\"twitter:label1\" content=\"Est. reading time\">\n\t<meta name=\"twitter:data1\" content=\"1 minute\">\n<script type=\"application\/ld+json\" class=\"yoast-schema-graph\">{\"@context\":\"https:\/\/schema.org\",\"@graph\":[{\"@type\":\"Organization\",\"@id\":\"https:\/\/www.mobilimariani.com\/#organization\",\"name\":\"Mobili Mariani\",\"url\":\"https:\/\/www.mobilimariani.com\/\",\"sameAs\":[],\"logo\":{\"@type\":\"ImageObject\",\"@id\":\"https:\/\/www.mobilimariani.com\/#logo\",\"inLanguage\":\"fr-CH\",\"url\":\"https:\/\/www.mobilimariani.com\/wp-content\/uploads\/2015\/12\/logo.png\",\"contentUrl\":\"https:\/\/www.mobilimariani.com\/wp-content\/uploads\/2015\/12\/logo.png\",\"width\":160,\"height\":110,\"caption\":\"Mobili Mariani\"},\"image\":{\"@id\":\"https:\/\/www.mobilimariani.com\/#logo\"}},{\"@type\":\"WebSite\",\"@id\":\"https:\/\/www.mobilimariani.com\/#website\",\"url\":\"https:\/\/www.mobilimariani.com\/\",\"name\":\"Mobili Mariani\",\"description\":\"Mobili Italia Svizzera\",\"publisher\":{\"@id\":\"https:\/\/www.mobilimariani.com\/#organization\"},\"potentialAction\":[{\"@type\":\"SearchAction\",\"target\":\"https:\/\/www.mobilimariani.com\/?s={search_term_string}\",\"query-input\":\"required name=search_term_string\"}],\"inLanguage\":\"fr-CH\"},{\"@type\":\"WebPage\",\"@id\":\"https:\/\/www.mobilimariani.com\/fr\/projet-structure-chambre-coucher-avec-mezzanine-zone-travail\/#webpage\",\"url\":\"https:\/\/www.mobilimariani.com\/fr\/projet-structure-chambre-coucher-avec-mezzanine-zone-travail\/\",\"name\":\"PROJET STRUCTURE CHAMBRE A COUCHER AVEC MEZZANINE ZONE TRAVAIL | Mobili Mariani\",\"isPartOf\":{\"@id\":\"https:\/\/www.mobilimariani.com\/#website\"},\"datePublished\":\"2017-08-03T17:30:35+00:00\",\"dateModified\":\"2017-08-04T07:18:14+00:00\",\"description\":\"PROJET PROJET STRUCTURE CHAMBRE A COUCHER AVEC MEZZANINE ZONE TRAVAIL Dans ce projet, nous avons exploit\\u00e9 la hauteur de la pi\\u00e8ce en cr\\u00e9ant une mezzanine\",\"breadcrumb\":{\"@id\":\"https:\/\/www.mobilimariani.com\/fr\/projet-structure-chambre-coucher-avec-mezzanine-zone-travail\/#breadcrumb\"},\"inLanguage\":\"fr-CH\",\"potentialAction\":[{\"@type\":\"ReadAction\",\"target\":[\"https:\/\/www.mobilimariani.com\/fr\/projet-structure-chambre-coucher-avec-mezzanine-zone-travail\/\"]}]},{\"@type\":\"BreadcrumbList\",\"@id\":\"https:\/\/www.mobilimariani.com\/fr\/projet-structure-chambre-coucher-avec-mezzanine-zone-travail\/#breadcrumb\",\"itemListElement\":[{\"@type\":\"ListItem\",\"position\":1,\"item\":{\"@type\":\"WebPage\",\"@id\":\"https:\/\/www.mobilimariani.com\/\",\"url\":\"https:\/\/www.mobilimariani.com\/\",\"name\":\"Home\"}},{\"@type\":\"ListItem\",\"position\":2,\"item\":{\"@id\":\"https:\/\/www.mobilimariani.com\/fr\/projet-structure-chambre-coucher-avec-mezzanine-zone-travail\/#webpage\"}}]},{\"@type\":\"Article\",\"@id\":\"https:\/\/www.mobilimariani.com\/fr\/projet-structure-chambre-coucher-avec-mezzanine-zone-travail\/#article\",\"isPartOf\":{\"@id\":\"https:\/\/www.mobilimariani.com\/fr\/projet-structure-chambre-coucher-avec-mezzanine-zone-travail\/#webpage\"},\"author\":{\"@id\":\"https:\/\/www.mobilimariani.com\/#\/schema\/person\/4685d9f51269134e53f988c9122315f4\"},\"headline\":\"PROJET STRUCTURE CHAMBRE A COUCHER AVEC MEZZANINE ZONE TRAVAIL\",\"datePublished\":\"2017-08-03T17:30:35+00:00\",\"dateModified\":\"2017-08-04T07:18:14+00:00\",\"mainEntityOfPage\":{\"@id\":\"https:\/\/www.mobilimariani.com\/fr\/projet-structure-chambre-coucher-avec-mezzanine-zone-travail\/#webpage\"},\"publisher\":{\"@id\":\"https:\/\/www.mobilimariani.com\/#organization\"},\"articleSection\":[\"Conception\",\"Nuit Zone\"],\"inLanguage\":\"fr-CH\"},{\"@type\":\"Person\",\"@id\":\"https:\/\/www.mobilimariani.com\/#\/schema\/person\/4685d9f51269134e53f988c9122315f4\",\"name\":\"14m4rC008\",\"image\":{\"@type\":\"ImageObject\",\"@id\":\"https:\/\/www.mobilimariani.com\/#personlogo\",\"inLanguage\":\"fr-CH\",\"url\":\"https:\/\/secure.gravatar.com\/avatar\/dfaa6e536fec7030712cf850e9ddef45?s=96&d=mm&r=g\",\"contentUrl\":\"https:\/\/secure.gravatar.com\/avatar\/dfaa6e536fec7030712cf850e9ddef45?s=96&d=mm&r=g\",\"caption\":\"14m4rC008\"}}]}<\/script>\n<!-- \/ Yoast SEO plugin. -->","_links":{"self":[{"href":"https:\/\/www.mobilimariani.com\/fr\/wp-json\/wp\/v2\/posts\/18655"}],"collection":[{"href":"https:\/\/www.mobilimariani.com\/fr\/wp-json\/wp\/v2\/posts"}],"about":[{"href":"https:\/\/www.mobilimariani.com\/fr\/wp-json\/wp\/v2\/types\/post"}],"author":[{"embeddable":true,"href":"https:\/\/www.mobilimariani.com\/fr\/wp-json\/wp\/v2\/users\/1"}],"replies":[{"embeddable":true,"href":"https:\/\/www.mobilimariani.com\/fr\/wp-json\/wp\/v2\/comments?post=18655"}],"version-history":[{"count":3,"href":"https:\/\/www.mobilimariani.com\/fr\/wp-json\/wp\/v2\/posts\/18655\/revisions"}],"predecessor-version":[{"id":18661,"href":"https:\/\/www.mobilimariani.com\/fr\/wp-json\/wp\/v2\/posts\/18655\/revisions\/18661"}],"wp:attachment":[{"href":"https:\/\/www.mobilimariani.com\/fr\/wp-json\/wp\/v2\/media?parent=18655"}],"wp:term":[{"taxonomy":"category","embeddable":true,"href":"https:\/\/www.mobilimariani.com\/fr\/wp-json\/wp\/v2\/categories?post=18655"},{"taxonomy":"post_tag","embeddable":true,"href":"https:\/\/www.mobilimariani.com\/fr\/wp-json\/wp\/v2\/tags?post=18655"}],"curies":[{"name":"wp","href":"https:\/\/api.w.org\/{rel}","templated":true}]}}