{"id":18650,"date":"2017-08-02T18:29:31","date_gmt":"2017-08-02T16:29:31","guid":{"rendered":"https:\/\/www.mobilimariani.com\/?p=18650"},"modified":"2017-08-08T16:43:34","modified_gmt":"2017-08-08T14:43:34","slug":"conception-cuisine-ernestomeda-one80-optical-gris","status":"publish","type":"post","link":"https:\/\/www.mobilimariani.com\/fr\/conception-cuisine-ernestomeda-one80-optical-gris\/","title":{"rendered":"PROJET CUISINE ERNESTOMEDA ONE80 OPTICAL GRIS"},"content":{"rendered":"<p>LE PROJET<\/p>\n<p>PROJET CUISINE ERNESTOMEDA ONE80 OPTICAL GRIS<br \/>\nNos clients nous ont demand\u00e9 d&#8217;exploiter plainement l&#8217;espace disponible pour que on\u00a0puisse utiliser la cuisine aussi comme une salle \u00e0 manger. Ainsi, afin d&#8217;optimiser l&#8217;espace nous \u00a0sommes intervenus sur la ma\u00e7onnerie en d\u00e9pla\u00e7ant la porte d&#8217;entr\u00e9e, qui \u00e9tait \u00e0 l&#8217;origine positionn\u00e9 sur le c\u00f4t\u00e9, dans le centre de mur, obtenant ainsi la possibilit\u00e9 de fournir \u00e0 la fois le\u00a0c\u00f4t\u00e9 droit et le c\u00f4t\u00e9 gauche de la salle; De plus, nous avons optimis\u00e9 l&#8217;acc\u00e8s \u00a0\u00e0 l&#8217;aide d&#8217;une porte coulissante externe <a href=\"https:\/\/www.mobilimariani.com\/fr\/movi-porte-modo\/\">Modo<\/a> de Movi, au lieu de l&#8217;ancienne porte battante.<\/p>\n<p>Afin de exploiter au maximum\u00a0la hauteur de la pi\u00e8ce (cm.280), le mur fonctionel de la cuisine ONE80 de <a href=\"https:\/\/www.mobilimariani.com\/fr\/search\/ERNESTOMEDA\">Ernestomeda <\/a>a \u00e9t\u00e9 con\u00e7u par la superposition d&#8217;une double rang\u00e9e de placards. A l&#8217;int\u00e9riur nous avons int\u00e9gr\u00e9 une hotte r\u00e9tractable et un micro-ondes int\u00e9gr\u00e9.<\/p>\n<p>Entre les placards et le plan de travail, nous avons enlev\u00e9 les tulles anciennes et comme toile de fond, nous avons utilis\u00e9 le papier peint COFFEINE de <a href=\"https:\/\/www.mobilimariani.com\/fr\/search\/glamora\">Glamora<\/a> qu&#8217;on a rev\u00eatu\u00a0en r\u00e9sine pour qu&#8217;il pouisse \u00eatre utilis\u00e9 sans probl\u00e8me dans la cuisine.<\/p>\n<p>Le plan de travail, en <a href=\"https:\/\/www.mobilimariani.com\/fr\/dupont-corian-surface-de-chargement-dispositifs-electroniques\/\">Corian<\/a>, a \u00e9t\u00e9 \u00e9labor\u00e9 avec le dosseret courbe avec le lavabo int\u00e9gr\u00e9 de la m\u00eame mati\u00e8re, et ils forment un tout. L&#8217;absenc de joints\u00a0facilite le nettoyage et l&#8217;utilisation.<\/p>\n<p>A partir de gauche les bases sont \u00e9quip\u00e9s de tiroirs, avec des tiroirs, des porte-couverts et pellicules, des paniers, une lave-vaisselle disparition totale. Pour le r\u00e9frig\u00e9rateur, d\u00e9j\u00e0 propri\u00e9t\u00e9 du client, il a \u00e9t\u00e9 cr\u00e9\u00e9 une niche.<\/p>\n<p>Du c\u00f4t\u00e9 oppos\u00e9, en partant de la droite, on a mantenu un interstice d&#8217;environ 10 cm pour le glissement de la porte, apr\u00e8s quoi nous avons plac\u00e9 une colonne cm. 30 x 213 h avec porte amovible, une colonne four \u00e9quip\u00e9 de paniers et des bases avec porte cm. 60 x profondeur 35 qui supporte le plancher de la p\u00e9ninsule con\u00e7u et optimis\u00e9 sp\u00e9cifiquement pour les mesures de l&#8217;environnement. La courbe et la jambe centrale all\u00e8gent l&#8217;esth\u00e9tique et ils en permettent l&#8217;utilisation avec des chaises. Sur le mur, au-dessus des bases de profondeur r\u00e9duite, on a ins\u00e9r\u00e9 deux \u00e9tag\u00e8res avec le bord gauche incurv\u00e9e comme la p\u00e9ninsule.<\/p>\n<p>ON peut presque dire que, pour r\u00e9aliser ce projet, nous avons restaur\u00e9 toute la pi\u00e8ce: la porte d&#8217;entr\u00e9e, le sol, la plomberie et l&#8217;\u00e9lectricit\u00e9 et on a ins\u00e9r\u00e9 un nouveau radiateur d&#8217;ameublement.<\/p>\n<p>Toute intervention pour les changements structurels \u00e0 l&#8217;ensemble de cuisine a dur\u00e9 environ 12 jours gr\u00e2ce \u00e0 notre coordination avec les professionnels de POWER TEAM CASA.<\/p>\n<p><a href=\"https:\/\/www.mobilimariani.com\/fr\/contacts\/\">Cliquez ici\u00a0<\/a>pour d\u00e9couvrir notre conception et nos conseil dans toute l\u2019Europe. Le prix de la conception vous seraz compl\u00e8tement \u00e9cart\u00e9e si vous achetez nos produits.<\/p>\n","protected":false},"excerpt":{"rendered":"LE PROJET PROJET CUISINE ERNESTOMEDA ONE80 OPTICAL GRIS Nos clients nous ont demand\u00e9 d&#8217;exploiter plainement l&#8217;espace disponible pour que on\u00a0puisse utiliser la cuisine aussi comme une salle \u00e0 manger. Ainsi, afin d&#8217;optimiser l&#8217;espace nous \u00a0sommes intervenus sur la ma\u00e7onnerie en d\u00e9pla\u00e7ant la porte d&#8217;entr\u00e9e, qui \u00e9tait \u00e0 l&#8217;origine positionn\u00e9 sur le c\u00f4t\u00e9, dans le centre&#8230; <a class=\"view-article\" href=\"https:\/\/www.mobilimariani.com\/fr\/conception-cuisine-ernestomeda-one80-optical-gris\/\">Voir l&#8217;article<\/a>","protected":false},"author":1,"featured_media":0,"comment_status":"closed","ping_status":"closed","sticky":false,"template":"","format":"standard","meta":[],"categories":[21,15],"tags":[],"yoast_head":"<!-- This site is optimized with the Yoast SEO plugin v16.2 - https:\/\/yoast.com\/wordpress\/plugins\/seo\/ -->\n<meta name=\"description\" content=\"LE PROJET PROJET CUISINE ERNESTOMEDA ONE80 OPTICAL GRIS Nos clients nous ont demand\u00e9 d&#039;exploiter plainement l&#039;espace disponible pour que on\u00a0puisse\" \/>\n<meta name=\"robots\" content=\"index, follow, max-snippet:-1, max-image-preview:large, max-video-preview:-1\" \/>\n<link rel=\"canonical\" href=\"https:\/\/www.mobilimariani.com\/fr\/conception-cuisine-ernestomeda-one80-optical-gris\/\" \/>\n<meta property=\"og:locale\" content=\"fr_FR\" \/>\n<meta property=\"og:type\" content=\"article\" \/>\n<meta property=\"og:title\" content=\"PROJET CUISINE ERNESTOMEDA ONE80 OPTICAL GRIS | Mobili Mariani\" \/>\n<meta property=\"og:description\" content=\"LE PROJET PROJET CUISINE ERNESTOMEDA ONE80 OPTICAL GRIS Nos clients nous ont demand\u00e9 d&#039;exploiter plainement l&#039;espace disponible pour que on\u00a0puisse\" \/>\n<meta property=\"og:url\" content=\"https:\/\/www.mobilimariani.com\/fr\/conception-cuisine-ernestomeda-one80-optical-gris\/\" \/>\n<meta property=\"og:site_name\" content=\"Mobili Mariani\" \/>\n<meta property=\"article:published_time\" content=\"2017-08-02T16:29:31+00:00\" \/>\n<meta property=\"article:modified_time\" content=\"2017-08-08T14:43:34+00:00\" \/>\n<meta name=\"twitter:label1\" content=\"Est. reading time\">\n\t<meta name=\"twitter:data1\" content=\"2 minutes\">\n<script type=\"application\/ld+json\" class=\"yoast-schema-graph\">{\"@context\":\"https:\/\/schema.org\",\"@graph\":[{\"@type\":\"Organization\",\"@id\":\"https:\/\/www.mobilimariani.com\/#organization\",\"name\":\"Mobili Mariani\",\"url\":\"https:\/\/www.mobilimariani.com\/\",\"sameAs\":[],\"logo\":{\"@type\":\"ImageObject\",\"@id\":\"https:\/\/www.mobilimariani.com\/#logo\",\"inLanguage\":\"fr-CH\",\"url\":\"https:\/\/www.mobilimariani.com\/wp-content\/uploads\/2015\/12\/logo.png\",\"contentUrl\":\"https:\/\/www.mobilimariani.com\/wp-content\/uploads\/2015\/12\/logo.png\",\"width\":160,\"height\":110,\"caption\":\"Mobili Mariani\"},\"image\":{\"@id\":\"https:\/\/www.mobilimariani.com\/#logo\"}},{\"@type\":\"WebSite\",\"@id\":\"https:\/\/www.mobilimariani.com\/#website\",\"url\":\"https:\/\/www.mobilimariani.com\/\",\"name\":\"Mobili Mariani\",\"description\":\"Mobili Italia Svizzera\",\"publisher\":{\"@id\":\"https:\/\/www.mobilimariani.com\/#organization\"},\"potentialAction\":[{\"@type\":\"SearchAction\",\"target\":\"https:\/\/www.mobilimariani.com\/?s={search_term_string}\",\"query-input\":\"required name=search_term_string\"}],\"inLanguage\":\"fr-CH\"},{\"@type\":\"WebPage\",\"@id\":\"https:\/\/www.mobilimariani.com\/fr\/conception-cuisine-ernestomeda-one80-optical-gris\/#webpage\",\"url\":\"https:\/\/www.mobilimariani.com\/fr\/conception-cuisine-ernestomeda-one80-optical-gris\/\",\"name\":\"PROJET CUISINE ERNESTOMEDA ONE80 OPTICAL GRIS | Mobili Mariani\",\"isPartOf\":{\"@id\":\"https:\/\/www.mobilimariani.com\/#website\"},\"datePublished\":\"2017-08-02T16:29:31+00:00\",\"dateModified\":\"2017-08-08T14:43:34+00:00\",\"description\":\"LE PROJET PROJET CUISINE ERNESTOMEDA ONE80 OPTICAL GRIS Nos clients nous ont demand\\u00e9 d'exploiter plainement l'espace disponible pour que on\\u00a0puisse\",\"breadcrumb\":{\"@id\":\"https:\/\/www.mobilimariani.com\/fr\/conception-cuisine-ernestomeda-one80-optical-gris\/#breadcrumb\"},\"inLanguage\":\"fr-CH\",\"potentialAction\":[{\"@type\":\"ReadAction\",\"target\":[\"https:\/\/www.mobilimariani.com\/fr\/conception-cuisine-ernestomeda-one80-optical-gris\/\"]}]},{\"@type\":\"BreadcrumbList\",\"@id\":\"https:\/\/www.mobilimariani.com\/fr\/conception-cuisine-ernestomeda-one80-optical-gris\/#breadcrumb\",\"itemListElement\":[{\"@type\":\"ListItem\",\"position\":1,\"item\":{\"@type\":\"WebPage\",\"@id\":\"https:\/\/www.mobilimariani.com\/\",\"url\":\"https:\/\/www.mobilimariani.com\/\",\"name\":\"Home\"}},{\"@type\":\"ListItem\",\"position\":2,\"item\":{\"@id\":\"https:\/\/www.mobilimariani.com\/fr\/conception-cuisine-ernestomeda-one80-optical-gris\/#webpage\"}}]},{\"@type\":\"Article\",\"@id\":\"https:\/\/www.mobilimariani.com\/fr\/conception-cuisine-ernestomeda-one80-optical-gris\/#article\",\"isPartOf\":{\"@id\":\"https:\/\/www.mobilimariani.com\/fr\/conception-cuisine-ernestomeda-one80-optical-gris\/#webpage\"},\"author\":{\"@id\":\"https:\/\/www.mobilimariani.com\/#\/schema\/person\/4685d9f51269134e53f988c9122315f4\"},\"headline\":\"PROJET CUISINE ERNESTOMEDA ONE80 OPTICAL GRIS\",\"datePublished\":\"2017-08-02T16:29:31+00:00\",\"dateModified\":\"2017-08-08T14:43:34+00:00\",\"mainEntityOfPage\":{\"@id\":\"https:\/\/www.mobilimariani.com\/fr\/conception-cuisine-ernestomeda-one80-optical-gris\/#webpage\"},\"publisher\":{\"@id\":\"https:\/\/www.mobilimariani.com\/#organization\"},\"articleSection\":[\"Cuisines\",\"Conception\"],\"inLanguage\":\"fr-CH\"},{\"@type\":\"Person\",\"@id\":\"https:\/\/www.mobilimariani.com\/#\/schema\/person\/4685d9f51269134e53f988c9122315f4\",\"name\":\"14m4rC008\",\"image\":{\"@type\":\"ImageObject\",\"@id\":\"https:\/\/www.mobilimariani.com\/#personlogo\",\"inLanguage\":\"fr-CH\",\"url\":\"https:\/\/secure.gravatar.com\/avatar\/dfaa6e536fec7030712cf850e9ddef45?s=96&d=mm&r=g\",\"contentUrl\":\"https:\/\/secure.gravatar.com\/avatar\/dfaa6e536fec7030712cf850e9ddef45?s=96&d=mm&r=g\",\"caption\":\"14m4rC008\"}}]}<\/script>\n<!-- \/ Yoast SEO plugin. -->","_links":{"self":[{"href":"https:\/\/www.mobilimariani.com\/fr\/wp-json\/wp\/v2\/posts\/18650"}],"collection":[{"href":"https:\/\/www.mobilimariani.com\/fr\/wp-json\/wp\/v2\/posts"}],"about":[{"href":"https:\/\/www.mobilimariani.com\/fr\/wp-json\/wp\/v2\/types\/post"}],"author":[{"embeddable":true,"href":"https:\/\/www.mobilimariani.com\/fr\/wp-json\/wp\/v2\/users\/1"}],"replies":[{"embeddable":true,"href":"https:\/\/www.mobilimariani.com\/fr\/wp-json\/wp\/v2\/comments?post=18650"}],"version-history":[{"count":6,"href":"https:\/\/www.mobilimariani.com\/fr\/wp-json\/wp\/v2\/posts\/18650\/revisions"}],"predecessor-version":[{"id":18668,"href":"https:\/\/www.mobilimariani.com\/fr\/wp-json\/wp\/v2\/posts\/18650\/revisions\/18668"}],"wp:attachment":[{"href":"https:\/\/www.mobilimariani.com\/fr\/wp-json\/wp\/v2\/media?parent=18650"}],"wp:term":[{"taxonomy":"category","embeddable":true,"href":"https:\/\/www.mobilimariani.com\/fr\/wp-json\/wp\/v2\/categories?post=18650"},{"taxonomy":"post_tag","embeddable":true,"href":"https:\/\/www.mobilimariani.com\/fr\/wp-json\/wp\/v2\/tags?post=18650"}],"curies":[{"name":"wp","href":"https:\/\/api.w.org\/{rel}","templated":true}]}}