{"id":18648,"date":"2017-08-02T17:29:01","date_gmt":"2017-08-02T15:29:01","guid":{"rendered":"https:\/\/www.mobilimariani.com\/?p=18648"},"modified":"2017-08-02T17:29:01","modified_gmt":"2017-08-02T15:29:01","slug":"conception-chambre-coucher-avec-meubles-lema-lit-flou","status":"publish","type":"post","link":"https:\/\/www.mobilimariani.com\/fr\/conception-chambre-coucher-avec-meubles-lema-lit-flou\/","title":{"rendered":"CONCEPTION CHAMBRE A COUCHER AVEC MEUBLES LEMA E LIT FLOU"},"content":{"rendered":"<p>Chambre \u00e0 coucher de style moderne et original<\/p>\n<p>LE PROJET<\/p>\n<p>Conception de la chambre \u00e0 coucher avec des meubles Lema et Flou Wague<\/p>\n<p>Les images repr\u00e9sentent notre projet d&#8217;une chambre avec des meubles LEMA Selecta sp\u00e9cialement modifi\u00e9s pour mettre en \u0153uvre la solution propos\u00e9e en tant que d\u00e9velopp\u00e9e \u00e0 mesure avec angles de 60 \u00b0. Cela est rendu possible par notre service de menuiserie qui suit attentivement les instructions de nos designers.<\/p>\n<p>Le finition choisie est en ch\u00eane charbon, mat\u00e9riel pr\u00e9cieux et \u00e9l\u00e9gant, qui r\u00e9v\u00e8le le grain du bois.<\/p>\n<p>Le lit est Flou Wague, il a \u00e9t\u00e9 choisi dans une couleur rouge vif pour cr\u00e9er un joli contraste avec le lit rond et pour \u00a0animer la pi\u00e8ce.<\/p>\n<p>Lefocus est mis sans aucun doute sur l&#8217; arri\u00e9re du lit qui accueille en bas le mobilier, et en haut devient un panneau de verre d\u00e9cor\u00e9 et r\u00e9tro-\u00e9clairage, mis en relief par \u00a0les \u00e9tag\u00e8res qui sont aussi en ch\u00eane charbon<\/p>\n<p>Pour d\u00e9couvrir la marque Flou\u00a0<a href=\"https:\/\/www.mobilimariani.com\/fr\/concessionnaire-flou\/\">cliquez ici<\/a><\/p>\n<p>Pour d\u00e9couvrir la marque Lema\u00a0<a href=\"https:\/\/www.mobilimariani.com\/fr\/concessionaire-lema\/\">cliquez ici<\/a><\/p>\n<p><a href=\"https:\/\/www.mobilimariani.com\/fr\/contacts\/\">Cliquez ici <\/a>pour d\u00e9couvrir notre conception et nos conseil dans toute l&#8217;Europe. Le prix de la conception vous seraz compl\u00e8tement \u00e9cart\u00e9e si vous achetez nos produits.<\/p>\n","protected":false},"excerpt":{"rendered":"Chambre \u00e0 coucher de style moderne et original LE PROJET Conception de la chambre \u00e0 coucher avec des meubles Lema et Flou Wague Les images repr\u00e9sentent notre projet d&#8217;une chambre avec des meubles LEMA Selecta sp\u00e9cialement modifi\u00e9s pour mettre en \u0153uvre la solution propos\u00e9e en tant que d\u00e9velopp\u00e9e \u00e0 mesure avec angles de 60 \u00b0&#8230;. <a class=\"view-article\" href=\"https:\/\/www.mobilimariani.com\/fr\/conception-chambre-coucher-avec-meubles-lema-lit-flou\/\">Voir l&#8217;article<\/a>","protected":false},"author":1,"featured_media":0,"comment_status":"closed","ping_status":"closed","sticky":false,"template":"","format":"standard","meta":[],"categories":[15,20],"tags":[],"yoast_head":"<!-- This site is optimized with the Yoast SEO plugin v16.2 - https:\/\/yoast.com\/wordpress\/plugins\/seo\/ -->\n<meta name=\"description\" content=\"Chambre \u00e0 coucher de style moderne et original LE PROJET Conception de la chambre \u00e0 coucher avec des meubles Lema et Flou Wague Les images repr\u00e9sentent\" \/>\n<meta name=\"robots\" content=\"index, follow, max-snippet:-1, max-image-preview:large, max-video-preview:-1\" \/>\n<link rel=\"canonical\" href=\"https:\/\/www.mobilimariani.com\/fr\/conception-chambre-coucher-avec-meubles-lema-lit-flou\/\" \/>\n<meta property=\"og:locale\" content=\"fr_FR\" \/>\n<meta property=\"og:type\" content=\"article\" \/>\n<meta property=\"og:title\" content=\"CONCEPTION CHAMBRE A COUCHER AVEC MEUBLES LEMA E LIT FLOU | Mobili Mariani\" \/>\n<meta property=\"og:description\" content=\"Chambre \u00e0 coucher de style moderne et original LE PROJET Conception de la chambre \u00e0 coucher avec des meubles Lema et Flou Wague Les images repr\u00e9sentent\" \/>\n<meta property=\"og:url\" content=\"https:\/\/www.mobilimariani.com\/fr\/conception-chambre-coucher-avec-meubles-lema-lit-flou\/\" \/>\n<meta property=\"og:site_name\" content=\"Mobili Mariani\" \/>\n<meta property=\"article:published_time\" content=\"2017-08-02T15:29:01+00:00\" \/>\n<meta name=\"twitter:label1\" content=\"Est. reading time\">\n\t<meta name=\"twitter:data1\" content=\"1 minute\">\n<script type=\"application\/ld+json\" class=\"yoast-schema-graph\">{\"@context\":\"https:\/\/schema.org\",\"@graph\":[{\"@type\":\"Organization\",\"@id\":\"https:\/\/www.mobilimariani.com\/#organization\",\"name\":\"Mobili Mariani\",\"url\":\"https:\/\/www.mobilimariani.com\/\",\"sameAs\":[],\"logo\":{\"@type\":\"ImageObject\",\"@id\":\"https:\/\/www.mobilimariani.com\/#logo\",\"inLanguage\":\"fr-CH\",\"url\":\"https:\/\/www.mobilimariani.com\/wp-content\/uploads\/2015\/12\/logo.png\",\"contentUrl\":\"https:\/\/www.mobilimariani.com\/wp-content\/uploads\/2015\/12\/logo.png\",\"width\":160,\"height\":110,\"caption\":\"Mobili Mariani\"},\"image\":{\"@id\":\"https:\/\/www.mobilimariani.com\/#logo\"}},{\"@type\":\"WebSite\",\"@id\":\"https:\/\/www.mobilimariani.com\/#website\",\"url\":\"https:\/\/www.mobilimariani.com\/\",\"name\":\"Mobili Mariani\",\"description\":\"Mobili Italia Svizzera\",\"publisher\":{\"@id\":\"https:\/\/www.mobilimariani.com\/#organization\"},\"potentialAction\":[{\"@type\":\"SearchAction\",\"target\":\"https:\/\/www.mobilimariani.com\/?s={search_term_string}\",\"query-input\":\"required name=search_term_string\"}],\"inLanguage\":\"fr-CH\"},{\"@type\":\"WebPage\",\"@id\":\"https:\/\/www.mobilimariani.com\/fr\/conception-chambre-coucher-avec-meubles-lema-lit-flou\/#webpage\",\"url\":\"https:\/\/www.mobilimariani.com\/fr\/conception-chambre-coucher-avec-meubles-lema-lit-flou\/\",\"name\":\"CONCEPTION CHAMBRE A COUCHER AVEC MEUBLES LEMA E LIT FLOU | Mobili Mariani\",\"isPartOf\":{\"@id\":\"https:\/\/www.mobilimariani.com\/#website\"},\"datePublished\":\"2017-08-02T15:29:01+00:00\",\"dateModified\":\"2017-08-02T15:29:01+00:00\",\"description\":\"Chambre \\u00e0 coucher de style moderne et original LE PROJET Conception de la chambre \\u00e0 coucher avec des meubles Lema et Flou Wague Les images repr\\u00e9sentent\",\"breadcrumb\":{\"@id\":\"https:\/\/www.mobilimariani.com\/fr\/conception-chambre-coucher-avec-meubles-lema-lit-flou\/#breadcrumb\"},\"inLanguage\":\"fr-CH\",\"potentialAction\":[{\"@type\":\"ReadAction\",\"target\":[\"https:\/\/www.mobilimariani.com\/fr\/conception-chambre-coucher-avec-meubles-lema-lit-flou\/\"]}]},{\"@type\":\"BreadcrumbList\",\"@id\":\"https:\/\/www.mobilimariani.com\/fr\/conception-chambre-coucher-avec-meubles-lema-lit-flou\/#breadcrumb\",\"itemListElement\":[{\"@type\":\"ListItem\",\"position\":1,\"item\":{\"@type\":\"WebPage\",\"@id\":\"https:\/\/www.mobilimariani.com\/\",\"url\":\"https:\/\/www.mobilimariani.com\/\",\"name\":\"Home\"}},{\"@type\":\"ListItem\",\"position\":2,\"item\":{\"@id\":\"https:\/\/www.mobilimariani.com\/fr\/conception-chambre-coucher-avec-meubles-lema-lit-flou\/#webpage\"}}]},{\"@type\":\"Article\",\"@id\":\"https:\/\/www.mobilimariani.com\/fr\/conception-chambre-coucher-avec-meubles-lema-lit-flou\/#article\",\"isPartOf\":{\"@id\":\"https:\/\/www.mobilimariani.com\/fr\/conception-chambre-coucher-avec-meubles-lema-lit-flou\/#webpage\"},\"author\":{\"@id\":\"https:\/\/www.mobilimariani.com\/#\/schema\/person\/4685d9f51269134e53f988c9122315f4\"},\"headline\":\"CONCEPTION CHAMBRE A COUCHER AVEC MEUBLES LEMA E LIT FLOU\",\"datePublished\":\"2017-08-02T15:29:01+00:00\",\"dateModified\":\"2017-08-02T15:29:01+00:00\",\"mainEntityOfPage\":{\"@id\":\"https:\/\/www.mobilimariani.com\/fr\/conception-chambre-coucher-avec-meubles-lema-lit-flou\/#webpage\"},\"publisher\":{\"@id\":\"https:\/\/www.mobilimariani.com\/#organization\"},\"articleSection\":[\"Conception\",\"Nuit Zone\"],\"inLanguage\":\"fr-CH\"},{\"@type\":\"Person\",\"@id\":\"https:\/\/www.mobilimariani.com\/#\/schema\/person\/4685d9f51269134e53f988c9122315f4\",\"name\":\"14m4rC008\",\"image\":{\"@type\":\"ImageObject\",\"@id\":\"https:\/\/www.mobilimariani.com\/#personlogo\",\"inLanguage\":\"fr-CH\",\"url\":\"https:\/\/secure.gravatar.com\/avatar\/dfaa6e536fec7030712cf850e9ddef45?s=96&d=mm&r=g\",\"contentUrl\":\"https:\/\/secure.gravatar.com\/avatar\/dfaa6e536fec7030712cf850e9ddef45?s=96&d=mm&r=g\",\"caption\":\"14m4rC008\"}}]}<\/script>\n<!-- \/ Yoast SEO plugin. -->","_links":{"self":[{"href":"https:\/\/www.mobilimariani.com\/fr\/wp-json\/wp\/v2\/posts\/18648"}],"collection":[{"href":"https:\/\/www.mobilimariani.com\/fr\/wp-json\/wp\/v2\/posts"}],"about":[{"href":"https:\/\/www.mobilimariani.com\/fr\/wp-json\/wp\/v2\/types\/post"}],"author":[{"embeddable":true,"href":"https:\/\/www.mobilimariani.com\/fr\/wp-json\/wp\/v2\/users\/1"}],"replies":[{"embeddable":true,"href":"https:\/\/www.mobilimariani.com\/fr\/wp-json\/wp\/v2\/comments?post=18648"}],"version-history":[{"count":1,"href":"https:\/\/www.mobilimariani.com\/fr\/wp-json\/wp\/v2\/posts\/18648\/revisions"}],"predecessor-version":[{"id":18649,"href":"https:\/\/www.mobilimariani.com\/fr\/wp-json\/wp\/v2\/posts\/18648\/revisions\/18649"}],"wp:attachment":[{"href":"https:\/\/www.mobilimariani.com\/fr\/wp-json\/wp\/v2\/media?parent=18648"}],"wp:term":[{"taxonomy":"category","embeddable":true,"href":"https:\/\/www.mobilimariani.com\/fr\/wp-json\/wp\/v2\/categories?post=18648"},{"taxonomy":"post_tag","embeddable":true,"href":"https:\/\/www.mobilimariani.com\/fr\/wp-json\/wp\/v2\/tags?post=18648"}],"curies":[{"name":"wp","href":"https:\/\/api.w.org\/{rel}","templated":true}]}}