{"id":18546,"date":"2017-07-28T18:28:47","date_gmt":"2017-07-28T16:28:47","guid":{"rendered":"https:\/\/www.mobilimariani.com\/?p=18546"},"modified":"2021-07-31T18:49:11","modified_gmt":"2021-07-31T16:49:11","slug":"18546-2","status":"publish","type":"post","link":"https:\/\/www.mobilimariani.com\/fr\/18546-2\/","title":{"rendered":"FLOU LES BASES DE LITS"},"content":{"rendered":"<p>FLOU LES BASES DE LITS<\/p>\n<p>La base est constitu\u00e9e par une structure ouverte en lattes en bois de sapin auquelles se\u00a0souperposent\u00a0deux couches de ressorts couvertes par un tissu tridimensionnel hautement perm\u00e9able \u00e0 l&#8217;air. Cette bas combine esth\u00e9tique et\u00a0bien-\u00eatre parce qu&#8217;elle est accompagn\u00e9e d&#8217;un rev\u00eatement\u00a0ext\u00e9rieur amovible, en cuir ou tissu, et peut \u00eatre associ\u00e9 \u00e0 plusieurs t\u00eates Flou.<\/p>\n<p>BASE CONTENEUR<\/p>\n<p>La base conteneur est essentiel pour tous ceux qui profiter au miex de l&#8217;espace o\u00f9 vivent, mais qui\u00a0croyoient qu&#8217;il est important que cela ne se pr\u00e9juge\u00a0pas la qualit\u00e9 du lit, du repos, et la facilit\u00e9 d&#8217;utilisation du r\u00e9cipient non plus. La base est pourvue de trois types de r\u00e9seaux: avec des lattes\u00a0r\u00e9glables, orthop\u00e9diques et avec le plancher orthop\u00e9dique.<\/p>\n<p>BASE FIXE HAUTE cm.25 ou cm.16<\/p>\n<p>PLAN AVEC LATTES\u00a0R\u00c9GLABLE: se compose d&#8217;un somier \u00e0 lattes en contreplaqu\u00e9 h\u00eatre , est \u00e9quip\u00e9 d&#8217;un syst\u00e8me qui r\u00e9gle la rigidit\u00e9 de la zone lombaire, ce qui permet de personnaliser le confort. Il convient \u00e0 toute sorte de matelas et il est livr\u00e9 d\u00e9mont\u00e9 pour faciliter le montage dans des espaces restreints. Enti\u00e8rement d\u00e9montable, compl\u00e8tement amovible.<\/p>\n<p>PLAN ORTHOPEDIQUE: convenable \u00e0 tous les types de matelas \u00e0 ressorts ind\u00e9pendants est constitu\u00e9 par deux \u00e9tages en contreplaqu\u00e9 h\u00eatre qui garantissent un confort rigide gr\u00e2ce \u00e0 des fentes speciales pour faciliter la ventilation du matelas. Produit livr\u00e9 d\u00e9mont\u00e9 pour faciliter le montage dans des espaces restreints. Enti\u00e8rement d\u00e9montable, compl\u00e8tement amovible.<\/p>\n<p>Pour voir le sommier\u00a0avec mouvement, <a href=\"https:\/\/www.mobilimariani.com\/fr\/18547-2\/\">cliquez ici<\/a><\/p>\n<p>Pour voir les lits, <a href=\"https:\/\/www.mobilimariani.com\/fr\/search\/flou+lit\">cliquez ici<\/a><\/p>\n<p>Pour d\u00e9couvrir la marque Flou\u00a0<a href=\"https:\/\/www.mobilimariani.com\/fr\/concessionnaire-flou\/\">cliquez ici<\/a><\/p>\n<p>Pour d\u00e9couvrir le catalogue de tous nos lits\u00a0<a href=\"https:\/\/www.mobilimariani.com\/fr\/search\/lit\">cliquez ici<\/a><\/p>\n","protected":false},"excerpt":{"rendered":"FLOU LES BASES DE LITS La base est constitu\u00e9e par une structure ouverte en lattes en bois de sapin auquelles se\u00a0souperposent\u00a0deux couches de ressorts couvertes par un tissu tridimensionnel hautement perm\u00e9able \u00e0 l&#8217;air. Cette bas combine esth\u00e9tique et\u00a0bien-\u00eatre parce qu&#8217;elle est accompagn\u00e9e d&#8217;un rev\u00eatement\u00a0ext\u00e9rieur amovible, en cuir ou tissu, et peut \u00eatre associ\u00e9 \u00e0 plusieurs&#8230; <a class=\"view-article\" href=\"https:\/\/www.mobilimariani.com\/fr\/18546-2\/\">Voir l&#8217;article<\/a>","protected":false},"author":1,"featured_media":0,"comment_status":"closed","ping_status":"closed","sticky":false,"template":"","format":"standard","meta":[],"categories":[1,5,2],"tags":[],"yoast_head":"<!-- This site is optimized with the Yoast SEO plugin v16.2 - https:\/\/yoast.com\/wordpress\/plugins\/seo\/ -->\n<meta name=\"description\" content=\"FLOU LES BASES DE LITS La base est constitu\u00e9e par une structure ouverte en lattes en bois de sapin auquelles se\u00a0souperposent\u00a0deux couches de ressorts\" \/>\n<meta name=\"robots\" content=\"index, follow, max-snippet:-1, max-image-preview:large, max-video-preview:-1\" \/>\n<link rel=\"canonical\" href=\"https:\/\/www.mobilimariani.com\/fr\/18546-2\/\" \/>\n<meta property=\"og:locale\" content=\"fr_FR\" \/>\n<meta property=\"og:type\" content=\"article\" \/>\n<meta property=\"og:title\" content=\"FLOU LES BASES DE LITS | Mobili Mariani\" \/>\n<meta property=\"og:description\" content=\"FLOU LES BASES DE LITS La base est constitu\u00e9e par une structure ouverte en lattes en bois de sapin auquelles se\u00a0souperposent\u00a0deux couches de ressorts\" \/>\n<meta property=\"og:url\" content=\"https:\/\/www.mobilimariani.com\/fr\/18546-2\/\" \/>\n<meta property=\"og:site_name\" content=\"Mobili Mariani\" \/>\n<meta property=\"article:published_time\" content=\"2017-07-28T16:28:47+00:00\" \/>\n<meta property=\"article:modified_time\" content=\"2021-07-31T16:49:11+00:00\" \/>\n<meta name=\"twitter:label1\" content=\"Est. reading time\">\n\t<meta name=\"twitter:data1\" content=\"2 minutes\">\n<script type=\"application\/ld+json\" class=\"yoast-schema-graph\">{\"@context\":\"https:\/\/schema.org\",\"@graph\":[{\"@type\":\"Organization\",\"@id\":\"https:\/\/www.mobilimariani.com\/#organization\",\"name\":\"Mobili Mariani\",\"url\":\"https:\/\/www.mobilimariani.com\/\",\"sameAs\":[],\"logo\":{\"@type\":\"ImageObject\",\"@id\":\"https:\/\/www.mobilimariani.com\/#logo\",\"inLanguage\":\"fr-CH\",\"url\":\"https:\/\/www.mobilimariani.com\/wp-content\/uploads\/2015\/12\/logo.png\",\"contentUrl\":\"https:\/\/www.mobilimariani.com\/wp-content\/uploads\/2015\/12\/logo.png\",\"width\":160,\"height\":110,\"caption\":\"Mobili Mariani\"},\"image\":{\"@id\":\"https:\/\/www.mobilimariani.com\/#logo\"}},{\"@type\":\"WebSite\",\"@id\":\"https:\/\/www.mobilimariani.com\/#website\",\"url\":\"https:\/\/www.mobilimariani.com\/\",\"name\":\"Mobili Mariani\",\"description\":\"Mobili Italia Svizzera\",\"publisher\":{\"@id\":\"https:\/\/www.mobilimariani.com\/#organization\"},\"potentialAction\":[{\"@type\":\"SearchAction\",\"target\":\"https:\/\/www.mobilimariani.com\/?s={search_term_string}\",\"query-input\":\"required name=search_term_string\"}],\"inLanguage\":\"fr-CH\"},{\"@type\":\"WebPage\",\"@id\":\"https:\/\/www.mobilimariani.com\/fr\/18546-2\/#webpage\",\"url\":\"https:\/\/www.mobilimariani.com\/fr\/18546-2\/\",\"name\":\"FLOU LES BASES DE LITS | Mobili Mariani\",\"isPartOf\":{\"@id\":\"https:\/\/www.mobilimariani.com\/#website\"},\"datePublished\":\"2017-07-28T16:28:47+00:00\",\"dateModified\":\"2021-07-31T16:49:11+00:00\",\"description\":\"FLOU LES BASES DE LITS La base est constitu\\u00e9e par une structure ouverte en lattes en bois de sapin auquelles se\\u00a0souperposent\\u00a0deux couches de ressorts\",\"breadcrumb\":{\"@id\":\"https:\/\/www.mobilimariani.com\/fr\/18546-2\/#breadcrumb\"},\"inLanguage\":\"fr-CH\",\"potentialAction\":[{\"@type\":\"ReadAction\",\"target\":[\"https:\/\/www.mobilimariani.com\/fr\/18546-2\/\"]}]},{\"@type\":\"BreadcrumbList\",\"@id\":\"https:\/\/www.mobilimariani.com\/fr\/18546-2\/#breadcrumb\",\"itemListElement\":[{\"@type\":\"ListItem\",\"position\":1,\"item\":{\"@type\":\"WebPage\",\"@id\":\"https:\/\/www.mobilimariani.com\/\",\"url\":\"https:\/\/www.mobilimariani.com\/\",\"name\":\"Home\"}},{\"@type\":\"ListItem\",\"position\":2,\"item\":{\"@id\":\"https:\/\/www.mobilimariani.com\/fr\/18546-2\/#webpage\"}}]},{\"@type\":\"Article\",\"@id\":\"https:\/\/www.mobilimariani.com\/fr\/18546-2\/#article\",\"isPartOf\":{\"@id\":\"https:\/\/www.mobilimariani.com\/fr\/18546-2\/#webpage\"},\"author\":{\"@id\":\"https:\/\/www.mobilimariani.com\/#\/schema\/person\/4685d9f51269134e53f988c9122315f4\"},\"headline\":\"FLOU LES BASES DE LITS\",\"datePublished\":\"2017-07-28T16:28:47+00:00\",\"dateModified\":\"2021-07-31T16:49:11+00:00\",\"mainEntityOfPage\":{\"@id\":\"https:\/\/www.mobilimariani.com\/fr\/18546-2\/#webpage\"},\"publisher\":{\"@id\":\"https:\/\/www.mobilimariani.com\/#organization\"},\"articleSection\":[\"Catalogue\",\"Lits\",\"Zone nuit\"],\"inLanguage\":\"fr-CH\"},{\"@type\":\"Person\",\"@id\":\"https:\/\/www.mobilimariani.com\/#\/schema\/person\/4685d9f51269134e53f988c9122315f4\",\"name\":\"14m4rC008\",\"image\":{\"@type\":\"ImageObject\",\"@id\":\"https:\/\/www.mobilimariani.com\/#personlogo\",\"inLanguage\":\"fr-CH\",\"url\":\"https:\/\/secure.gravatar.com\/avatar\/dfaa6e536fec7030712cf850e9ddef45?s=96&d=mm&r=g\",\"contentUrl\":\"https:\/\/secure.gravatar.com\/avatar\/dfaa6e536fec7030712cf850e9ddef45?s=96&d=mm&r=g\",\"caption\":\"14m4rC008\"}}]}<\/script>\n<!-- \/ Yoast SEO plugin. -->","_links":{"self":[{"href":"https:\/\/www.mobilimariani.com\/fr\/wp-json\/wp\/v2\/posts\/18546"}],"collection":[{"href":"https:\/\/www.mobilimariani.com\/fr\/wp-json\/wp\/v2\/posts"}],"about":[{"href":"https:\/\/www.mobilimariani.com\/fr\/wp-json\/wp\/v2\/types\/post"}],"author":[{"embeddable":true,"href":"https:\/\/www.mobilimariani.com\/fr\/wp-json\/wp\/v2\/users\/1"}],"replies":[{"embeddable":true,"href":"https:\/\/www.mobilimariani.com\/fr\/wp-json\/wp\/v2\/comments?post=18546"}],"version-history":[{"count":3,"href":"https:\/\/www.mobilimariani.com\/fr\/wp-json\/wp\/v2\/posts\/18546\/revisions"}],"predecessor-version":[{"id":27421,"href":"https:\/\/www.mobilimariani.com\/fr\/wp-json\/wp\/v2\/posts\/18546\/revisions\/27421"}],"wp:attachment":[{"href":"https:\/\/www.mobilimariani.com\/fr\/wp-json\/wp\/v2\/media?parent=18546"}],"wp:term":[{"taxonomy":"category","embeddable":true,"href":"https:\/\/www.mobilimariani.com\/fr\/wp-json\/wp\/v2\/categories?post=18546"},{"taxonomy":"post_tag","embeddable":true,"href":"https:\/\/www.mobilimariani.com\/fr\/wp-json\/wp\/v2\/tags?post=18546"}],"curies":[{"name":"wp","href":"https:\/\/api.w.org\/{rel}","templated":true}]}}