{"id":18532,"date":"2017-07-27T16:50:17","date_gmt":"2017-07-27T14:50:17","guid":{"rendered":"https:\/\/www.mobilimariani.com\/?p=18532"},"modified":"2020-09-05T11:31:02","modified_gmt":"2020-09-05T09:31:02","slug":"18532-2","status":"publish","type":"post","link":"https:\/\/www.mobilimariani.com\/fr\/18532-2\/","title":{"rendered":"CONCESSIONAIRE ELLI FRATELLI"},"content":{"rendered":"<p>CONCESSIONAIRE ELLI FRATELLI<\/p>\n<p>Mariani Abitare Oggi est concessionaire\u00a0Elli Fratelli pour l&#8217;Italie, la Suisse et la France.<\/p>\n<p>Elli Fratelli\u00a0con\u00e7oit et fabrique des meubles en bois. La soci\u00e9t\u00e9 est le r\u00e9sultat et le succ\u00e8s de sa longue histoire de l&#8217;exp\u00e9rience,\u00a0du\u00a0travail assidu et des meilleures id\u00e9es de son personnel d&#8217;exploitation et il est consid\u00e9r\u00e9 comme l&#8217;un des principaux acteurs du \u00ab Made in Italy \u00bb sur la sc\u00e8ne mondiale du meuble. La \u00a0production de la soci\u00e9t\u00e9 \u00a0est propos\u00e9 avec le nom de \u00ab Collection Delo \u00bb et offre un large \u00e9ventail de choix.<\/p>\n<p>La soci\u00e9t\u00e9 a toujours mis l&#8217;accent sur la recherche d&#8217;une longue dur\u00e9e et de la qualit\u00e9 des meubles et am\u00e9liore ses produits en pr\u00eatent une attention particuli\u00e8re\u00a0aux\u00a0meilleures pi\u00e8ces dans l&#8217;\u00e9volution des modes de vie, \u00e0 l&#8217;\u00e9thique et \u00e0 la durabilit\u00e9 technique. Les principaux produits d\u00e9corent\u00a0la zone de couchage, le\u00a0salon et la chambre des enfants; Ils y\u00a0\u00a0a des armoires, lits, \u00e9tag\u00e8res, armoires, commodes, tables, chaises et accessoires. Les structures des armoires et des\u00a0\u00e9tag\u00e8res,\u00a0sont robustes et solides dans le temps, parce que redessin\u00e9 comme les meubles d&#8217;une fois, avec nids d&#8217;abeilles, \u00e0 savoir avec des vis qui mordent en bois massif. De plus, la structure en bois sont en\u00a0sapin massif provenant de for\u00eats certifi\u00e9es g\u00e9r\u00e9es d&#8217;une mani\u00e8re \u00e9cologiquement durable (M.C.F. &#8211; F.S.C. &#8211; P.E.F.C.).<br \/>\nLa vaste proposition de cr\u00e9ation de Delo, suit l&#8217;id\u00e9e d&#8217;une \u00ab maison confortable \u00bb avec des tons de style et des composants bien adapt\u00e9s. La modularit\u00e9 extraordinaire des syst\u00e8mes Delo polyvalente propose des esth\u00e9tiques multiples \u00a0et un large \u00e9ventail de propositions, adapt\u00e9 \u00e0 toute situation architecturale et tous les go\u00fbts.<\/p>\n<p>D\u00e9couvrez tous les produits dans notre <a href=\"https:\/\/www.mobilimariani.com\/fr\/search\/elli+flli\">catalogue<\/a> Elli Flli<\/p>\n<p>Vous voulez conna\u00eetre notre meilleur prix pour un article du marque Elli Flli?\u00a0<a href=\"https:\/\/www.mobilimariani.com\/fr\/contacts\/\">Cliquez ici<\/a>\u00a0et envoyez-nous la demande.<\/p>\n<p>Signale le lieu de livraison et si le montage est n\u00e9c\u00e9ssaire.<\/p>\n<p>Nous livrons dans toute l\u2019Europe et o\u00f9 que vous soyez<\/p>\n","protected":false},"excerpt":{"rendered":"CONCESSIONAIRE ELLI FRATELLI Mariani Abitare Oggi est concessionaire\u00a0Elli Fratelli pour l&#8217;Italie, la Suisse et la France. Elli Fratelli\u00a0con\u00e7oit et fabrique des meubles en bois. La soci\u00e9t\u00e9 est le r\u00e9sultat et le succ\u00e8s de sa longue histoire de l&#8217;exp\u00e9rience,\u00a0du\u00a0travail assidu et des meilleures id\u00e9es de son personnel d&#8217;exploitation et il est consid\u00e9r\u00e9 comme l&#8217;un des principaux&#8230; <a class=\"view-article\" href=\"https:\/\/www.mobilimariani.com\/fr\/18532-2\/\">Voir l&#8217;article<\/a>","protected":false},"author":1,"featured_media":0,"comment_status":"closed","ping_status":"closed","sticky":false,"template":"","format":"standard","meta":[],"categories":[4],"tags":[],"yoast_head":"<!-- This site is optimized with the Yoast SEO plugin v16.2 - https:\/\/yoast.com\/wordpress\/plugins\/seo\/ -->\n<meta name=\"description\" content=\"CONCESSIONAIRE ELLI FRATELLI Mariani Abitare Oggi est concessionaire\u00a0Elli Fratelli pour l&#039;Italie, la Suisse et la France. Elli Fratelli\u00a0con\u00e7oit et\" \/>\n<meta name=\"robots\" content=\"index, follow, max-snippet:-1, max-image-preview:large, max-video-preview:-1\" \/>\n<link rel=\"canonical\" href=\"https:\/\/www.mobilimariani.com\/fr\/18532-2\/\" \/>\n<meta property=\"og:locale\" content=\"fr_FR\" \/>\n<meta property=\"og:type\" content=\"article\" \/>\n<meta property=\"og:title\" content=\"CONCESSIONAIRE ELLI FRATELLI | Mobili Mariani\" \/>\n<meta property=\"og:description\" content=\"CONCESSIONAIRE ELLI FRATELLI Mariani Abitare Oggi est concessionaire\u00a0Elli Fratelli pour l&#039;Italie, la Suisse et la France. Elli Fratelli\u00a0con\u00e7oit et\" \/>\n<meta property=\"og:url\" content=\"https:\/\/www.mobilimariani.com\/fr\/18532-2\/\" \/>\n<meta property=\"og:site_name\" content=\"Mobili Mariani\" \/>\n<meta property=\"article:published_time\" content=\"2017-07-27T14:50:17+00:00\" \/>\n<meta property=\"article:modified_time\" content=\"2020-09-05T09:31:02+00:00\" \/>\n<meta name=\"twitter:label1\" content=\"Est. reading time\">\n\t<meta name=\"twitter:data1\" content=\"2 minutes\">\n<script type=\"application\/ld+json\" class=\"yoast-schema-graph\">{\"@context\":\"https:\/\/schema.org\",\"@graph\":[{\"@type\":\"Organization\",\"@id\":\"https:\/\/www.mobilimariani.com\/#organization\",\"name\":\"Mobili Mariani\",\"url\":\"https:\/\/www.mobilimariani.com\/\",\"sameAs\":[],\"logo\":{\"@type\":\"ImageObject\",\"@id\":\"https:\/\/www.mobilimariani.com\/#logo\",\"inLanguage\":\"fr-CH\",\"url\":\"https:\/\/www.mobilimariani.com\/wp-content\/uploads\/2015\/12\/logo.png\",\"contentUrl\":\"https:\/\/www.mobilimariani.com\/wp-content\/uploads\/2015\/12\/logo.png\",\"width\":160,\"height\":110,\"caption\":\"Mobili Mariani\"},\"image\":{\"@id\":\"https:\/\/www.mobilimariani.com\/#logo\"}},{\"@type\":\"WebSite\",\"@id\":\"https:\/\/www.mobilimariani.com\/#website\",\"url\":\"https:\/\/www.mobilimariani.com\/\",\"name\":\"Mobili Mariani\",\"description\":\"Mobili Italia Svizzera\",\"publisher\":{\"@id\":\"https:\/\/www.mobilimariani.com\/#organization\"},\"potentialAction\":[{\"@type\":\"SearchAction\",\"target\":\"https:\/\/www.mobilimariani.com\/?s={search_term_string}\",\"query-input\":\"required name=search_term_string\"}],\"inLanguage\":\"fr-CH\"},{\"@type\":\"WebPage\",\"@id\":\"https:\/\/www.mobilimariani.com\/fr\/18532-2\/#webpage\",\"url\":\"https:\/\/www.mobilimariani.com\/fr\/18532-2\/\",\"name\":\"CONCESSIONAIRE ELLI FRATELLI | Mobili Mariani\",\"isPartOf\":{\"@id\":\"https:\/\/www.mobilimariani.com\/#website\"},\"datePublished\":\"2017-07-27T14:50:17+00:00\",\"dateModified\":\"2020-09-05T09:31:02+00:00\",\"description\":\"CONCESSIONAIRE ELLI FRATELLI Mariani Abitare Oggi est concessionaire\\u00a0Elli Fratelli pour l'Italie, la Suisse et la France. Elli Fratelli\\u00a0con\\u00e7oit et\",\"breadcrumb\":{\"@id\":\"https:\/\/www.mobilimariani.com\/fr\/18532-2\/#breadcrumb\"},\"inLanguage\":\"fr-CH\",\"potentialAction\":[{\"@type\":\"ReadAction\",\"target\":[\"https:\/\/www.mobilimariani.com\/fr\/18532-2\/\"]}]},{\"@type\":\"BreadcrumbList\",\"@id\":\"https:\/\/www.mobilimariani.com\/fr\/18532-2\/#breadcrumb\",\"itemListElement\":[{\"@type\":\"ListItem\",\"position\":1,\"item\":{\"@type\":\"WebPage\",\"@id\":\"https:\/\/www.mobilimariani.com\/\",\"url\":\"https:\/\/www.mobilimariani.com\/\",\"name\":\"Home\"}},{\"@type\":\"ListItem\",\"position\":2,\"item\":{\"@id\":\"https:\/\/www.mobilimariani.com\/fr\/18532-2\/#webpage\"}}]},{\"@type\":\"Article\",\"@id\":\"https:\/\/www.mobilimariani.com\/fr\/18532-2\/#article\",\"isPartOf\":{\"@id\":\"https:\/\/www.mobilimariani.com\/fr\/18532-2\/#webpage\"},\"author\":{\"@id\":\"https:\/\/www.mobilimariani.com\/#\/schema\/person\/4685d9f51269134e53f988c9122315f4\"},\"headline\":\"CONCESSIONAIRE ELLI FRATELLI\",\"datePublished\":\"2017-07-27T14:50:17+00:00\",\"dateModified\":\"2020-09-05T09:31:02+00:00\",\"mainEntityOfPage\":{\"@id\":\"https:\/\/www.mobilimariani.com\/fr\/18532-2\/#webpage\"},\"publisher\":{\"@id\":\"https:\/\/www.mobilimariani.com\/#organization\"},\"articleSection\":[\"Marques\"],\"inLanguage\":\"fr-CH\"},{\"@type\":\"Person\",\"@id\":\"https:\/\/www.mobilimariani.com\/#\/schema\/person\/4685d9f51269134e53f988c9122315f4\",\"name\":\"14m4rC008\",\"image\":{\"@type\":\"ImageObject\",\"@id\":\"https:\/\/www.mobilimariani.com\/#personlogo\",\"inLanguage\":\"fr-CH\",\"url\":\"https:\/\/secure.gravatar.com\/avatar\/dfaa6e536fec7030712cf850e9ddef45?s=96&d=mm&r=g\",\"contentUrl\":\"https:\/\/secure.gravatar.com\/avatar\/dfaa6e536fec7030712cf850e9ddef45?s=96&d=mm&r=g\",\"caption\":\"14m4rC008\"}}]}<\/script>\n<!-- \/ Yoast SEO plugin. -->","_links":{"self":[{"href":"https:\/\/www.mobilimariani.com\/fr\/wp-json\/wp\/v2\/posts\/18532"}],"collection":[{"href":"https:\/\/www.mobilimariani.com\/fr\/wp-json\/wp\/v2\/posts"}],"about":[{"href":"https:\/\/www.mobilimariani.com\/fr\/wp-json\/wp\/v2\/types\/post"}],"author":[{"embeddable":true,"href":"https:\/\/www.mobilimariani.com\/fr\/wp-json\/wp\/v2\/users\/1"}],"replies":[{"embeddable":true,"href":"https:\/\/www.mobilimariani.com\/fr\/wp-json\/wp\/v2\/comments?post=18532"}],"version-history":[{"count":5,"href":"https:\/\/www.mobilimariani.com\/fr\/wp-json\/wp\/v2\/posts\/18532\/revisions"}],"predecessor-version":[{"id":25424,"href":"https:\/\/www.mobilimariani.com\/fr\/wp-json\/wp\/v2\/posts\/18532\/revisions\/25424"}],"wp:attachment":[{"href":"https:\/\/www.mobilimariani.com\/fr\/wp-json\/wp\/v2\/media?parent=18532"}],"wp:term":[{"taxonomy":"category","embeddable":true,"href":"https:\/\/www.mobilimariani.com\/fr\/wp-json\/wp\/v2\/categories?post=18532"},{"taxonomy":"post_tag","embeddable":true,"href":"https:\/\/www.mobilimariani.com\/fr\/wp-json\/wp\/v2\/tags?post=18532"}],"curies":[{"name":"wp","href":"https:\/\/api.w.org\/{rel}","templated":true}]}}