{"id":18528,"date":"2017-07-27T16:24:10","date_gmt":"2017-07-27T14:24:10","guid":{"rendered":"https:\/\/www.mobilimariani.com\/?p=18528"},"modified":"2024-11-28T11:04:34","modified_gmt":"2024-11-28T10:04:34","slug":"18528-2","status":"publish","type":"post","link":"https:\/\/www.mobilimariani.com\/fr\/18528-2\/","title":{"rendered":"ELLI FRATELLI COLLECTION FINITIONS"},"content":{"rendered":"<p>ELLI\u00a0FLLI COLLECTION FINITIONS DELO<\/p>\n<p>Toute la production est disponible en FINITION laqu\u00e9 et teinte noyer rev\u00eatements en vrai bois tranch\u00e9 avec des pi\u00e8ces en bois massif de h\u00eatre, peuplier, Tulipier et Acatio.<\/p>\n<p>Toutes les pi\u00e8ces en bois sont\u00a0\u00e9galement disponibles dans les finitions laque\u00e9s. La finition LAQUE SEULEMENT PORTES\u00a0et \u00a0LAQUE SEULEMENT SEULEMENT FRONTAL DU TIROIR, r\u00e9v\u00e8le la structure et les dossiers qui restent en finition couleur noyer. La finition ext\u00e9rieure LAQUE\u00a0maintient l&#8217;int\u00e9rieur en teinte noyer, alors que toutes les parties visibles sont laqu\u00e9s. La finition LACCATO INTERIEUR ET EXTERIEUR\u00a0pr\u00e9voit \u00a0le laquage totale du mobile, \u00e0 la fois \u00e0 l&#8217;ext\u00e9rieur et \u00e0 l&#8217;int\u00e9rieur.<\/p>\n<p>Les couleurs du verre. Les portes \u00e0 ch\u00e2ssis TERA et portes coulissantes COO, sont disponibles avec une trame dans la finition d&#8217;aluminium, merisier, noyer\u00a0et laqu\u00e9, avec des panneaux de finition en\u00a0bois ou laqu\u00e9 en cristal lisse qui rend l&#8217;effet du brillant. Les cristaux laqu\u00e9s sont les suivants: neige EW, ivoire 28, LB blanc, graphite, gris jonio, rouge Milos, Ecru, gris\u00a0Tourterelle<span class=\"nbsp1\">\u00a0\u00a0<\/span>, caf\u00e9 Plaka. Ils sont \u00e9galement disponibles, miroirs, verres transparents, verres sabl\u00e9.<\/p>\n<p>Pour le rev\u00eatement des pi\u00e8ces rembourr\u00e9es, enti\u00e8rement d\u00e9montables, la collection Delo offre: Jeans, tissu, faux cuir (hypoallerg\u00e9nique), peau (hypoallerg\u00e9nique) et Alcantara.<\/p>\n<p>Pour d\u00e9couvrir les produits\u00a0Elli Fratelli\u00a0<a href=\"https:\/\/www.mobilimariani.com\/fr\/search\/elli+flli\">cliquez ici<\/a><\/p>\n<p>Pour d\u00e9couvrir la marque\u00a0Elli Fratelli\u00a0<a href=\"https:\/\/www.mobilimariani.com\/rivenditore-elli-fratelli\/?lang=fr\">cliquez ici<\/a><\/p>\n<p>Vous voulez conna\u00eetre notre meilleur prix pour cet article?\u00a0<a href=\"https:\/\/www.mobilimariani.com\/fr\/contacts\/\">Cliquez ici<\/a>\u00a0et envoyez-nous la demande<\/p>\n<p>Signale le lieu de livraison et si le montage est n\u00e9c\u00e9ssaire.<\/p>\n<p>Nous livrons dans toute l\u2019Europe,\u00a0Canada, Etats-Unis, Russie, Emirats Arabes Unis et o\u00f9 que vous soyez<\/p>\n","protected":false},"excerpt":{"rendered":"ELLI\u00a0FLLI COLLECTION FINITIONS DELO Toute la production est disponible en FINITION laqu\u00e9 et teinte noyer rev\u00eatements en vrai bois tranch\u00e9 avec des pi\u00e8ces en bois massif de h\u00eatre, peuplier, Tulipier et Acatio. Toutes les pi\u00e8ces en bois sont\u00a0\u00e9galement disponibles dans les finitions laque\u00e9s. La finition LAQUE SEULEMENT PORTES\u00a0et \u00a0LAQUE SEULEMENT SEULEMENT FRONTAL DU TIROIR, r\u00e9v\u00e8le&#8230; <a class=\"view-article\" href=\"https:\/\/www.mobilimariani.com\/fr\/18528-2\/\">Voir l&#8217;article<\/a>","protected":false},"author":1,"featured_media":0,"comment_status":"closed","ping_status":"closed","sticky":false,"template":"","format":"standard","meta":[],"categories":[3,36,1,5,2],"tags":[],"yoast_head":"<!-- This site is optimized with the Yoast SEO plugin v16.2 - https:\/\/yoast.com\/wordpress\/plugins\/seo\/ -->\n<meta name=\"description\" content=\"ELLI\u00a0FLLI COLLECTION FINITIONS DELO Toute la production est disponible en FINITION laqu\u00e9 et teinte noyer rev\u00eatements en vrai bois tranch\u00e9 avec des pi\u00e8ces\" \/>\n<meta name=\"robots\" content=\"index, follow, max-snippet:-1, max-image-preview:large, max-video-preview:-1\" \/>\n<link rel=\"canonical\" href=\"https:\/\/www.mobilimariani.com\/fr\/18528-2\/\" \/>\n<meta property=\"og:locale\" content=\"fr_FR\" \/>\n<meta property=\"og:type\" content=\"article\" \/>\n<meta property=\"og:title\" content=\"ELLI FRATELLI COLLECTION FINITIONS | Mobili Mariani\" \/>\n<meta property=\"og:description\" content=\"ELLI\u00a0FLLI COLLECTION FINITIONS DELO Toute la production est disponible en FINITION laqu\u00e9 et teinte noyer rev\u00eatements en vrai bois tranch\u00e9 avec des pi\u00e8ces\" \/>\n<meta property=\"og:url\" content=\"https:\/\/www.mobilimariani.com\/fr\/18528-2\/\" \/>\n<meta property=\"og:site_name\" content=\"Mobili Mariani\" \/>\n<meta property=\"article:published_time\" content=\"2017-07-27T14:24:10+00:00\" \/>\n<meta property=\"article:modified_time\" content=\"2024-11-28T10:04:34+00:00\" \/>\n<meta name=\"twitter:label1\" content=\"Est. reading time\">\n\t<meta name=\"twitter:data1\" content=\"1 minute\">\n<script type=\"application\/ld+json\" class=\"yoast-schema-graph\">{\"@context\":\"https:\/\/schema.org\",\"@graph\":[{\"@type\":\"Organization\",\"@id\":\"https:\/\/www.mobilimariani.com\/#organization\",\"name\":\"Mobili Mariani\",\"url\":\"https:\/\/www.mobilimariani.com\/\",\"sameAs\":[],\"logo\":{\"@type\":\"ImageObject\",\"@id\":\"https:\/\/www.mobilimariani.com\/#logo\",\"inLanguage\":\"fr-CH\",\"url\":\"https:\/\/www.mobilimariani.com\/wp-content\/uploads\/2015\/12\/logo.png\",\"contentUrl\":\"https:\/\/www.mobilimariani.com\/wp-content\/uploads\/2015\/12\/logo.png\",\"width\":160,\"height\":110,\"caption\":\"Mobili Mariani\"},\"image\":{\"@id\":\"https:\/\/www.mobilimariani.com\/#logo\"}},{\"@type\":\"WebSite\",\"@id\":\"https:\/\/www.mobilimariani.com\/#website\",\"url\":\"https:\/\/www.mobilimariani.com\/\",\"name\":\"Mobili Mariani\",\"description\":\"Mobili Italia Svizzera\",\"publisher\":{\"@id\":\"https:\/\/www.mobilimariani.com\/#organization\"},\"potentialAction\":[{\"@type\":\"SearchAction\",\"target\":\"https:\/\/www.mobilimariani.com\/?s={search_term_string}\",\"query-input\":\"required name=search_term_string\"}],\"inLanguage\":\"fr-CH\"},{\"@type\":\"WebPage\",\"@id\":\"https:\/\/www.mobilimariani.com\/fr\/18528-2\/#webpage\",\"url\":\"https:\/\/www.mobilimariani.com\/fr\/18528-2\/\",\"name\":\"ELLI FRATELLI COLLECTION FINITIONS | Mobili Mariani\",\"isPartOf\":{\"@id\":\"https:\/\/www.mobilimariani.com\/#website\"},\"datePublished\":\"2017-07-27T14:24:10+00:00\",\"dateModified\":\"2024-11-28T10:04:34+00:00\",\"description\":\"ELLI\\u00a0FLLI COLLECTION FINITIONS DELO Toute la production est disponible en FINITION laqu\\u00e9 et teinte noyer rev\\u00eatements en vrai bois tranch\\u00e9 avec des pi\\u00e8ces\",\"breadcrumb\":{\"@id\":\"https:\/\/www.mobilimariani.com\/fr\/18528-2\/#breadcrumb\"},\"inLanguage\":\"fr-CH\",\"potentialAction\":[{\"@type\":\"ReadAction\",\"target\":[\"https:\/\/www.mobilimariani.com\/fr\/18528-2\/\"]}]},{\"@type\":\"BreadcrumbList\",\"@id\":\"https:\/\/www.mobilimariani.com\/fr\/18528-2\/#breadcrumb\",\"itemListElement\":[{\"@type\":\"ListItem\",\"position\":1,\"item\":{\"@type\":\"WebPage\",\"@id\":\"https:\/\/www.mobilimariani.com\/\",\"url\":\"https:\/\/www.mobilimariani.com\/\",\"name\":\"Home\"}},{\"@type\":\"ListItem\",\"position\":2,\"item\":{\"@id\":\"https:\/\/www.mobilimariani.com\/fr\/18528-2\/#webpage\"}}]},{\"@type\":\"Article\",\"@id\":\"https:\/\/www.mobilimariani.com\/fr\/18528-2\/#article\",\"isPartOf\":{\"@id\":\"https:\/\/www.mobilimariani.com\/fr\/18528-2\/#webpage\"},\"author\":{\"@id\":\"https:\/\/www.mobilimariani.com\/#\/schema\/person\/4685d9f51269134e53f988c9122315f4\"},\"headline\":\"ELLI FRATELLI COLLECTION FINITIONS\",\"datePublished\":\"2017-07-27T14:24:10+00:00\",\"dateModified\":\"2024-11-28T10:04:34+00:00\",\"mainEntityOfPage\":{\"@id\":\"https:\/\/www.mobilimariani.com\/fr\/18528-2\/#webpage\"},\"publisher\":{\"@id\":\"https:\/\/www.mobilimariani.com\/#organization\"},\"articleSection\":[\"Armoires\",\"Chambres d&rsquo;enfants\",\"Catalogue\",\"Lits\",\"Zone nuit\"],\"inLanguage\":\"fr-CH\"},{\"@type\":\"Person\",\"@id\":\"https:\/\/www.mobilimariani.com\/#\/schema\/person\/4685d9f51269134e53f988c9122315f4\",\"name\":\"14m4rC008\",\"image\":{\"@type\":\"ImageObject\",\"@id\":\"https:\/\/www.mobilimariani.com\/#personlogo\",\"inLanguage\":\"fr-CH\",\"url\":\"https:\/\/secure.gravatar.com\/avatar\/dfaa6e536fec7030712cf850e9ddef45?s=96&d=mm&r=g\",\"contentUrl\":\"https:\/\/secure.gravatar.com\/avatar\/dfaa6e536fec7030712cf850e9ddef45?s=96&d=mm&r=g\",\"caption\":\"14m4rC008\"}}]}<\/script>\n<!-- \/ Yoast SEO plugin. -->","_links":{"self":[{"href":"https:\/\/www.mobilimariani.com\/fr\/wp-json\/wp\/v2\/posts\/18528"}],"collection":[{"href":"https:\/\/www.mobilimariani.com\/fr\/wp-json\/wp\/v2\/posts"}],"about":[{"href":"https:\/\/www.mobilimariani.com\/fr\/wp-json\/wp\/v2\/types\/post"}],"author":[{"embeddable":true,"href":"https:\/\/www.mobilimariani.com\/fr\/wp-json\/wp\/v2\/users\/1"}],"replies":[{"embeddable":true,"href":"https:\/\/www.mobilimariani.com\/fr\/wp-json\/wp\/v2\/comments?post=18528"}],"version-history":[{"count":4,"href":"https:\/\/www.mobilimariani.com\/fr\/wp-json\/wp\/v2\/posts\/18528\/revisions"}],"predecessor-version":[{"id":19837,"href":"https:\/\/www.mobilimariani.com\/fr\/wp-json\/wp\/v2\/posts\/18528\/revisions\/19837"}],"wp:attachment":[{"href":"https:\/\/www.mobilimariani.com\/fr\/wp-json\/wp\/v2\/media?parent=18528"}],"wp:term":[{"taxonomy":"category","embeddable":true,"href":"https:\/\/www.mobilimariani.com\/fr\/wp-json\/wp\/v2\/categories?post=18528"},{"taxonomy":"post_tag","embeddable":true,"href":"https:\/\/www.mobilimariani.com\/fr\/wp-json\/wp\/v2\/tags?post=18528"}],"curies":[{"name":"wp","href":"https:\/\/api.w.org\/{rel}","templated":true}]}}