{"id":15618,"date":"2017-08-14T10:28:40","date_gmt":"2017-08-14T08:28:40","guid":{"rendered":"https:\/\/www.mobilimariani.com\/?p=15618"},"modified":"2021-07-31T18:27:28","modified_gmt":"2021-07-31T16:27:28","slug":"flou-lit-nathalie-2","status":"publish","type":"post","link":"https:\/\/www.mobilimariani.com\/fr\/flou-lit-nathalie-2\/","title":{"rendered":"Flou Lit Nathalie"},"content":{"rendered":"<p>FLOU LIT NATHALIE DESIGN VICO MAGISTRETTI.<\/p>\n<p>Reconnu comme le fondateur des lits textiles Nathalie est la nouvelle fa\u00e7on de dormir.\u00a0Con\u00e7u en 1978 par Vico Magistretti , au fil des ann\u00e9es est devenu un v\u00e9ritable &#8220;ensemble de solutions&#8221; avec la possibilit\u00e9 de choisir entre cinq types de bases :\u00a0Confort, rigid, r\u00e9servoir, la base h . 25 , selon H.16 et 5 \u00e9tages de repos &#8211; lattes orthop\u00e9diques, lamelles orientables, orthop\u00e9diques, des r\u00e9seaux avec des v\u00e9los \u00e9lectriques ou \u00e9lectrique manuelle &#8211; personnalisable si en fonction de vos besoins ou habitudes.\u00a0La tete de lit est \u00e9galement disponible dans une version inclinable avec m\u00e9canisme manuel.\u00a0Enti\u00e8rement recouvert de tissu, cuir ou simili cuir, incomparable avec ses arcs, Nathalie est compl\u00e8tement amovible gr\u00e2ce \u00e0 un syst\u00e8me de velcro pratique et offre la possibilit\u00e9 de choisir et de coordonner la doublure et le lin.<\/p>\n<p>Matelas disponible en 85\/90\/100\/120\/160\/170\/180\/200 x 190\/200\/210 de longueur.<\/p>\n<p>Pour d\u00e9couvrir les bases\u00a0du\u00a0lit,\u00a0<a href=\"https:\/\/www.mobilimariani.com\/flou-le-basi-dei-letti\/?lang=fr\">cliquez ici<\/a><\/p>\n<p>Pour d\u00e9couvrir le sommier\u00a0avec mouvement\u00a0<a href=\"https:\/\/www.mobilimariani.com\/flou-base-rete-movimento\/?lang=fr\">cliquez ici<\/a><\/p>\n<p>Pour conna\u00eetre les\u00a0<span id=\"OT432079633\">rev\u00eatements\u00a0<\/span>\u00a0en tissu\u00a0<a href=\"https:\/\/www.mobilimariani.com\/fr\/flou-les-revetements\/\">cliquez ici\u00a0<\/a>pour les rev\u00eatements en faux cuir\u00a0<a href=\"https:\/\/www.mobilimariani.com\/flou-rivestimenti-lecopelle\/?lang=fr\">ici<\/a>\u00a0pour les\u00a0rev\u00eatements en cuir\u00a0<a href=\"https:\/\/www.mobilimariani.com\/flou-rivestimenti-la-pelle\/?lang=fr\">ici<\/a><\/p>\n<p>Pour d\u00e9couvrir la marque Flou <a title=\"FLOU\" href=\"https:\/\/www.mobilimariani.com\/fr\/concessionnaire-flou\/\">cliquez ici<\/a><\/p>\n<p>Pour d\u00e9couvrir le catalogue de tous nos lits\u00a0<a href=\"https:\/\/www.mobilimariani.com\/fr\/search\/lit\">cliquez ici<\/a><\/p>\n<p>Vous voulez conna\u00eetre notre meilleur prix pour cet article?\u00a0<a href=\"https:\/\/www.mobilimariani.com\/fr\/contacts\/\">Cliquez ici<\/a>\u00a0et envoyez-nous la demande indiquant le lieu d\u2019exp\u00e9dition<\/p>\n<p>Pour nos clients suisses, la TVA italienne sera d\u00e9duite.<\/p>\n<p><strong style=\"line-height: 1.5;\">.<\/strong><\/p>\n","protected":false},"excerpt":{"rendered":"FLOU LIT NATHALIE DESIGN VICO MAGISTRETTI. Reconnu comme le fondateur des lits textiles Nathalie est la nouvelle fa\u00e7on de dormir.\u00a0Con\u00e7u en 1978 par Vico Magistretti , au fil des ann\u00e9es est devenu un v\u00e9ritable &#8220;ensemble de solutions&#8221; avec la possibilit\u00e9 de choisir entre cinq types de bases :\u00a0Confort, rigid, r\u00e9servoir, la base h . 25&#8230; <a class=\"view-article\" href=\"https:\/\/www.mobilimariani.com\/fr\/flou-lit-nathalie-2\/\">Voir l&#8217;article<\/a>","protected":false},"author":1,"featured_media":0,"comment_status":"closed","ping_status":"closed","sticky":false,"template":"","format":"standard","meta":[],"categories":[1,5,2],"tags":[2148,2147],"yoast_head":"<!-- This site is optimized with the Yoast SEO plugin v16.2 - https:\/\/yoast.com\/wordpress\/plugins\/seo\/ -->\n<meta name=\"description\" content=\"FLOU LIT NATHALIE DESIGN VICO MAGISTRETTI. Reconnu comme le fondateur des lits textiles Nathalie est la nouvelle fa\u00e7on de dormir.\u00a0Con\u00e7u en 1978 par Vico\" \/>\n<meta name=\"robots\" content=\"index, follow, max-snippet:-1, max-image-preview:large, max-video-preview:-1\" \/>\n<link rel=\"canonical\" href=\"https:\/\/www.mobilimariani.com\/fr\/flou-lit-nathalie-2\/\" \/>\n<meta property=\"og:locale\" content=\"fr_FR\" \/>\n<meta property=\"og:type\" content=\"article\" \/>\n<meta property=\"og:title\" content=\"Flou Lit Nathalie | Mobili Mariani\" \/>\n<meta property=\"og:description\" content=\"FLOU LIT NATHALIE DESIGN VICO MAGISTRETTI. Reconnu comme le fondateur des lits textiles Nathalie est la nouvelle fa\u00e7on de dormir.\u00a0Con\u00e7u en 1978 par Vico\" \/>\n<meta property=\"og:url\" content=\"https:\/\/www.mobilimariani.com\/fr\/flou-lit-nathalie-2\/\" \/>\n<meta property=\"og:site_name\" content=\"Mobili Mariani\" \/>\n<meta property=\"article:published_time\" content=\"2017-08-14T08:28:40+00:00\" \/>\n<meta property=\"article:modified_time\" content=\"2021-07-31T16:27:28+00:00\" \/>\n<meta name=\"twitter:label1\" content=\"Est. reading time\">\n\t<meta name=\"twitter:data1\" content=\"1 minute\">\n<script type=\"application\/ld+json\" class=\"yoast-schema-graph\">{\"@context\":\"https:\/\/schema.org\",\"@graph\":[{\"@type\":\"Organization\",\"@id\":\"https:\/\/www.mobilimariani.com\/#organization\",\"name\":\"Mobili Mariani\",\"url\":\"https:\/\/www.mobilimariani.com\/\",\"sameAs\":[],\"logo\":{\"@type\":\"ImageObject\",\"@id\":\"https:\/\/www.mobilimariani.com\/#logo\",\"inLanguage\":\"fr-CH\",\"url\":\"https:\/\/www.mobilimariani.com\/wp-content\/uploads\/2015\/12\/logo.png\",\"contentUrl\":\"https:\/\/www.mobilimariani.com\/wp-content\/uploads\/2015\/12\/logo.png\",\"width\":160,\"height\":110,\"caption\":\"Mobili Mariani\"},\"image\":{\"@id\":\"https:\/\/www.mobilimariani.com\/#logo\"}},{\"@type\":\"WebSite\",\"@id\":\"https:\/\/www.mobilimariani.com\/#website\",\"url\":\"https:\/\/www.mobilimariani.com\/\",\"name\":\"Mobili Mariani\",\"description\":\"Mobili Italia Svizzera\",\"publisher\":{\"@id\":\"https:\/\/www.mobilimariani.com\/#organization\"},\"potentialAction\":[{\"@type\":\"SearchAction\",\"target\":\"https:\/\/www.mobilimariani.com\/?s={search_term_string}\",\"query-input\":\"required name=search_term_string\"}],\"inLanguage\":\"fr-CH\"},{\"@type\":\"WebPage\",\"@id\":\"https:\/\/www.mobilimariani.com\/fr\/flou-lit-nathalie-2\/#webpage\",\"url\":\"https:\/\/www.mobilimariani.com\/fr\/flou-lit-nathalie-2\/\",\"name\":\"Flou Lit Nathalie | Mobili Mariani\",\"isPartOf\":{\"@id\":\"https:\/\/www.mobilimariani.com\/#website\"},\"datePublished\":\"2017-08-14T08:28:40+00:00\",\"dateModified\":\"2021-07-31T16:27:28+00:00\",\"description\":\"FLOU LIT NATHALIE DESIGN VICO MAGISTRETTI. Reconnu comme le fondateur des lits textiles Nathalie est la nouvelle fa\\u00e7on de dormir.\\u00a0Con\\u00e7u en 1978 par Vico\",\"breadcrumb\":{\"@id\":\"https:\/\/www.mobilimariani.com\/fr\/flou-lit-nathalie-2\/#breadcrumb\"},\"inLanguage\":\"fr-CH\",\"potentialAction\":[{\"@type\":\"ReadAction\",\"target\":[\"https:\/\/www.mobilimariani.com\/fr\/flou-lit-nathalie-2\/\"]}]},{\"@type\":\"BreadcrumbList\",\"@id\":\"https:\/\/www.mobilimariani.com\/fr\/flou-lit-nathalie-2\/#breadcrumb\",\"itemListElement\":[{\"@type\":\"ListItem\",\"position\":1,\"item\":{\"@type\":\"WebPage\",\"@id\":\"https:\/\/www.mobilimariani.com\/\",\"url\":\"https:\/\/www.mobilimariani.com\/\",\"name\":\"Home\"}},{\"@type\":\"ListItem\",\"position\":2,\"item\":{\"@id\":\"https:\/\/www.mobilimariani.com\/fr\/flou-lit-nathalie-2\/#webpage\"}}]},{\"@type\":\"Article\",\"@id\":\"https:\/\/www.mobilimariani.com\/fr\/flou-lit-nathalie-2\/#article\",\"isPartOf\":{\"@id\":\"https:\/\/www.mobilimariani.com\/fr\/flou-lit-nathalie-2\/#webpage\"},\"author\":{\"@id\":\"https:\/\/www.mobilimariani.com\/#\/schema\/person\/4685d9f51269134e53f988c9122315f4\"},\"headline\":\"Flou Lit Nathalie\",\"datePublished\":\"2017-08-14T08:28:40+00:00\",\"dateModified\":\"2021-07-31T16:27:28+00:00\",\"mainEntityOfPage\":{\"@id\":\"https:\/\/www.mobilimariani.com\/fr\/flou-lit-nathalie-2\/#webpage\"},\"publisher\":{\"@id\":\"https:\/\/www.mobilimariani.com\/#organization\"},\"keywords\":[\"chambres lit design italien\",\"lits design italien\"],\"articleSection\":[\"Catalogue\",\"Lits\",\"Zone nuit\"],\"inLanguage\":\"fr-CH\"},{\"@type\":\"Person\",\"@id\":\"https:\/\/www.mobilimariani.com\/#\/schema\/person\/4685d9f51269134e53f988c9122315f4\",\"name\":\"14m4rC008\",\"image\":{\"@type\":\"ImageObject\",\"@id\":\"https:\/\/www.mobilimariani.com\/#personlogo\",\"inLanguage\":\"fr-CH\",\"url\":\"https:\/\/secure.gravatar.com\/avatar\/dfaa6e536fec7030712cf850e9ddef45?s=96&d=mm&r=g\",\"contentUrl\":\"https:\/\/secure.gravatar.com\/avatar\/dfaa6e536fec7030712cf850e9ddef45?s=96&d=mm&r=g\",\"caption\":\"14m4rC008\"}}]}<\/script>\n<!-- \/ Yoast SEO plugin. -->","_links":{"self":[{"href":"https:\/\/www.mobilimariani.com\/fr\/wp-json\/wp\/v2\/posts\/15618"}],"collection":[{"href":"https:\/\/www.mobilimariani.com\/fr\/wp-json\/wp\/v2\/posts"}],"about":[{"href":"https:\/\/www.mobilimariani.com\/fr\/wp-json\/wp\/v2\/types\/post"}],"author":[{"embeddable":true,"href":"https:\/\/www.mobilimariani.com\/fr\/wp-json\/wp\/v2\/users\/1"}],"replies":[{"embeddable":true,"href":"https:\/\/www.mobilimariani.com\/fr\/wp-json\/wp\/v2\/comments?post=15618"}],"version-history":[{"count":3,"href":"https:\/\/www.mobilimariani.com\/fr\/wp-json\/wp\/v2\/posts\/15618\/revisions"}],"predecessor-version":[{"id":27411,"href":"https:\/\/www.mobilimariani.com\/fr\/wp-json\/wp\/v2\/posts\/15618\/revisions\/27411"}],"wp:attachment":[{"href":"https:\/\/www.mobilimariani.com\/fr\/wp-json\/wp\/v2\/media?parent=15618"}],"wp:term":[{"taxonomy":"category","embeddable":true,"href":"https:\/\/www.mobilimariani.com\/fr\/wp-json\/wp\/v2\/categories?post=15618"},{"taxonomy":"post_tag","embeddable":true,"href":"https:\/\/www.mobilimariani.com\/fr\/wp-json\/wp\/v2\/tags?post=15618"}],"curies":[{"name":"wp","href":"https:\/\/api.w.org\/{rel}","templated":true}]}}