{"id":14600,"date":"2021-07-20T21:31:08","date_gmt":"2021-07-20T19:31:08","guid":{"rendered":"https:\/\/www.mobilimariani.com\/?p=14600"},"modified":"2023-07-19T16:37:43","modified_gmt":"2023-07-19T14:37:43","slug":"meta-morfosi-lit-rond-globe","status":"publish","type":"post","link":"https:\/\/www.mobilimariani.com\/fr\/meta-morfosi-lit-rond-globe\/","title":{"rendered":"META DESIGN LIT ROND GLOBE"},"content":{"rendered":"<p>META-MORFOSI LIT ROND GLOBE<\/p>\n<p>Globe est caract\u00e9ris\u00e9 par l&#8217;originale t\u00e8te de lit capitonn\u00e9e \u00e0 angle vou\u00e9e \u00e0 optimiser les espaces des chambres \u00e0 coucher. Il se pr\u00e9sente, donc, comme une solution particuli\u00e8rement originale et cr\u00e9ative pour la zone nuit.<\/p>\n<p>Matelas inclus.<\/p>\n<p>Materiaux:\u00a0TETE DE LIT: bois massif et multicouches en bois. TOUR DE LIT: multicouches en bois revetu en velour accoupl\u00e9, autoportant. CAPITONNAGE STRUCTURE: polyur\u00e9thane expans\u00e9 D.35 rev\u00e8tu d&#8217;ouate de polyester et\/ou velour matelass\u00e9 en coton. MATELAS: en polyur\u00e9thane expans\u00e9 densit\u00e9 28 kg \/ m3 rev\u00e8tu en velour matelass\u00e9 en coton ou \u00e0 ressorts box\u00e9 et losang\u00e9 revetu en tissu comfort avec capitonnage climatis\u00e9. PIEDS: en m\u00e9tal peint couleur noire. REVETEMENT: t\u00e8te de lit et tour de lit en tissu compl\u00e8tement d\u00e9houssables. T\u00e8te de lit et tour de lit en cuir et faux cuir non d\u00e9houssable.<\/p>\n<p>Pour voir les tissus de rev\u00e8tement<a href=\"https:\/\/www.mobilimariani.com\/fr\/meta-morfosi-revetements-lits-et-canapes\/\"> cliquez ici<\/a><\/p>\n<p>Pour d\u00e9couvrir la marque META-MORFOSI <a href=\"https:\/\/www.mobilimariani.com\/fr\/concessionaire-meta-morfosi-design\/\">cliquez ici<\/a><\/p>\n<p>Pour d\u00e9couvrir le catalogue de tous nos lits\u00a0<a href=\"https:\/\/www.mobilimariani.com\/fr\/search\/lit\">cliquez ici<\/a><\/p>\n<p>Vous voulez conna\u00eetre notre meilleur prix pour cet article?\u00a0<a href=\"https:\/\/www.mobilimariani.com\/fr\/contacts\/\">Cliquez ici<\/a>\u00a0et envoyez-nous la demande indiquant le lieu d\u2019exp\u00e9dition<\/p>\n<p>Pour nos clients suisses, la TVA italienne sera d\u00e9duite.<\/p>\n","protected":false},"excerpt":{"rendered":"META-MORFOSI LIT ROND GLOBE Globe est caract\u00e9ris\u00e9 par l&#8217;originale t\u00e8te de lit capitonn\u00e9e \u00e0 angle vou\u00e9e \u00e0 optimiser les espaces des chambres \u00e0 coucher. Il se pr\u00e9sente, donc, comme une solution particuli\u00e8rement originale et cr\u00e9ative pour la zone nuit. Matelas inclus. Materiaux:\u00a0TETE DE LIT: bois massif et multicouches en bois. TOUR DE LIT: multicouches en&#8230; <a class=\"view-article\" href=\"https:\/\/www.mobilimariani.com\/fr\/meta-morfosi-lit-rond-globe\/\">Voir l&#8217;article<\/a>","protected":false},"author":1,"featured_media":0,"comment_status":"closed","ping_status":"closed","sticky":false,"template":"","format":"standard","meta":[],"categories":[1,5,2],"tags":[2148,2147,2152],"yoast_head":"<!-- This site is optimized with the Yoast SEO plugin v16.2 - https:\/\/yoast.com\/wordpress\/plugins\/seo\/ -->\n<meta name=\"description\" content=\"META-MORFOSI LIT ROND GLOBE Globe est caract\u00e9ris\u00e9 par l&#039;originale t\u00e8te de lit capitonn\u00e9e \u00e0 angle vou\u00e9e \u00e0 optimiser les espaces des chambres \u00e0 coucher. Il\" \/>\n<meta name=\"robots\" content=\"index, follow, max-snippet:-1, max-image-preview:large, max-video-preview:-1\" \/>\n<link rel=\"canonical\" href=\"https:\/\/www.mobilimariani.com\/fr\/meta-morfosi-lit-rond-globe\/\" \/>\n<meta property=\"og:locale\" content=\"fr_FR\" \/>\n<meta property=\"og:type\" content=\"article\" \/>\n<meta property=\"og:title\" content=\"META DESIGN LIT ROND GLOBE | Mobili Mariani\" \/>\n<meta property=\"og:description\" content=\"META-MORFOSI LIT ROND GLOBE Globe est caract\u00e9ris\u00e9 par l&#039;originale t\u00e8te de lit capitonn\u00e9e \u00e0 angle vou\u00e9e \u00e0 optimiser les espaces des chambres \u00e0 coucher. Il\" \/>\n<meta property=\"og:url\" content=\"https:\/\/www.mobilimariani.com\/fr\/meta-morfosi-lit-rond-globe\/\" \/>\n<meta property=\"og:site_name\" content=\"Mobili Mariani\" \/>\n<meta property=\"article:published_time\" content=\"2021-07-20T19:31:08+00:00\" \/>\n<meta property=\"article:modified_time\" content=\"2023-07-19T14:37:43+00:00\" \/>\n<meta name=\"twitter:label1\" content=\"Est. reading time\">\n\t<meta name=\"twitter:data1\" content=\"1 minute\">\n<script type=\"application\/ld+json\" class=\"yoast-schema-graph\">{\"@context\":\"https:\/\/schema.org\",\"@graph\":[{\"@type\":\"Organization\",\"@id\":\"https:\/\/www.mobilimariani.com\/#organization\",\"name\":\"Mobili Mariani\",\"url\":\"https:\/\/www.mobilimariani.com\/\",\"sameAs\":[],\"logo\":{\"@type\":\"ImageObject\",\"@id\":\"https:\/\/www.mobilimariani.com\/#logo\",\"inLanguage\":\"fr-CH\",\"url\":\"https:\/\/www.mobilimariani.com\/wp-content\/uploads\/2015\/12\/logo.png\",\"contentUrl\":\"https:\/\/www.mobilimariani.com\/wp-content\/uploads\/2015\/12\/logo.png\",\"width\":160,\"height\":110,\"caption\":\"Mobili Mariani\"},\"image\":{\"@id\":\"https:\/\/www.mobilimariani.com\/#logo\"}},{\"@type\":\"WebSite\",\"@id\":\"https:\/\/www.mobilimariani.com\/#website\",\"url\":\"https:\/\/www.mobilimariani.com\/\",\"name\":\"Mobili Mariani\",\"description\":\"Mobili Italia Svizzera\",\"publisher\":{\"@id\":\"https:\/\/www.mobilimariani.com\/#organization\"},\"potentialAction\":[{\"@type\":\"SearchAction\",\"target\":\"https:\/\/www.mobilimariani.com\/?s={search_term_string}\",\"query-input\":\"required name=search_term_string\"}],\"inLanguage\":\"fr-CH\"},{\"@type\":\"WebPage\",\"@id\":\"https:\/\/www.mobilimariani.com\/fr\/meta-morfosi-lit-rond-globe\/#webpage\",\"url\":\"https:\/\/www.mobilimariani.com\/fr\/meta-morfosi-lit-rond-globe\/\",\"name\":\"META DESIGN LIT ROND GLOBE | Mobili Mariani\",\"isPartOf\":{\"@id\":\"https:\/\/www.mobilimariani.com\/#website\"},\"datePublished\":\"2021-07-20T19:31:08+00:00\",\"dateModified\":\"2023-07-19T14:37:43+00:00\",\"description\":\"META-MORFOSI LIT ROND GLOBE Globe est caract\\u00e9ris\\u00e9 par l'originale t\\u00e8te de lit capitonn\\u00e9e \\u00e0 angle vou\\u00e9e \\u00e0 optimiser les espaces des chambres \\u00e0 coucher. Il\",\"breadcrumb\":{\"@id\":\"https:\/\/www.mobilimariani.com\/fr\/meta-morfosi-lit-rond-globe\/#breadcrumb\"},\"inLanguage\":\"fr-CH\",\"potentialAction\":[{\"@type\":\"ReadAction\",\"target\":[\"https:\/\/www.mobilimariani.com\/fr\/meta-morfosi-lit-rond-globe\/\"]}]},{\"@type\":\"BreadcrumbList\",\"@id\":\"https:\/\/www.mobilimariani.com\/fr\/meta-morfosi-lit-rond-globe\/#breadcrumb\",\"itemListElement\":[{\"@type\":\"ListItem\",\"position\":1,\"item\":{\"@type\":\"WebPage\",\"@id\":\"https:\/\/www.mobilimariani.com\/\",\"url\":\"https:\/\/www.mobilimariani.com\/\",\"name\":\"Home\"}},{\"@type\":\"ListItem\",\"position\":2,\"item\":{\"@id\":\"https:\/\/www.mobilimariani.com\/fr\/meta-morfosi-lit-rond-globe\/#webpage\"}}]},{\"@type\":\"Article\",\"@id\":\"https:\/\/www.mobilimariani.com\/fr\/meta-morfosi-lit-rond-globe\/#article\",\"isPartOf\":{\"@id\":\"https:\/\/www.mobilimariani.com\/fr\/meta-morfosi-lit-rond-globe\/#webpage\"},\"author\":{\"@id\":\"https:\/\/www.mobilimariani.com\/#\/schema\/person\/4685d9f51269134e53f988c9122315f4\"},\"headline\":\"META DESIGN LIT ROND GLOBE\",\"datePublished\":\"2021-07-20T19:31:08+00:00\",\"dateModified\":\"2023-07-19T14:37:43+00:00\",\"mainEntityOfPage\":{\"@id\":\"https:\/\/www.mobilimariani.com\/fr\/meta-morfosi-lit-rond-globe\/#webpage\"},\"publisher\":{\"@id\":\"https:\/\/www.mobilimariani.com\/#organization\"},\"keywords\":[\"chambres lit design italien\",\"lits design italien\",\"lits italienne ronds design\"],\"articleSection\":[\"Catalogue\",\"Lits\",\"Zone nuit\"],\"inLanguage\":\"fr-CH\"},{\"@type\":\"Person\",\"@id\":\"https:\/\/www.mobilimariani.com\/#\/schema\/person\/4685d9f51269134e53f988c9122315f4\",\"name\":\"14m4rC008\",\"image\":{\"@type\":\"ImageObject\",\"@id\":\"https:\/\/www.mobilimariani.com\/#personlogo\",\"inLanguage\":\"fr-CH\",\"url\":\"https:\/\/secure.gravatar.com\/avatar\/dfaa6e536fec7030712cf850e9ddef45?s=96&d=mm&r=g\",\"contentUrl\":\"https:\/\/secure.gravatar.com\/avatar\/dfaa6e536fec7030712cf850e9ddef45?s=96&d=mm&r=g\",\"caption\":\"14m4rC008\"}}]}<\/script>\n<!-- \/ Yoast SEO plugin. -->","_links":{"self":[{"href":"https:\/\/www.mobilimariani.com\/fr\/wp-json\/wp\/v2\/posts\/14600"}],"collection":[{"href":"https:\/\/www.mobilimariani.com\/fr\/wp-json\/wp\/v2\/posts"}],"about":[{"href":"https:\/\/www.mobilimariani.com\/fr\/wp-json\/wp\/v2\/types\/post"}],"author":[{"embeddable":true,"href":"https:\/\/www.mobilimariani.com\/fr\/wp-json\/wp\/v2\/users\/1"}],"replies":[{"embeddable":true,"href":"https:\/\/www.mobilimariani.com\/fr\/wp-json\/wp\/v2\/comments?post=14600"}],"version-history":[{"count":3,"href":"https:\/\/www.mobilimariani.com\/fr\/wp-json\/wp\/v2\/posts\/14600\/revisions"}],"predecessor-version":[{"id":27445,"href":"https:\/\/www.mobilimariani.com\/fr\/wp-json\/wp\/v2\/posts\/14600\/revisions\/27445"}],"wp:attachment":[{"href":"https:\/\/www.mobilimariani.com\/fr\/wp-json\/wp\/v2\/media?parent=14600"}],"wp:term":[{"taxonomy":"category","embeddable":true,"href":"https:\/\/www.mobilimariani.com\/fr\/wp-json\/wp\/v2\/categories?post=14600"},{"taxonomy":"post_tag","embeddable":true,"href":"https:\/\/www.mobilimariani.com\/fr\/wp-json\/wp\/v2\/tags?post=14600"}],"curies":[{"name":"wp","href":"https:\/\/api.w.org\/{rel}","templated":true}]}}