{"id":14592,"date":"2017-02-05T19:01:12","date_gmt":"2017-02-05T18:01:12","guid":{"rendered":"https:\/\/www.mobilimariani.com\/?p=14592"},"modified":"2021-08-07T18:34:49","modified_gmt":"2021-08-07T16:34:49","slug":"meta-morfosi-lit-rond-otello","status":"publish","type":"post","link":"https:\/\/www.mobilimariani.com\/fr\/meta-morfosi-lit-rond-otello\/","title":{"rendered":"META-MORFOSI LIT ROND OTELLO"},"content":{"rendered":"<p>META-MORFOSI LIT ROND OTELLO<\/p>\n<p>On retrouve la forme circulaire m\u00e8me dans le matelas. Essentielles les \u00e9paisseurs et dans les encombrements habille l&#8217;espace de fa\u00e7on diff\u00e9rente et originale. La t\u00e8te de lit entoure la composition.<\/p>\n<p>Matelas inclus.<\/p>\n<p>Mesures: cm. 220 x 233.<\/p>\n<p>Materiaux:\u00a0TETE DE LIT: bois, agglom\u00e9r\u00e9s et fibre.TOUR DE LIT: multicouches en bois. CAPITONNAGE STRUCTURE: polyur\u00e9thane expans\u00e9 D.25. CAPITONNAGE TETE DE LIT: polyur\u00e9thane expans\u00e9 rev\u00e8tu d&#8217;ouate de polyest\u00e8re et\/ou velour accoupl\u00e9. MATELAS: en polyur\u00e9thane expans\u00e9 D. 25 kg \/ m3 rev\u00e8tu en velour accoupl\u00e9 ou \u00e0 ressorts box\u00e9 et losang\u00e9 revetu en tissu comfort avec capitonnage climatis\u00e9. PIEDS: en m\u00e9tal peint couleur noire.\u00a0 in metallo verniciato colore nero. REVETEMENT: t\u00e8te de lit et tour de lit en tissu compl\u00e8tement d\u00e9houssables. t\u00e8te de lit et tour de lit cuir et faux cuir non d\u00e9houssable.<\/p>\n<p>Pour voir les tissus de rev\u00e8tement<a href=\"https:\/\/www.mobilimariani.com\/fr\/meta-morfosi-revetements-lits-et-canapes\/\"> cliquez ici<\/a><\/p>\n<p>Pour d\u00e9couvrir la marque META-MORFOSI <a href=\"https:\/\/www.mobilimariani.com\/fr\/concessionaire-meta-morfosi-design\/\">cliquez ici<\/a><\/p>\n<p>Pour d\u00e9couvrir le catalogue de tous nos lits\u00a0<a href=\"https:\/\/www.mobilimariani.com\/fr\/search\/lit\">cliquez ici<\/a><\/p>\n<p>Vous voulez conna\u00eetre notre meilleur prix pour cet article?\u00a0<a href=\"https:\/\/www.mobilimariani.com\/fr\/contacts\/\">Cliquez ici<\/a>\u00a0et envoyez-nous la demande indiquant le lieu d\u2019exp\u00e9dition<\/p>\n<p>Pour nos clients suisses, la TVA italienne sera d\u00e9duite.<\/p>\n","protected":false},"excerpt":{"rendered":"META-MORFOSI LIT ROND OTELLO On retrouve la forme circulaire m\u00e8me dans le matelas. Essentielles les \u00e9paisseurs et dans les encombrements habille l&#8217;espace de fa\u00e7on diff\u00e9rente et originale. La t\u00e8te de lit entoure la composition. Matelas inclus. Mesures: cm. 220 x 233. Materiaux:\u00a0TETE DE LIT: bois, agglom\u00e9r\u00e9s et fibre.TOUR DE LIT: multicouches en bois. CAPITONNAGE STRUCTURE:&#8230; <a class=\"view-article\" href=\"https:\/\/www.mobilimariani.com\/fr\/meta-morfosi-lit-rond-otello\/\">Voir l&#8217;article<\/a>","protected":false},"author":1,"featured_media":0,"comment_status":"closed","ping_status":"closed","sticky":false,"template":"","format":"standard","meta":[],"categories":[1,5,39,2],"tags":[2148,2147,2152],"yoast_head":"<!-- This site is optimized with the Yoast SEO plugin v16.2 - https:\/\/yoast.com\/wordpress\/plugins\/seo\/ -->\n<meta name=\"description\" content=\"META-MORFOSI LIT ROND OTELLO On retrouve la forme circulaire m\u00e8me dans le matelas. Essentielles les \u00e9paisseurs et dans les encombrements habille l&#039;espace\" \/>\n<meta name=\"robots\" content=\"index, follow, max-snippet:-1, max-image-preview:large, max-video-preview:-1\" \/>\n<link rel=\"canonical\" href=\"https:\/\/www.mobilimariani.com\/fr\/meta-morfosi-lit-rond-otello\/\" \/>\n<meta property=\"og:locale\" content=\"fr_FR\" \/>\n<meta property=\"og:type\" content=\"article\" \/>\n<meta property=\"og:title\" content=\"META-MORFOSI LIT ROND OTELLO | Mobili Mariani\" \/>\n<meta property=\"og:description\" content=\"META-MORFOSI LIT ROND OTELLO On retrouve la forme circulaire m\u00e8me dans le matelas. Essentielles les \u00e9paisseurs et dans les encombrements habille l&#039;espace\" \/>\n<meta property=\"og:url\" content=\"https:\/\/www.mobilimariani.com\/fr\/meta-morfosi-lit-rond-otello\/\" \/>\n<meta property=\"og:site_name\" content=\"Mobili Mariani\" \/>\n<meta property=\"article:published_time\" content=\"2017-02-05T18:01:12+00:00\" \/>\n<meta property=\"article:modified_time\" content=\"2021-08-07T16:34:49+00:00\" \/>\n<meta name=\"twitter:label1\" content=\"Est. reading time\">\n\t<meta name=\"twitter:data1\" content=\"1 minute\">\n<script type=\"application\/ld+json\" class=\"yoast-schema-graph\">{\"@context\":\"https:\/\/schema.org\",\"@graph\":[{\"@type\":\"Organization\",\"@id\":\"https:\/\/www.mobilimariani.com\/#organization\",\"name\":\"Mobili Mariani\",\"url\":\"https:\/\/www.mobilimariani.com\/\",\"sameAs\":[],\"logo\":{\"@type\":\"ImageObject\",\"@id\":\"https:\/\/www.mobilimariani.com\/#logo\",\"inLanguage\":\"fr-CH\",\"url\":\"https:\/\/www.mobilimariani.com\/wp-content\/uploads\/2015\/12\/logo.png\",\"contentUrl\":\"https:\/\/www.mobilimariani.com\/wp-content\/uploads\/2015\/12\/logo.png\",\"width\":160,\"height\":110,\"caption\":\"Mobili Mariani\"},\"image\":{\"@id\":\"https:\/\/www.mobilimariani.com\/#logo\"}},{\"@type\":\"WebSite\",\"@id\":\"https:\/\/www.mobilimariani.com\/#website\",\"url\":\"https:\/\/www.mobilimariani.com\/\",\"name\":\"Mobili Mariani\",\"description\":\"Mobili Italia Svizzera\",\"publisher\":{\"@id\":\"https:\/\/www.mobilimariani.com\/#organization\"},\"potentialAction\":[{\"@type\":\"SearchAction\",\"target\":\"https:\/\/www.mobilimariani.com\/?s={search_term_string}\",\"query-input\":\"required name=search_term_string\"}],\"inLanguage\":\"fr-CH\"},{\"@type\":\"WebPage\",\"@id\":\"https:\/\/www.mobilimariani.com\/fr\/meta-morfosi-lit-rond-otello\/#webpage\",\"url\":\"https:\/\/www.mobilimariani.com\/fr\/meta-morfosi-lit-rond-otello\/\",\"name\":\"META-MORFOSI LIT ROND OTELLO | Mobili Mariani\",\"isPartOf\":{\"@id\":\"https:\/\/www.mobilimariani.com\/#website\"},\"datePublished\":\"2017-02-05T18:01:12+00:00\",\"dateModified\":\"2021-08-07T16:34:49+00:00\",\"description\":\"META-MORFOSI LIT ROND OTELLO On retrouve la forme circulaire m\\u00e8me dans le matelas. Essentielles les \\u00e9paisseurs et dans les encombrements habille l'espace\",\"breadcrumb\":{\"@id\":\"https:\/\/www.mobilimariani.com\/fr\/meta-morfosi-lit-rond-otello\/#breadcrumb\"},\"inLanguage\":\"fr-CH\",\"potentialAction\":[{\"@type\":\"ReadAction\",\"target\":[\"https:\/\/www.mobilimariani.com\/fr\/meta-morfosi-lit-rond-otello\/\"]}]},{\"@type\":\"BreadcrumbList\",\"@id\":\"https:\/\/www.mobilimariani.com\/fr\/meta-morfosi-lit-rond-otello\/#breadcrumb\",\"itemListElement\":[{\"@type\":\"ListItem\",\"position\":1,\"item\":{\"@type\":\"WebPage\",\"@id\":\"https:\/\/www.mobilimariani.com\/\",\"url\":\"https:\/\/www.mobilimariani.com\/\",\"name\":\"Home\"}},{\"@type\":\"ListItem\",\"position\":2,\"item\":{\"@id\":\"https:\/\/www.mobilimariani.com\/fr\/meta-morfosi-lit-rond-otello\/#webpage\"}}]},{\"@type\":\"Article\",\"@id\":\"https:\/\/www.mobilimariani.com\/fr\/meta-morfosi-lit-rond-otello\/#article\",\"isPartOf\":{\"@id\":\"https:\/\/www.mobilimariani.com\/fr\/meta-morfosi-lit-rond-otello\/#webpage\"},\"author\":{\"@id\":\"https:\/\/www.mobilimariani.com\/#\/schema\/person\/4685d9f51269134e53f988c9122315f4\"},\"headline\":\"META-MORFOSI LIT ROND OTELLO\",\"datePublished\":\"2017-02-05T18:01:12+00:00\",\"dateModified\":\"2021-08-07T16:34:49+00:00\",\"mainEntityOfPage\":{\"@id\":\"https:\/\/www.mobilimariani.com\/fr\/meta-morfosi-lit-rond-otello\/#webpage\"},\"publisher\":{\"@id\":\"https:\/\/www.mobilimariani.com\/#organization\"},\"keywords\":[\"chambres lit design italien\",\"lits design italien\",\"lits italienne ronds design\"],\"articleSection\":[\"Catalogue\",\"Lits\",\"Mariani casual\",\"Zone nuit\"],\"inLanguage\":\"fr-CH\"},{\"@type\":\"Person\",\"@id\":\"https:\/\/www.mobilimariani.com\/#\/schema\/person\/4685d9f51269134e53f988c9122315f4\",\"name\":\"14m4rC008\",\"image\":{\"@type\":\"ImageObject\",\"@id\":\"https:\/\/www.mobilimariani.com\/#personlogo\",\"inLanguage\":\"fr-CH\",\"url\":\"https:\/\/secure.gravatar.com\/avatar\/dfaa6e536fec7030712cf850e9ddef45?s=96&d=mm&r=g\",\"contentUrl\":\"https:\/\/secure.gravatar.com\/avatar\/dfaa6e536fec7030712cf850e9ddef45?s=96&d=mm&r=g\",\"caption\":\"14m4rC008\"}}]}<\/script>\n<!-- \/ Yoast SEO plugin. -->","_links":{"self":[{"href":"https:\/\/www.mobilimariani.com\/fr\/wp-json\/wp\/v2\/posts\/14592"}],"collection":[{"href":"https:\/\/www.mobilimariani.com\/fr\/wp-json\/wp\/v2\/posts"}],"about":[{"href":"https:\/\/www.mobilimariani.com\/fr\/wp-json\/wp\/v2\/types\/post"}],"author":[{"embeddable":true,"href":"https:\/\/www.mobilimariani.com\/fr\/wp-json\/wp\/v2\/users\/1"}],"replies":[{"embeddable":true,"href":"https:\/\/www.mobilimariani.com\/fr\/wp-json\/wp\/v2\/comments?post=14592"}],"version-history":[{"count":4,"href":"https:\/\/www.mobilimariani.com\/fr\/wp-json\/wp\/v2\/posts\/14592\/revisions"}],"predecessor-version":[{"id":27447,"href":"https:\/\/www.mobilimariani.com\/fr\/wp-json\/wp\/v2\/posts\/14592\/revisions\/27447"}],"wp:attachment":[{"href":"https:\/\/www.mobilimariani.com\/fr\/wp-json\/wp\/v2\/media?parent=14592"}],"wp:term":[{"taxonomy":"category","embeddable":true,"href":"https:\/\/www.mobilimariani.com\/fr\/wp-json\/wp\/v2\/categories?post=14592"},{"taxonomy":"post_tag","embeddable":true,"href":"https:\/\/www.mobilimariani.com\/fr\/wp-json\/wp\/v2\/tags?post=14592"}],"curies":[{"name":"wp","href":"https:\/\/api.w.org\/{rel}","templated":true}]}}