{"id":14579,"date":"2017-02-05T17:26:18","date_gmt":"2017-02-05T16:26:18","guid":{"rendered":"https:\/\/www.mobilimariani.com\/?p=14579"},"modified":"2021-08-07T18:47:09","modified_gmt":"2021-08-07T16:47:09","slug":"meta-morfosi-lit-rond-rondo","status":"publish","type":"post","link":"https:\/\/www.mobilimariani.com\/fr\/meta-morfosi-lit-rond-rondo\/","title":{"rendered":"META-MORFOSI LIT ROND RONDO&#8217;"},"content":{"rendered":"<p>META-MORFOSI LIT ROND RONDO&#8217;<\/p>\n<p>Design qui conjugue tr\u00e8s bien l&#8217;apparente frivolit\u00e9 de la forme ronde, avec l&#8217;\u00e9l\u00e9gante s\u00e9v\u00e9rit\u00e9 et le confort maximum. Suggestif le design total, avec la maxi t\u00e8te de lit \u00e9quip\u00e9e pour incorporer les deux tables de chevet. Les \u00e9tag\u00e8res en cristal avec les led consentent de personnaliser ce lit selon le propre gout.<\/p>\n<p>Matelas inclus.<\/p>\n<p>Mesures cm. 290 x 230<\/p>\n<p>Materiaux: BANCHETTE: bois massif et multicouche en bois. TETE DE LIT: en option, rouleau en expens\u00e9. BORDS LATERAUX: en option, verre avec lumi\u00e8re led. CAPITONNAGE BANCHETTE: polyur\u00e9thane expans\u00e9 rev\u00e8tu d&#8217;ouate de polyester et\/ou velour accoupl\u00e9. TOUR DE LIT: multicouche en bois rev\u00e8tu de velour accoupl\u00e9 autoportant. MATELAS: en polyur\u00e9thane expans\u00e9 densit\u00e9 28 kg \/ m3, rev\u00e8tu de velour capitonn\u00e9 en coton ou \u00e0 ressort box\u00e9 et losang\u00e9 rev\u00e8tu en tissu comfort avec capitonnage climatis\u00e9. PIEDS: en m\u00e9tal peint couleur noire. REVETEMENT: banchette et tour de lit en tissu compl\u00e8tement d\u00e9houssables. Tete de lit et tour de lit en cuir et faux cuir non d\u00e9houssables.<\/p>\n<p>Pour voir les tissus de rev\u00e8tement<a href=\"https:\/\/www.mobilimariani.com\/fr\/meta-morfosi-revetements-lits-et-canapes\/\"> cliquez ici<\/a><\/p>\n<p>Pour d\u00e9couvrir la marque META-MORFOSI <a href=\"https:\/\/www.mobilimariani.com\/fr\/concessionaire-meta-morfosi-design\/\">cliquez ici<\/a><\/p>\n<p>Pour d\u00e9couvrir le catalogue de tous nos lits\u00a0<a href=\"https:\/\/www.mobilimariani.com\/fr\/search\/lit\">cliquez ici<\/a><\/p>\n<p>Vous voulez conna\u00eetre notre meilleur prix pour cet article?\u00a0<a href=\"https:\/\/www.mobilimariani.com\/fr\/contacts\/\">Cliquez ici<\/a>\u00a0et envoyez-nous la demande indiquant le lieu d\u2019exp\u00e9dition<\/p>\n<p>Pour nos clients suisses, la TVA italienne sera d\u00e9duite.<\/p>\n","protected":false},"excerpt":{"rendered":"META-MORFOSI LIT ROND RONDO&#8217; Design qui conjugue tr\u00e8s bien l&#8217;apparente frivolit\u00e9 de la forme ronde, avec l&#8217;\u00e9l\u00e9gante s\u00e9v\u00e9rit\u00e9 et le confort maximum. Suggestif le design total, avec la maxi t\u00e8te de lit \u00e9quip\u00e9e pour incorporer les deux tables de chevet. Les \u00e9tag\u00e8res en cristal avec les led consentent de personnaliser ce lit selon le propre&#8230; <a class=\"view-article\" href=\"https:\/\/www.mobilimariani.com\/fr\/meta-morfosi-lit-rond-rondo\/\">Voir l&#8217;article<\/a>","protected":false},"author":1,"featured_media":0,"comment_status":"closed","ping_status":"closed","sticky":false,"template":"","format":"standard","meta":[],"categories":[1,5,39,2],"tags":[2148,2147,2152],"yoast_head":"<!-- This site is optimized with the Yoast SEO plugin v16.2 - https:\/\/yoast.com\/wordpress\/plugins\/seo\/ -->\n<meta name=\"description\" content=\"META-MORFOSI LIT ROND RONDO&#039; Design qui conjugue tr\u00e8s bien l&#039;apparente frivolit\u00e9 de la forme ronde, avec l&#039;\u00e9l\u00e9gante s\u00e9v\u00e9rit\u00e9 et le confort maximum.\" \/>\n<meta name=\"robots\" content=\"index, follow, max-snippet:-1, max-image-preview:large, max-video-preview:-1\" \/>\n<link rel=\"canonical\" href=\"https:\/\/www.mobilimariani.com\/fr\/meta-morfosi-lit-rond-rondo\/\" \/>\n<meta property=\"og:locale\" content=\"fr_FR\" \/>\n<meta property=\"og:type\" content=\"article\" \/>\n<meta property=\"og:title\" content=\"META-MORFOSI LIT ROND RONDO&#039; | Mobili Mariani\" \/>\n<meta property=\"og:description\" content=\"META-MORFOSI LIT ROND RONDO&#039; Design qui conjugue tr\u00e8s bien l&#039;apparente frivolit\u00e9 de la forme ronde, avec l&#039;\u00e9l\u00e9gante s\u00e9v\u00e9rit\u00e9 et le confort maximum.\" \/>\n<meta property=\"og:url\" content=\"https:\/\/www.mobilimariani.com\/fr\/meta-morfosi-lit-rond-rondo\/\" \/>\n<meta property=\"og:site_name\" content=\"Mobili Mariani\" \/>\n<meta property=\"article:published_time\" content=\"2017-02-05T16:26:18+00:00\" \/>\n<meta property=\"article:modified_time\" content=\"2021-08-07T16:47:09+00:00\" \/>\n<meta name=\"twitter:label1\" content=\"Est. reading time\">\n\t<meta name=\"twitter:data1\" content=\"1 minute\">\n<script type=\"application\/ld+json\" class=\"yoast-schema-graph\">{\"@context\":\"https:\/\/schema.org\",\"@graph\":[{\"@type\":\"Organization\",\"@id\":\"https:\/\/www.mobilimariani.com\/#organization\",\"name\":\"Mobili Mariani\",\"url\":\"https:\/\/www.mobilimariani.com\/\",\"sameAs\":[],\"logo\":{\"@type\":\"ImageObject\",\"@id\":\"https:\/\/www.mobilimariani.com\/#logo\",\"inLanguage\":\"fr-CH\",\"url\":\"https:\/\/www.mobilimariani.com\/wp-content\/uploads\/2015\/12\/logo.png\",\"contentUrl\":\"https:\/\/www.mobilimariani.com\/wp-content\/uploads\/2015\/12\/logo.png\",\"width\":160,\"height\":110,\"caption\":\"Mobili Mariani\"},\"image\":{\"@id\":\"https:\/\/www.mobilimariani.com\/#logo\"}},{\"@type\":\"WebSite\",\"@id\":\"https:\/\/www.mobilimariani.com\/#website\",\"url\":\"https:\/\/www.mobilimariani.com\/\",\"name\":\"Mobili Mariani\",\"description\":\"Mobili Italia Svizzera\",\"publisher\":{\"@id\":\"https:\/\/www.mobilimariani.com\/#organization\"},\"potentialAction\":[{\"@type\":\"SearchAction\",\"target\":\"https:\/\/www.mobilimariani.com\/?s={search_term_string}\",\"query-input\":\"required name=search_term_string\"}],\"inLanguage\":\"fr-CH\"},{\"@type\":\"WebPage\",\"@id\":\"https:\/\/www.mobilimariani.com\/fr\/meta-morfosi-lit-rond-rondo\/#webpage\",\"url\":\"https:\/\/www.mobilimariani.com\/fr\/meta-morfosi-lit-rond-rondo\/\",\"name\":\"META-MORFOSI LIT ROND RONDO' | Mobili Mariani\",\"isPartOf\":{\"@id\":\"https:\/\/www.mobilimariani.com\/#website\"},\"datePublished\":\"2017-02-05T16:26:18+00:00\",\"dateModified\":\"2021-08-07T16:47:09+00:00\",\"description\":\"META-MORFOSI LIT ROND RONDO' Design qui conjugue tr\\u00e8s bien l'apparente frivolit\\u00e9 de la forme ronde, avec l'\\u00e9l\\u00e9gante s\\u00e9v\\u00e9rit\\u00e9 et le confort maximum.\",\"breadcrumb\":{\"@id\":\"https:\/\/www.mobilimariani.com\/fr\/meta-morfosi-lit-rond-rondo\/#breadcrumb\"},\"inLanguage\":\"fr-CH\",\"potentialAction\":[{\"@type\":\"ReadAction\",\"target\":[\"https:\/\/www.mobilimariani.com\/fr\/meta-morfosi-lit-rond-rondo\/\"]}]},{\"@type\":\"BreadcrumbList\",\"@id\":\"https:\/\/www.mobilimariani.com\/fr\/meta-morfosi-lit-rond-rondo\/#breadcrumb\",\"itemListElement\":[{\"@type\":\"ListItem\",\"position\":1,\"item\":{\"@type\":\"WebPage\",\"@id\":\"https:\/\/www.mobilimariani.com\/\",\"url\":\"https:\/\/www.mobilimariani.com\/\",\"name\":\"Home\"}},{\"@type\":\"ListItem\",\"position\":2,\"item\":{\"@id\":\"https:\/\/www.mobilimariani.com\/fr\/meta-morfosi-lit-rond-rondo\/#webpage\"}}]},{\"@type\":\"Article\",\"@id\":\"https:\/\/www.mobilimariani.com\/fr\/meta-morfosi-lit-rond-rondo\/#article\",\"isPartOf\":{\"@id\":\"https:\/\/www.mobilimariani.com\/fr\/meta-morfosi-lit-rond-rondo\/#webpage\"},\"author\":{\"@id\":\"https:\/\/www.mobilimariani.com\/#\/schema\/person\/4685d9f51269134e53f988c9122315f4\"},\"headline\":\"META-MORFOSI LIT ROND RONDO&#8217;\",\"datePublished\":\"2017-02-05T16:26:18+00:00\",\"dateModified\":\"2021-08-07T16:47:09+00:00\",\"mainEntityOfPage\":{\"@id\":\"https:\/\/www.mobilimariani.com\/fr\/meta-morfosi-lit-rond-rondo\/#webpage\"},\"publisher\":{\"@id\":\"https:\/\/www.mobilimariani.com\/#organization\"},\"keywords\":[\"chambres lit design italien\",\"lits design italien\",\"lits italienne ronds design\"],\"articleSection\":[\"Catalogue\",\"Lits\",\"Mariani casual\",\"Zone nuit\"],\"inLanguage\":\"fr-CH\"},{\"@type\":\"Person\",\"@id\":\"https:\/\/www.mobilimariani.com\/#\/schema\/person\/4685d9f51269134e53f988c9122315f4\",\"name\":\"14m4rC008\",\"image\":{\"@type\":\"ImageObject\",\"@id\":\"https:\/\/www.mobilimariani.com\/#personlogo\",\"inLanguage\":\"fr-CH\",\"url\":\"https:\/\/secure.gravatar.com\/avatar\/dfaa6e536fec7030712cf850e9ddef45?s=96&d=mm&r=g\",\"contentUrl\":\"https:\/\/secure.gravatar.com\/avatar\/dfaa6e536fec7030712cf850e9ddef45?s=96&d=mm&r=g\",\"caption\":\"14m4rC008\"}}]}<\/script>\n<!-- \/ Yoast SEO plugin. -->","_links":{"self":[{"href":"https:\/\/www.mobilimariani.com\/fr\/wp-json\/wp\/v2\/posts\/14579"}],"collection":[{"href":"https:\/\/www.mobilimariani.com\/fr\/wp-json\/wp\/v2\/posts"}],"about":[{"href":"https:\/\/www.mobilimariani.com\/fr\/wp-json\/wp\/v2\/types\/post"}],"author":[{"embeddable":true,"href":"https:\/\/www.mobilimariani.com\/fr\/wp-json\/wp\/v2\/users\/1"}],"replies":[{"embeddable":true,"href":"https:\/\/www.mobilimariani.com\/fr\/wp-json\/wp\/v2\/comments?post=14579"}],"version-history":[{"count":2,"href":"https:\/\/www.mobilimariani.com\/fr\/wp-json\/wp\/v2\/posts\/14579\/revisions"}],"predecessor-version":[{"id":27453,"href":"https:\/\/www.mobilimariani.com\/fr\/wp-json\/wp\/v2\/posts\/14579\/revisions\/27453"}],"wp:attachment":[{"href":"https:\/\/www.mobilimariani.com\/fr\/wp-json\/wp\/v2\/media?parent=14579"}],"wp:term":[{"taxonomy":"category","embeddable":true,"href":"https:\/\/www.mobilimariani.com\/fr\/wp-json\/wp\/v2\/categories?post=14579"},{"taxonomy":"post_tag","embeddable":true,"href":"https:\/\/www.mobilimariani.com\/fr\/wp-json\/wp\/v2\/tags?post=14579"}],"curies":[{"name":"wp","href":"https:\/\/api.w.org\/{rel}","templated":true}]}}