{"id":14572,"date":"2017-02-05T17:05:41","date_gmt":"2017-02-05T16:05:41","guid":{"rendered":"https:\/\/www.mobilimariani.com\/?p=14572"},"modified":"2021-08-07T18:51:14","modified_gmt":"2021-08-07T16:51:14","slug":"meta-morfosi-lit-rond-sommier-otello","status":"publish","type":"post","link":"https:\/\/www.mobilimariani.com\/fr\/meta-morfosi-lit-rond-sommier-otello\/","title":{"rendered":"META-MORFOSI LIT ROND SOMMIER OTELLO"},"content":{"rendered":"<p>META-MORFOSI LIT ROND SOMMIER OTELLO<\/p>\n<p>Sommier rond aux ligne tr\u00e8s propres et haut du sol, qui garanti le maximum d&#8217;effet dans l&#8217;ameublement de sa propre chambre \u00e0 coucher.<\/p>\n<p>Matelas inclus.<\/p>\n<p>Dimensions: diam\u00e8tre cm. 220 x 49 h.<\/p>\n<p>Materiaux:\u00a0TOUR DE LIT: multicouche en bois. CAPITONNAGE STRUCTURE: polyur\u00e9thane expans\u00e9 D.25 rev\u00e8tu d&#8217;ouate de polyester et\/ou velour accoupl\u00e9.\u00a0MATELAS: en polyur\u00e9thane expans\u00e9 densit\u00e9 25 kg \/ m3, rev\u00e8tu de velour capitonn\u00e9 en coton ou \u00e0 ressort box\u00e9 et losang\u00e9 rev\u00e8tu en tissu comfort avec capitonnage climatis\u00e9. PIEDS: en m\u00e9tal peint couleur noire. REVETEMENT: tour de lit en tissu compl\u00e8tement d\u00e9houssables. Tour de lit en cuir et faux cuir non d\u00e9houssables.<\/p>\n<p>Pour voir les tissus de rev\u00e8tement<a href=\"https:\/\/www.mobilimariani.com\/fr\/meta-morfosi-revetements-lits-et-canapes\/\"> cliquez ici<\/a><\/p>\n<p>Pour d\u00e9couvrir la marque META-MORFOSI <a href=\"https:\/\/www.mobilimariani.com\/fr\/concessionaire-meta-morfosi-design\/\">cliquez ici<\/a><\/p>\n<p>Pour d\u00e9couvrir le catalogue de tous nos lits\u00a0<a href=\"https:\/\/www.mobilimariani.com\/fr\/search\/lit\">cliquez ici<\/a><\/p>\n<p>Vous voulez conna\u00eetre notre meilleur prix pour cet article?\u00a0<a href=\"https:\/\/www.mobilimariani.com\/fr\/contacts\/\">Cliquez ici<\/a>\u00a0et envoyez-nous la demande indiquant le lieu d\u2019exp\u00e9dition<\/p>\n<p>Pour nos clients suisses, la TVA italienne sera d\u00e9duite.<\/p>\n","protected":false},"excerpt":{"rendered":"META-MORFOSI LIT ROND SOMMIER OTELLO Sommier rond aux ligne tr\u00e8s propres et haut du sol, qui garanti le maximum d&#8217;effet dans l&#8217;ameublement de sa propre chambre \u00e0 coucher. Matelas inclus. Dimensions: diam\u00e8tre cm. 220 x 49 h. Materiaux:\u00a0TOUR DE LIT: multicouche en bois. CAPITONNAGE STRUCTURE: polyur\u00e9thane expans\u00e9 D.25 rev\u00e8tu d&#8217;ouate de polyester et\/ou velour accoupl\u00e9.\u00a0MATELAS:&#8230; <a class=\"view-article\" href=\"https:\/\/www.mobilimariani.com\/fr\/meta-morfosi-lit-rond-sommier-otello\/\">Voir l&#8217;article<\/a>","protected":false},"author":1,"featured_media":0,"comment_status":"closed","ping_status":"closed","sticky":false,"template":"","format":"standard","meta":[],"categories":[1,5,2],"tags":[2148,2147,2152,1362],"yoast_head":"<!-- This site is optimized with the Yoast SEO plugin v16.2 - https:\/\/yoast.com\/wordpress\/plugins\/seo\/ -->\n<meta name=\"description\" content=\"META-MORFOSI LIT ROND SOMMIER OTELLO Sommier rond aux ligne tr\u00e8s propres et haut du sol, qui garanti le maximum d&#039;effet dans l&#039;ameublement de sa propre\" \/>\n<meta name=\"robots\" content=\"index, follow, max-snippet:-1, max-image-preview:large, max-video-preview:-1\" \/>\n<link rel=\"canonical\" href=\"https:\/\/www.mobilimariani.com\/fr\/meta-morfosi-lit-rond-sommier-otello\/\" \/>\n<meta property=\"og:locale\" content=\"fr_FR\" \/>\n<meta property=\"og:type\" content=\"article\" \/>\n<meta property=\"og:title\" content=\"META-MORFOSI LIT ROND SOMMIER OTELLO | Mobili Mariani\" \/>\n<meta property=\"og:description\" content=\"META-MORFOSI LIT ROND SOMMIER OTELLO Sommier rond aux ligne tr\u00e8s propres et haut du sol, qui garanti le maximum d&#039;effet dans l&#039;ameublement de sa propre\" \/>\n<meta property=\"og:url\" content=\"https:\/\/www.mobilimariani.com\/fr\/meta-morfosi-lit-rond-sommier-otello\/\" \/>\n<meta property=\"og:site_name\" content=\"Mobili Mariani\" \/>\n<meta property=\"article:published_time\" content=\"2017-02-05T16:05:41+00:00\" \/>\n<meta property=\"article:modified_time\" content=\"2021-08-07T16:51:14+00:00\" \/>\n<meta name=\"twitter:label1\" content=\"Est. reading time\">\n\t<meta name=\"twitter:data1\" content=\"1 minute\">\n<script type=\"application\/ld+json\" class=\"yoast-schema-graph\">{\"@context\":\"https:\/\/schema.org\",\"@graph\":[{\"@type\":\"Organization\",\"@id\":\"https:\/\/www.mobilimariani.com\/#organization\",\"name\":\"Mobili Mariani\",\"url\":\"https:\/\/www.mobilimariani.com\/\",\"sameAs\":[],\"logo\":{\"@type\":\"ImageObject\",\"@id\":\"https:\/\/www.mobilimariani.com\/#logo\",\"inLanguage\":\"fr-CH\",\"url\":\"https:\/\/www.mobilimariani.com\/wp-content\/uploads\/2015\/12\/logo.png\",\"contentUrl\":\"https:\/\/www.mobilimariani.com\/wp-content\/uploads\/2015\/12\/logo.png\",\"width\":160,\"height\":110,\"caption\":\"Mobili Mariani\"},\"image\":{\"@id\":\"https:\/\/www.mobilimariani.com\/#logo\"}},{\"@type\":\"WebSite\",\"@id\":\"https:\/\/www.mobilimariani.com\/#website\",\"url\":\"https:\/\/www.mobilimariani.com\/\",\"name\":\"Mobili Mariani\",\"description\":\"Mobili Italia Svizzera\",\"publisher\":{\"@id\":\"https:\/\/www.mobilimariani.com\/#organization\"},\"potentialAction\":[{\"@type\":\"SearchAction\",\"target\":\"https:\/\/www.mobilimariani.com\/?s={search_term_string}\",\"query-input\":\"required name=search_term_string\"}],\"inLanguage\":\"fr-CH\"},{\"@type\":\"WebPage\",\"@id\":\"https:\/\/www.mobilimariani.com\/fr\/meta-morfosi-lit-rond-sommier-otello\/#webpage\",\"url\":\"https:\/\/www.mobilimariani.com\/fr\/meta-morfosi-lit-rond-sommier-otello\/\",\"name\":\"META-MORFOSI LIT ROND SOMMIER OTELLO | Mobili Mariani\",\"isPartOf\":{\"@id\":\"https:\/\/www.mobilimariani.com\/#website\"},\"datePublished\":\"2017-02-05T16:05:41+00:00\",\"dateModified\":\"2021-08-07T16:51:14+00:00\",\"description\":\"META-MORFOSI LIT ROND SOMMIER OTELLO Sommier rond aux ligne tr\\u00e8s propres et haut du sol, qui garanti le maximum d'effet dans l'ameublement de sa propre\",\"breadcrumb\":{\"@id\":\"https:\/\/www.mobilimariani.com\/fr\/meta-morfosi-lit-rond-sommier-otello\/#breadcrumb\"},\"inLanguage\":\"fr-CH\",\"potentialAction\":[{\"@type\":\"ReadAction\",\"target\":[\"https:\/\/www.mobilimariani.com\/fr\/meta-morfosi-lit-rond-sommier-otello\/\"]}]},{\"@type\":\"BreadcrumbList\",\"@id\":\"https:\/\/www.mobilimariani.com\/fr\/meta-morfosi-lit-rond-sommier-otello\/#breadcrumb\",\"itemListElement\":[{\"@type\":\"ListItem\",\"position\":1,\"item\":{\"@type\":\"WebPage\",\"@id\":\"https:\/\/www.mobilimariani.com\/\",\"url\":\"https:\/\/www.mobilimariani.com\/\",\"name\":\"Home\"}},{\"@type\":\"ListItem\",\"position\":2,\"item\":{\"@id\":\"https:\/\/www.mobilimariani.com\/fr\/meta-morfosi-lit-rond-sommier-otello\/#webpage\"}}]},{\"@type\":\"Article\",\"@id\":\"https:\/\/www.mobilimariani.com\/fr\/meta-morfosi-lit-rond-sommier-otello\/#article\",\"isPartOf\":{\"@id\":\"https:\/\/www.mobilimariani.com\/fr\/meta-morfosi-lit-rond-sommier-otello\/#webpage\"},\"author\":{\"@id\":\"https:\/\/www.mobilimariani.com\/#\/schema\/person\/4685d9f51269134e53f988c9122315f4\"},\"headline\":\"META-MORFOSI LIT ROND SOMMIER OTELLO\",\"datePublished\":\"2017-02-05T16:05:41+00:00\",\"dateModified\":\"2021-08-07T16:51:14+00:00\",\"mainEntityOfPage\":{\"@id\":\"https:\/\/www.mobilimariani.com\/fr\/meta-morfosi-lit-rond-sommier-otello\/#webpage\"},\"publisher\":{\"@id\":\"https:\/\/www.mobilimariani.com\/#organization\"},\"keywords\":[\"chambres lit design italien\",\"lits design italien\",\"lits italienne ronds design\",\"sommier\"],\"articleSection\":[\"Catalogue\",\"Lits\",\"Zone nuit\"],\"inLanguage\":\"fr-CH\"},{\"@type\":\"Person\",\"@id\":\"https:\/\/www.mobilimariani.com\/#\/schema\/person\/4685d9f51269134e53f988c9122315f4\",\"name\":\"14m4rC008\",\"image\":{\"@type\":\"ImageObject\",\"@id\":\"https:\/\/www.mobilimariani.com\/#personlogo\",\"inLanguage\":\"fr-CH\",\"url\":\"https:\/\/secure.gravatar.com\/avatar\/dfaa6e536fec7030712cf850e9ddef45?s=96&d=mm&r=g\",\"contentUrl\":\"https:\/\/secure.gravatar.com\/avatar\/dfaa6e536fec7030712cf850e9ddef45?s=96&d=mm&r=g\",\"caption\":\"14m4rC008\"}}]}<\/script>\n<!-- \/ Yoast SEO plugin. -->","_links":{"self":[{"href":"https:\/\/www.mobilimariani.com\/fr\/wp-json\/wp\/v2\/posts\/14572"}],"collection":[{"href":"https:\/\/www.mobilimariani.com\/fr\/wp-json\/wp\/v2\/posts"}],"about":[{"href":"https:\/\/www.mobilimariani.com\/fr\/wp-json\/wp\/v2\/types\/post"}],"author":[{"embeddable":true,"href":"https:\/\/www.mobilimariani.com\/fr\/wp-json\/wp\/v2\/users\/1"}],"replies":[{"embeddable":true,"href":"https:\/\/www.mobilimariani.com\/fr\/wp-json\/wp\/v2\/comments?post=14572"}],"version-history":[{"count":5,"href":"https:\/\/www.mobilimariani.com\/fr\/wp-json\/wp\/v2\/posts\/14572\/revisions"}],"predecessor-version":[{"id":27455,"href":"https:\/\/www.mobilimariani.com\/fr\/wp-json\/wp\/v2\/posts\/14572\/revisions\/27455"}],"wp:attachment":[{"href":"https:\/\/www.mobilimariani.com\/fr\/wp-json\/wp\/v2\/media?parent=14572"}],"wp:term":[{"taxonomy":"category","embeddable":true,"href":"https:\/\/www.mobilimariani.com\/fr\/wp-json\/wp\/v2\/categories?post=14572"},{"taxonomy":"post_tag","embeddable":true,"href":"https:\/\/www.mobilimariani.com\/fr\/wp-json\/wp\/v2\/tags?post=14572"}],"curies":[{"name":"wp","href":"https:\/\/api.w.org\/{rel}","templated":true}]}}