{"id":14524,"date":"2017-02-05T14:06:08","date_gmt":"2017-02-05T13:06:08","guid":{"rendered":"https:\/\/www.mobilimariani.com\/?p=14524"},"modified":"2021-04-20T17:49:29","modified_gmt":"2021-04-20T15:49:29","slug":"saba-canape-new-york-suite","status":"publish","type":"post","link":"https:\/\/www.mobilimariani.com\/fr\/saba-canape-new-york-suite\/","title":{"rendered":"SABA CANAPE NEW YORK SUITE"},"content":{"rendered":"<p>SABA CANAPE NEW YORK SUITE<\/p>\n<p>La collection New York sign\u00e9e Sergio Bicego se d\u00e9cline en nouvelles formes sans perdre sa propre essence, constitu\u00e9e d&#8217;une ame contemporenne et d&#8217;un esprit hors du temps. L&#8217;\u00e9dredon des coussins\u00a0 est un clin d&#8217;oeil \u00e0 une \u00e9l\u00e9gance r\u00e9tro et c\u00e8de \u00e0 la tentation de la nostalgie pour esquisser le design du futur. Par\u00e8llement l&#8217;allure m\u00e9tropolitaine est exalt\u00e9e par le fa\u00e7onnage exagonal de la structure, qui s&#8217;appuie sure de minces pieds en barres d&#8217;acier personnalisable avec finition chromo noire, chromo brillant ou peinture blanche. New York Suite est enveloppant et accueillant m\u00e8me dans les variantes plus contenues comme le maxi fauteil lounge et le canap\u00e9 de 155 cm. qui acceuille doucement deux personnes et r\u00e9sulte particuli\u00e8rement int\u00e9ressant par le <a href=\"https:\/\/www.mobilimariani.com\/fr\/contract\/\">syst\u00e8me contract.<\/a><\/p>\n<p><a href=\"https:\/\/www.mobilimariani.com\/fr\/saba-tissus-de-revetement\/\">Pour voir les tissus de rev\u00e8tement cliquez ici <\/a><\/p>\n<p>Pour d\u00e9couvrir la marque Saba <a href=\"https:\/\/www.mobilimariani.com\/fr\/concessionnaire-saba\/\">cliquez ici<\/a><\/p>\n<p>vous voulez conna\u00eetre notre meilleur prix pour cet article? <a href=\"https:\/\/www.mobilimariani.com\/fr\/contacts\/\">Cliquez ici<\/a> et envoyez-nous la demande<\/p>\n<p>Pour nos clients suisses, il sera d\u00e9duit l\u2019I.V.A. italienne de la valeur\u00a0de <strong>22%.<\/strong><\/p>\n<p>signale le lieu de livraison et si le montage est n\u00e9c\u00e9ssaire.<\/p>\n<p>Nous livrons dans toute l&#8217;Europe et o\u00f9 que tu sois<\/p>\n","protected":false},"excerpt":{"rendered":"SABA CANAPE NEW YORK SUITE La collection New York sign\u00e9e Sergio Bicego se d\u00e9cline en nouvelles formes sans perdre sa propre essence, constitu\u00e9e d&#8217;une ame contemporenne et d&#8217;un esprit hors du temps. L&#8217;\u00e9dredon des coussins\u00a0 est un clin d&#8217;oeil \u00e0 une \u00e9l\u00e9gance r\u00e9tro et c\u00e8de \u00e0 la tentation de la nostalgie pour esquisser le design&#8230; <a class=\"view-article\" href=\"https:\/\/www.mobilimariani.com\/fr\/saba-canape-new-york-suite\/\">Voir l&#8217;article<\/a>","protected":false},"author":1,"featured_media":0,"comment_status":"closed","ping_status":"closed","sticky":false,"template":"","format":"standard","meta":[],"categories":[1,37,7,32,6],"tags":[2153,2154],"yoast_head":"<!-- This site is optimized with the Yoast SEO plugin v16.2 - https:\/\/yoast.com\/wordpress\/plugins\/seo\/ -->\n<meta name=\"description\" content=\"SABA CANAPE NEW YORK SUITE La collection New York sign\u00e9e Sergio Bicego se d\u00e9cline en nouvelles formes sans perdre sa propre essence, constitu\u00e9e d&#039;une ame\" \/>\n<meta name=\"robots\" content=\"index, follow, max-snippet:-1, max-image-preview:large, max-video-preview:-1\" \/>\n<link rel=\"canonical\" href=\"https:\/\/www.mobilimariani.com\/fr\/saba-canape-new-york-suite\/\" \/>\n<meta property=\"og:locale\" content=\"fr_FR\" \/>\n<meta property=\"og:type\" content=\"article\" \/>\n<meta property=\"og:title\" content=\"SABA CANAPE NEW YORK SUITE | Mobili Mariani\" \/>\n<meta property=\"og:description\" content=\"SABA CANAPE NEW YORK SUITE La collection New York sign\u00e9e Sergio Bicego se d\u00e9cline en nouvelles formes sans perdre sa propre essence, constitu\u00e9e d&#039;une ame\" \/>\n<meta property=\"og:url\" content=\"https:\/\/www.mobilimariani.com\/fr\/saba-canape-new-york-suite\/\" \/>\n<meta property=\"og:site_name\" content=\"Mobili Mariani\" \/>\n<meta property=\"article:published_time\" content=\"2017-02-05T13:06:08+00:00\" \/>\n<meta property=\"article:modified_time\" content=\"2021-04-20T15:49:29+00:00\" \/>\n<meta name=\"twitter:label1\" content=\"Est. reading time\">\n\t<meta name=\"twitter:data1\" content=\"1 minute\">\n<script type=\"application\/ld+json\" class=\"yoast-schema-graph\">{\"@context\":\"https:\/\/schema.org\",\"@graph\":[{\"@type\":\"Organization\",\"@id\":\"https:\/\/www.mobilimariani.com\/#organization\",\"name\":\"Mobili Mariani\",\"url\":\"https:\/\/www.mobilimariani.com\/\",\"sameAs\":[],\"logo\":{\"@type\":\"ImageObject\",\"@id\":\"https:\/\/www.mobilimariani.com\/#logo\",\"inLanguage\":\"fr-CH\",\"url\":\"https:\/\/www.mobilimariani.com\/wp-content\/uploads\/2015\/12\/logo.png\",\"contentUrl\":\"https:\/\/www.mobilimariani.com\/wp-content\/uploads\/2015\/12\/logo.png\",\"width\":160,\"height\":110,\"caption\":\"Mobili Mariani\"},\"image\":{\"@id\":\"https:\/\/www.mobilimariani.com\/#logo\"}},{\"@type\":\"WebSite\",\"@id\":\"https:\/\/www.mobilimariani.com\/#website\",\"url\":\"https:\/\/www.mobilimariani.com\/\",\"name\":\"Mobili Mariani\",\"description\":\"Mobili Italia Svizzera\",\"publisher\":{\"@id\":\"https:\/\/www.mobilimariani.com\/#organization\"},\"potentialAction\":[{\"@type\":\"SearchAction\",\"target\":\"https:\/\/www.mobilimariani.com\/?s={search_term_string}\",\"query-input\":\"required name=search_term_string\"}],\"inLanguage\":\"fr-CH\"},{\"@type\":\"WebPage\",\"@id\":\"https:\/\/www.mobilimariani.com\/fr\/saba-canape-new-york-suite\/#webpage\",\"url\":\"https:\/\/www.mobilimariani.com\/fr\/saba-canape-new-york-suite\/\",\"name\":\"SABA CANAPE NEW YORK SUITE | Mobili Mariani\",\"isPartOf\":{\"@id\":\"https:\/\/www.mobilimariani.com\/#website\"},\"datePublished\":\"2017-02-05T13:06:08+00:00\",\"dateModified\":\"2021-04-20T15:49:29+00:00\",\"description\":\"SABA CANAPE NEW YORK SUITE La collection New York sign\\u00e9e Sergio Bicego se d\\u00e9cline en nouvelles formes sans perdre sa propre essence, constitu\\u00e9e d'une ame\",\"breadcrumb\":{\"@id\":\"https:\/\/www.mobilimariani.com\/fr\/saba-canape-new-york-suite\/#breadcrumb\"},\"inLanguage\":\"fr-CH\",\"potentialAction\":[{\"@type\":\"ReadAction\",\"target\":[\"https:\/\/www.mobilimariani.com\/fr\/saba-canape-new-york-suite\/\"]}]},{\"@type\":\"BreadcrumbList\",\"@id\":\"https:\/\/www.mobilimariani.com\/fr\/saba-canape-new-york-suite\/#breadcrumb\",\"itemListElement\":[{\"@type\":\"ListItem\",\"position\":1,\"item\":{\"@type\":\"WebPage\",\"@id\":\"https:\/\/www.mobilimariani.com\/\",\"url\":\"https:\/\/www.mobilimariani.com\/\",\"name\":\"Home\"}},{\"@type\":\"ListItem\",\"position\":2,\"item\":{\"@id\":\"https:\/\/www.mobilimariani.com\/fr\/saba-canape-new-york-suite\/#webpage\"}}]},{\"@type\":\"Article\",\"@id\":\"https:\/\/www.mobilimariani.com\/fr\/saba-canape-new-york-suite\/#article\",\"isPartOf\":{\"@id\":\"https:\/\/www.mobilimariani.com\/fr\/saba-canape-new-york-suite\/#webpage\"},\"author\":{\"@id\":\"https:\/\/www.mobilimariani.com\/#\/schema\/person\/4685d9f51269134e53f988c9122315f4\"},\"headline\":\"SABA CANAPE NEW YORK SUITE\",\"datePublished\":\"2017-02-05T13:06:08+00:00\",\"dateModified\":\"2021-04-20T15:49:29+00:00\",\"mainEntityOfPage\":{\"@id\":\"https:\/\/www.mobilimariani.com\/fr\/saba-canape-new-york-suite\/#webpage\"},\"publisher\":{\"@id\":\"https:\/\/www.mobilimariani.com\/#organization\"},\"keywords\":[\"canap\\u00e9s angulaires design\",\"canap\\u00e9s design italien\"],\"articleSection\":[\"Catalogue\",\"Contract\",\"Sofa\",\"Fauteuils\",\"Salle jour\"],\"inLanguage\":\"fr-CH\"},{\"@type\":\"Person\",\"@id\":\"https:\/\/www.mobilimariani.com\/#\/schema\/person\/4685d9f51269134e53f988c9122315f4\",\"name\":\"14m4rC008\",\"image\":{\"@type\":\"ImageObject\",\"@id\":\"https:\/\/www.mobilimariani.com\/#personlogo\",\"inLanguage\":\"fr-CH\",\"url\":\"https:\/\/secure.gravatar.com\/avatar\/dfaa6e536fec7030712cf850e9ddef45?s=96&d=mm&r=g\",\"contentUrl\":\"https:\/\/secure.gravatar.com\/avatar\/dfaa6e536fec7030712cf850e9ddef45?s=96&d=mm&r=g\",\"caption\":\"14m4rC008\"}}]}<\/script>\n<!-- \/ Yoast SEO plugin. -->","_links":{"self":[{"href":"https:\/\/www.mobilimariani.com\/fr\/wp-json\/wp\/v2\/posts\/14524"}],"collection":[{"href":"https:\/\/www.mobilimariani.com\/fr\/wp-json\/wp\/v2\/posts"}],"about":[{"href":"https:\/\/www.mobilimariani.com\/fr\/wp-json\/wp\/v2\/types\/post"}],"author":[{"embeddable":true,"href":"https:\/\/www.mobilimariani.com\/fr\/wp-json\/wp\/v2\/users\/1"}],"replies":[{"embeddable":true,"href":"https:\/\/www.mobilimariani.com\/fr\/wp-json\/wp\/v2\/comments?post=14524"}],"version-history":[{"count":2,"href":"https:\/\/www.mobilimariani.com\/fr\/wp-json\/wp\/v2\/posts\/14524\/revisions"}],"predecessor-version":[{"id":26859,"href":"https:\/\/www.mobilimariani.com\/fr\/wp-json\/wp\/v2\/posts\/14524\/revisions\/26859"}],"wp:attachment":[{"href":"https:\/\/www.mobilimariani.com\/fr\/wp-json\/wp\/v2\/media?parent=14524"}],"wp:term":[{"taxonomy":"category","embeddable":true,"href":"https:\/\/www.mobilimariani.com\/fr\/wp-json\/wp\/v2\/categories?post=14524"},{"taxonomy":"post_tag","embeddable":true,"href":"https:\/\/www.mobilimariani.com\/fr\/wp-json\/wp\/v2\/tags?post=14524"}],"curies":[{"name":"wp","href":"https:\/\/api.w.org\/{rel}","templated":true}]}}