{"id":14520,"date":"2017-08-08T13:42:35","date_gmt":"2017-08-08T11:42:35","guid":{"rendered":"https:\/\/www.mobilimariani.com\/?p=14520"},"modified":"2017-08-29T17:35:06","modified_gmt":"2017-08-29T15:35:06","slug":"saba-canape-essentiel","status":"publish","type":"post","link":"https:\/\/www.mobilimariani.com\/fr\/saba-canape-essentiel\/","title":{"rendered":"SABA CANAPE ESSENTIEL"},"content":{"rendered":"<p>SABA CANAPE ESSENTIEL<\/p>\n<p>Essentiel le nouveau canap\u00e9 Saba, se pr\u00e9sent avec une d\u00e9claration d&#8217;intention pr\u00e9cise. Un projet priv\u00e9 d&#8217;exc\u00e8s, d&#8217;une ergonomie acceuillante, qui, dans plan spatio-temporel du design joint, d&#8217;une fa\u00e7on id\u00e9ale, l&#8217;\u00e9l\u00e9gance historique italienne au trait nordique. L&#8217;attention pour les d\u00e9tails, qui, depuis toujours, caract\u00e9rise les collections Saba, se retrouvent dans les \u00e9dredons des coussins du dossier, dans le profilage en cordon de canet\u00e9 (gris ou corde) ainsi que dans le pied peint corten tr\u00e8s particulier. Essentiel dans sa ligne mais ductile dans sa personnalisation, m\u00e8me les coussins du dossier dans les mesures de 67 cm. et 77 cm. peuvent \u00e8tre choisis dans la version haute avec rouleau d&#8217;appui. Le mod\u00e8le est disponible dans les mesures canap\u00e9 de 154 &#8211; 190 &#8211; 220 &#8211; 250 cm. Les modules s&#8217;articulent dans une vaste gamme de lat\u00e9raux, p\u00e9ninsules et terminaux pour chaque exigence de composition. Le fauteuil Essenetiel compl\u00e8te avec son allure sophistiqu\u00e9e ce projet hors du temps.<\/p>\n<p><a href=\"https:\/\/www.mobilimariani.com\/fr\/saba-tissus-de-revetement\/\">Pour voir les tissus de rev\u00e8tement cliquez ici <\/a><\/p>\n<p>Pour d\u00e9couvrir la marque Saba <a href=\"https:\/\/www.mobilimariani.com\/fr\/concessionnaire-saba\/\">cliquez ici<\/a><\/p>\n<p>vous voulez conna\u00eetre notre meilleur prix pour cet article? <a href=\"https:\/\/www.mobilimariani.com\/fr\/contacts\/\">Cliquez ici<\/a> et envoyez-nous la demande<\/p>\n<p>Pour nos clients suisses, il sera d\u00e9duit l\u2019I.V.A. italienne de la valeur\u00a0de <strong>22%.<\/strong><\/p>\n<p>signale le lieu de livraison et si le montage est n\u00e9c\u00e9ssaire.<\/p>\n<p>Nous livrons dans toute l&#8217;Europe, Canada, Etats Unis, Russie, Emirats Arabes et o\u00f9 que tu sois<\/p>\n","protected":false},"excerpt":{"rendered":"SABA CANAPE ESSENTIEL Essentiel le nouveau canap\u00e9 Saba, se pr\u00e9sent avec une d\u00e9claration d&#8217;intention pr\u00e9cise. Un projet priv\u00e9 d&#8217;exc\u00e8s, d&#8217;une ergonomie acceuillante, qui, dans plan spatio-temporel du design joint, d&#8217;une fa\u00e7on id\u00e9ale, l&#8217;\u00e9l\u00e9gance historique italienne au trait nordique. L&#8217;attention pour les d\u00e9tails, qui, depuis toujours, caract\u00e9rise les collections Saba, se retrouvent dans les \u00e9dredons des&#8230; <a class=\"view-article\" href=\"https:\/\/www.mobilimariani.com\/fr\/saba-canape-essentiel\/\">Voir l&#8217;article<\/a>","protected":false},"author":1,"featured_media":0,"comment_status":"closed","ping_status":"closed","sticky":false,"template":"","format":"standard","meta":[],"categories":[1,7,32,6],"tags":[2153,2154,2155],"yoast_head":"<!-- This site is optimized with the Yoast SEO plugin v16.2 - https:\/\/yoast.com\/wordpress\/plugins\/seo\/ -->\n<meta name=\"description\" content=\"SABA CANAPE ESSENTIEL Essentiel le nouveau canap\u00e9 Saba, se pr\u00e9sent avec une d\u00e9claration d&#039;intention pr\u00e9cise. Un projet priv\u00e9 d&#039;exc\u00e8s, d&#039;une ergonomie\" \/>\n<meta name=\"robots\" content=\"index, follow, max-snippet:-1, max-image-preview:large, max-video-preview:-1\" \/>\n<link rel=\"canonical\" href=\"https:\/\/www.mobilimariani.com\/fr\/saba-canape-essentiel\/\" \/>\n<meta property=\"og:locale\" content=\"fr_FR\" \/>\n<meta property=\"og:type\" content=\"article\" \/>\n<meta property=\"og:title\" content=\"SABA CANAPE ESSENTIEL | Mobili Mariani\" \/>\n<meta property=\"og:description\" content=\"SABA CANAPE ESSENTIEL Essentiel le nouveau canap\u00e9 Saba, se pr\u00e9sent avec une d\u00e9claration d&#039;intention pr\u00e9cise. Un projet priv\u00e9 d&#039;exc\u00e8s, d&#039;une ergonomie\" \/>\n<meta property=\"og:url\" content=\"https:\/\/www.mobilimariani.com\/fr\/saba-canape-essentiel\/\" \/>\n<meta property=\"og:site_name\" content=\"Mobili Mariani\" \/>\n<meta property=\"article:published_time\" content=\"2017-08-08T11:42:35+00:00\" \/>\n<meta property=\"article:modified_time\" content=\"2017-08-29T15:35:06+00:00\" \/>\n<meta name=\"twitter:label1\" content=\"Est. reading time\">\n\t<meta name=\"twitter:data1\" content=\"1 minute\">\n<script type=\"application\/ld+json\" class=\"yoast-schema-graph\">{\"@context\":\"https:\/\/schema.org\",\"@graph\":[{\"@type\":\"Organization\",\"@id\":\"https:\/\/www.mobilimariani.com\/#organization\",\"name\":\"Mobili Mariani\",\"url\":\"https:\/\/www.mobilimariani.com\/\",\"sameAs\":[],\"logo\":{\"@type\":\"ImageObject\",\"@id\":\"https:\/\/www.mobilimariani.com\/#logo\",\"inLanguage\":\"fr-CH\",\"url\":\"https:\/\/www.mobilimariani.com\/wp-content\/uploads\/2015\/12\/logo.png\",\"contentUrl\":\"https:\/\/www.mobilimariani.com\/wp-content\/uploads\/2015\/12\/logo.png\",\"width\":160,\"height\":110,\"caption\":\"Mobili Mariani\"},\"image\":{\"@id\":\"https:\/\/www.mobilimariani.com\/#logo\"}},{\"@type\":\"WebSite\",\"@id\":\"https:\/\/www.mobilimariani.com\/#website\",\"url\":\"https:\/\/www.mobilimariani.com\/\",\"name\":\"Mobili Mariani\",\"description\":\"Mobili Italia Svizzera\",\"publisher\":{\"@id\":\"https:\/\/www.mobilimariani.com\/#organization\"},\"potentialAction\":[{\"@type\":\"SearchAction\",\"target\":\"https:\/\/www.mobilimariani.com\/?s={search_term_string}\",\"query-input\":\"required name=search_term_string\"}],\"inLanguage\":\"fr-CH\"},{\"@type\":\"WebPage\",\"@id\":\"https:\/\/www.mobilimariani.com\/fr\/saba-canape-essentiel\/#webpage\",\"url\":\"https:\/\/www.mobilimariani.com\/fr\/saba-canape-essentiel\/\",\"name\":\"SABA CANAPE ESSENTIEL | Mobili Mariani\",\"isPartOf\":{\"@id\":\"https:\/\/www.mobilimariani.com\/#website\"},\"datePublished\":\"2017-08-08T11:42:35+00:00\",\"dateModified\":\"2017-08-29T15:35:06+00:00\",\"description\":\"SABA CANAPE ESSENTIEL Essentiel le nouveau canap\\u00e9 Saba, se pr\\u00e9sent avec une d\\u00e9claration d'intention pr\\u00e9cise. Un projet priv\\u00e9 d'exc\\u00e8s, d'une ergonomie\",\"breadcrumb\":{\"@id\":\"https:\/\/www.mobilimariani.com\/fr\/saba-canape-essentiel\/#breadcrumb\"},\"inLanguage\":\"fr-CH\",\"potentialAction\":[{\"@type\":\"ReadAction\",\"target\":[\"https:\/\/www.mobilimariani.com\/fr\/saba-canape-essentiel\/\"]}]},{\"@type\":\"BreadcrumbList\",\"@id\":\"https:\/\/www.mobilimariani.com\/fr\/saba-canape-essentiel\/#breadcrumb\",\"itemListElement\":[{\"@type\":\"ListItem\",\"position\":1,\"item\":{\"@type\":\"WebPage\",\"@id\":\"https:\/\/www.mobilimariani.com\/\",\"url\":\"https:\/\/www.mobilimariani.com\/\",\"name\":\"Home\"}},{\"@type\":\"ListItem\",\"position\":2,\"item\":{\"@id\":\"https:\/\/www.mobilimariani.com\/fr\/saba-canape-essentiel\/#webpage\"}}]},{\"@type\":\"Article\",\"@id\":\"https:\/\/www.mobilimariani.com\/fr\/saba-canape-essentiel\/#article\",\"isPartOf\":{\"@id\":\"https:\/\/www.mobilimariani.com\/fr\/saba-canape-essentiel\/#webpage\"},\"author\":{\"@id\":\"https:\/\/www.mobilimariani.com\/#\/schema\/person\/4685d9f51269134e53f988c9122315f4\"},\"headline\":\"SABA CANAPE ESSENTIEL\",\"datePublished\":\"2017-08-08T11:42:35+00:00\",\"dateModified\":\"2017-08-29T15:35:06+00:00\",\"mainEntityOfPage\":{\"@id\":\"https:\/\/www.mobilimariani.com\/fr\/saba-canape-essentiel\/#webpage\"},\"publisher\":{\"@id\":\"https:\/\/www.mobilimariani.com\/#organization\"},\"keywords\":[\"canap\\u00e9s angulaires design\",\"canap\\u00e9s design italien\",\"fauteuils design\"],\"articleSection\":[\"Catalogue\",\"Sofa\",\"Fauteuils\",\"Salle jour\"],\"inLanguage\":\"fr-CH\"},{\"@type\":\"Person\",\"@id\":\"https:\/\/www.mobilimariani.com\/#\/schema\/person\/4685d9f51269134e53f988c9122315f4\",\"name\":\"14m4rC008\",\"image\":{\"@type\":\"ImageObject\",\"@id\":\"https:\/\/www.mobilimariani.com\/#personlogo\",\"inLanguage\":\"fr-CH\",\"url\":\"https:\/\/secure.gravatar.com\/avatar\/dfaa6e536fec7030712cf850e9ddef45?s=96&d=mm&r=g\",\"contentUrl\":\"https:\/\/secure.gravatar.com\/avatar\/dfaa6e536fec7030712cf850e9ddef45?s=96&d=mm&r=g\",\"caption\":\"14m4rC008\"}}]}<\/script>\n<!-- \/ Yoast SEO plugin. -->","_links":{"self":[{"href":"https:\/\/www.mobilimariani.com\/fr\/wp-json\/wp\/v2\/posts\/14520"}],"collection":[{"href":"https:\/\/www.mobilimariani.com\/fr\/wp-json\/wp\/v2\/posts"}],"about":[{"href":"https:\/\/www.mobilimariani.com\/fr\/wp-json\/wp\/v2\/types\/post"}],"author":[{"embeddable":true,"href":"https:\/\/www.mobilimariani.com\/fr\/wp-json\/wp\/v2\/users\/1"}],"replies":[{"embeddable":true,"href":"https:\/\/www.mobilimariani.com\/fr\/wp-json\/wp\/v2\/comments?post=14520"}],"version-history":[{"count":1,"href":"https:\/\/www.mobilimariani.com\/fr\/wp-json\/wp\/v2\/posts\/14520\/revisions"}],"predecessor-version":[{"id":14521,"href":"https:\/\/www.mobilimariani.com\/fr\/wp-json\/wp\/v2\/posts\/14520\/revisions\/14521"}],"wp:attachment":[{"href":"https:\/\/www.mobilimariani.com\/fr\/wp-json\/wp\/v2\/media?parent=14520"}],"wp:term":[{"taxonomy":"category","embeddable":true,"href":"https:\/\/www.mobilimariani.com\/fr\/wp-json\/wp\/v2\/categories?post=14520"},{"taxonomy":"post_tag","embeddable":true,"href":"https:\/\/www.mobilimariani.com\/fr\/wp-json\/wp\/v2\/tags?post=14520"}],"curies":[{"name":"wp","href":"https:\/\/api.w.org\/{rel}","templated":true}]}}