{"id":14508,"date":"2017-02-05T12:33:20","date_gmt":"2017-02-05T11:33:20","guid":{"rendered":"https:\/\/www.mobilimariani.com\/?p=14508"},"modified":"2017-03-05T18:22:57","modified_gmt":"2017-03-05T17:22:57","slug":"saba-canape-karma","status":"publish","type":"post","link":"https:\/\/www.mobilimariani.com\/fr\/saba-canape-karma\/","title":{"rendered":"SABA CANAPE KARMA"},"content":{"rendered":"<p>SABA CANAPE KARMA<\/p>\n<p>La collection incarne mieux que personne la versatilit\u00e9 des produits Saba Italia: un canap\u00e9 qui trouve sa place aussi bien dans des environnements modernes que dans des habitations \u00e0 empreinte plus classique. Le succ\u00e8s de Karma chevauche ainsi les ann\u00e9es et les tendances, grace \u00e0 une attention dans les d\u00e9tails presque maniaque. Ses 110 cm. de profondeur deviennent souples grace aux efforts de style qui en exaltent l&#8217;importance sans l&#8217;alourdir. Proportions rafin\u00e9es, design hors du temps et grande adaptabilit\u00e9 \u00e0 presque tous les type de rev\u00e8tement font de Karma un canap\u00e9 indispensable. Compl\u00e8tement d\u00e9houssable.<\/p>\n<p><a href=\"https:\/\/www.mobilimariani.com\/fr\/saba-tissus-de-revetement\/\">Pour voir les tissus de rev\u00e8tement cliquez ici <\/a><\/p>\n<p>Pour d\u00e9couvrir la marque Saba <a href=\"https:\/\/www.mobilimariani.com\/fr\/concessionnaire-saba\/\">cliquez ici<\/a><\/p>\n<p>vous voulez conna\u00eetre notre meilleur prix pour cet article? <a href=\"https:\/\/www.mobilimariani.com\/fr\/contacts\/\">Cliquez ici<\/a> et envoyez-nous la demande<\/p>\n<p>Pour nos clients suisses, il sera d\u00e9duit l\u2019I.V.A. italienne de la valeur\u00a0de <strong>22%.<\/strong><\/p>\n<p>signale le lieu de livraison et si le montage est n\u00e9c\u00e9ssaire.<\/p>\n<p>Nous livrons dans toute l&#8217;Europe, Canada, Etats Unis, Russie, Emirats Arabes et o\u00f9 que tu sois<\/p>\n","protected":false},"excerpt":{"rendered":"SABA CANAPE KARMA La collection incarne mieux que personne la versatilit\u00e9 des produits Saba Italia: un canap\u00e9 qui trouve sa place aussi bien dans des environnements modernes que dans des habitations \u00e0 empreinte plus classique. Le succ\u00e8s de Karma chevauche ainsi les ann\u00e9es et les tendances, grace \u00e0 une attention dans les d\u00e9tails presque maniaque&#8230;. <a class=\"view-article\" href=\"https:\/\/www.mobilimariani.com\/fr\/saba-canape-karma\/\">Voir l&#8217;article<\/a>","protected":false},"author":1,"featured_media":0,"comment_status":"closed","ping_status":"closed","sticky":false,"template":"","format":"standard","meta":[],"categories":[1,7,32,6],"tags":[2153,2154,2155],"yoast_head":"<!-- This site is optimized with the Yoast SEO plugin v16.2 - https:\/\/yoast.com\/wordpress\/plugins\/seo\/ -->\n<meta name=\"description\" content=\"SABA CANAPE KARMA La collection incarne mieux que personne la versatilit\u00e9 des produits Saba Italia: un canap\u00e9 qui trouve sa place aussi bien dans des\" \/>\n<meta name=\"robots\" content=\"index, follow, max-snippet:-1, max-image-preview:large, max-video-preview:-1\" \/>\n<link rel=\"canonical\" href=\"https:\/\/www.mobilimariani.com\/fr\/saba-canape-karma\/\" \/>\n<meta property=\"og:locale\" content=\"fr_FR\" \/>\n<meta property=\"og:type\" content=\"article\" \/>\n<meta property=\"og:title\" content=\"SABA CANAPE KARMA | Mobili Mariani\" \/>\n<meta property=\"og:description\" content=\"SABA CANAPE KARMA La collection incarne mieux que personne la versatilit\u00e9 des produits Saba Italia: un canap\u00e9 qui trouve sa place aussi bien dans des\" \/>\n<meta property=\"og:url\" content=\"https:\/\/www.mobilimariani.com\/fr\/saba-canape-karma\/\" \/>\n<meta property=\"og:site_name\" content=\"Mobili Mariani\" \/>\n<meta property=\"article:published_time\" content=\"2017-02-05T11:33:20+00:00\" \/>\n<meta property=\"article:modified_time\" content=\"2017-03-05T17:22:57+00:00\" \/>\n<meta name=\"twitter:label1\" content=\"Est. reading time\">\n\t<meta name=\"twitter:data1\" content=\"1 minute\">\n<script type=\"application\/ld+json\" class=\"yoast-schema-graph\">{\"@context\":\"https:\/\/schema.org\",\"@graph\":[{\"@type\":\"Organization\",\"@id\":\"https:\/\/www.mobilimariani.com\/#organization\",\"name\":\"Mobili Mariani\",\"url\":\"https:\/\/www.mobilimariani.com\/\",\"sameAs\":[],\"logo\":{\"@type\":\"ImageObject\",\"@id\":\"https:\/\/www.mobilimariani.com\/#logo\",\"inLanguage\":\"fr-CH\",\"url\":\"https:\/\/www.mobilimariani.com\/wp-content\/uploads\/2015\/12\/logo.png\",\"contentUrl\":\"https:\/\/www.mobilimariani.com\/wp-content\/uploads\/2015\/12\/logo.png\",\"width\":160,\"height\":110,\"caption\":\"Mobili Mariani\"},\"image\":{\"@id\":\"https:\/\/www.mobilimariani.com\/#logo\"}},{\"@type\":\"WebSite\",\"@id\":\"https:\/\/www.mobilimariani.com\/#website\",\"url\":\"https:\/\/www.mobilimariani.com\/\",\"name\":\"Mobili Mariani\",\"description\":\"Mobili Italia Svizzera\",\"publisher\":{\"@id\":\"https:\/\/www.mobilimariani.com\/#organization\"},\"potentialAction\":[{\"@type\":\"SearchAction\",\"target\":\"https:\/\/www.mobilimariani.com\/?s={search_term_string}\",\"query-input\":\"required name=search_term_string\"}],\"inLanguage\":\"fr-CH\"},{\"@type\":\"WebPage\",\"@id\":\"https:\/\/www.mobilimariani.com\/fr\/saba-canape-karma\/#webpage\",\"url\":\"https:\/\/www.mobilimariani.com\/fr\/saba-canape-karma\/\",\"name\":\"SABA CANAPE KARMA | Mobili Mariani\",\"isPartOf\":{\"@id\":\"https:\/\/www.mobilimariani.com\/#website\"},\"datePublished\":\"2017-02-05T11:33:20+00:00\",\"dateModified\":\"2017-03-05T17:22:57+00:00\",\"description\":\"SABA CANAPE KARMA La collection incarne mieux que personne la versatilit\\u00e9 des produits Saba Italia: un canap\\u00e9 qui trouve sa place aussi bien dans des\",\"breadcrumb\":{\"@id\":\"https:\/\/www.mobilimariani.com\/fr\/saba-canape-karma\/#breadcrumb\"},\"inLanguage\":\"fr-CH\",\"potentialAction\":[{\"@type\":\"ReadAction\",\"target\":[\"https:\/\/www.mobilimariani.com\/fr\/saba-canape-karma\/\"]}]},{\"@type\":\"BreadcrumbList\",\"@id\":\"https:\/\/www.mobilimariani.com\/fr\/saba-canape-karma\/#breadcrumb\",\"itemListElement\":[{\"@type\":\"ListItem\",\"position\":1,\"item\":{\"@type\":\"WebPage\",\"@id\":\"https:\/\/www.mobilimariani.com\/\",\"url\":\"https:\/\/www.mobilimariani.com\/\",\"name\":\"Home\"}},{\"@type\":\"ListItem\",\"position\":2,\"item\":{\"@id\":\"https:\/\/www.mobilimariani.com\/fr\/saba-canape-karma\/#webpage\"}}]},{\"@type\":\"Article\",\"@id\":\"https:\/\/www.mobilimariani.com\/fr\/saba-canape-karma\/#article\",\"isPartOf\":{\"@id\":\"https:\/\/www.mobilimariani.com\/fr\/saba-canape-karma\/#webpage\"},\"author\":{\"@id\":\"https:\/\/www.mobilimariani.com\/#\/schema\/person\/4685d9f51269134e53f988c9122315f4\"},\"headline\":\"SABA CANAPE KARMA\",\"datePublished\":\"2017-02-05T11:33:20+00:00\",\"dateModified\":\"2017-03-05T17:22:57+00:00\",\"mainEntityOfPage\":{\"@id\":\"https:\/\/www.mobilimariani.com\/fr\/saba-canape-karma\/#webpage\"},\"publisher\":{\"@id\":\"https:\/\/www.mobilimariani.com\/#organization\"},\"keywords\":[\"canap\\u00e9s angulaires design\",\"canap\\u00e9s design italien\",\"fauteuils design\"],\"articleSection\":[\"Catalogue\",\"Sofa\",\"Fauteuils\",\"Salle jour\"],\"inLanguage\":\"fr-CH\"},{\"@type\":\"Person\",\"@id\":\"https:\/\/www.mobilimariani.com\/#\/schema\/person\/4685d9f51269134e53f988c9122315f4\",\"name\":\"14m4rC008\",\"image\":{\"@type\":\"ImageObject\",\"@id\":\"https:\/\/www.mobilimariani.com\/#personlogo\",\"inLanguage\":\"fr-CH\",\"url\":\"https:\/\/secure.gravatar.com\/avatar\/dfaa6e536fec7030712cf850e9ddef45?s=96&d=mm&r=g\",\"contentUrl\":\"https:\/\/secure.gravatar.com\/avatar\/dfaa6e536fec7030712cf850e9ddef45?s=96&d=mm&r=g\",\"caption\":\"14m4rC008\"}}]}<\/script>\n<!-- \/ Yoast SEO plugin. -->","_links":{"self":[{"href":"https:\/\/www.mobilimariani.com\/fr\/wp-json\/wp\/v2\/posts\/14508"}],"collection":[{"href":"https:\/\/www.mobilimariani.com\/fr\/wp-json\/wp\/v2\/posts"}],"about":[{"href":"https:\/\/www.mobilimariani.com\/fr\/wp-json\/wp\/v2\/types\/post"}],"author":[{"embeddable":true,"href":"https:\/\/www.mobilimariani.com\/fr\/wp-json\/wp\/v2\/users\/1"}],"replies":[{"embeddable":true,"href":"https:\/\/www.mobilimariani.com\/fr\/wp-json\/wp\/v2\/comments?post=14508"}],"version-history":[{"count":1,"href":"https:\/\/www.mobilimariani.com\/fr\/wp-json\/wp\/v2\/posts\/14508\/revisions"}],"predecessor-version":[{"id":14509,"href":"https:\/\/www.mobilimariani.com\/fr\/wp-json\/wp\/v2\/posts\/14508\/revisions\/14509"}],"wp:attachment":[{"href":"https:\/\/www.mobilimariani.com\/fr\/wp-json\/wp\/v2\/media?parent=14508"}],"wp:term":[{"taxonomy":"category","embeddable":true,"href":"https:\/\/www.mobilimariani.com\/fr\/wp-json\/wp\/v2\/categories?post=14508"},{"taxonomy":"post_tag","embeddable":true,"href":"https:\/\/www.mobilimariani.com\/fr\/wp-json\/wp\/v2\/tags?post=14508"}],"curies":[{"name":"wp","href":"https:\/\/api.w.org\/{rel}","templated":true}]}}