{"id":14504,"date":"2017-02-05T12:20:58","date_gmt":"2017-02-05T11:20:58","guid":{"rendered":"https:\/\/www.mobilimariani.com\/?p=14504"},"modified":"2021-04-20T17:38:58","modified_gmt":"2021-04-20T15:38:58","slug":"saba-canape-quinta-strada","status":"publish","type":"post","link":"https:\/\/www.mobilimariani.com\/fr\/saba-canape-quinta-strada\/","title":{"rendered":"SABA CANAPE QUINTA STRADA"},"content":{"rendered":"<p>SABA CANAPE QUINTA STRADA<\/p>\n<p>Projet\u00e9 en 1996, le syst\u00e8me d&#8217;assise Quinta Strada, a \u00e9t\u00e9 in projet &#8220;pionnier&#8221; du style moderne. Rigoureux mais flexible dans composition, il est, maintenant, r\u00e9\u00e9dit\u00e9 \u00e0 travers un restyling, attentif aux d\u00e9tails du nouveau langage contemporan\u00e9en. La finition noire chrome du pied, l&#8217;amincissement des supports de conjonction, la l\u00e8g\u00e9ret\u00e9 de la base et du support dossier sont les \u00e9l\u00e9ments particuliers adapt\u00e9s au living moderne. Les divers \u00e9l\u00e9ments de la collection Quinta Strada permettent de nombreuse configurations, consentant des compositions particuli\u00e8rement int\u00e9ressantes m\u00e8me pour des situations \u00e0 angle.<\/p>\n<p><a href=\"https:\/\/www.mobilimariani.com\/fr\/saba-tissus-de-revetement\/\">Pour voir les tissus de rev\u00e8tement cliquez ici <\/a><\/p>\n<p>Pour d\u00e9couvrir la marque Saba <a href=\"https:\/\/www.mobilimariani.com\/fr\/concessionnaire-saba\/\">cliquez ici<\/a><\/p>\n<p>vous voulez conna\u00eetre notre meilleur prix pour cet article? <a href=\"https:\/\/www.mobilimariani.com\/fr\/contacts\/\">Cliquez ici<\/a> et envoyez-nous la demande<\/p>\n<p>Pour nos clients suisses, il sera d\u00e9duit l\u2019I.V.A. italienne de la valeur\u00a0de <strong>22%.<\/strong><\/p>\n<p>signale le lieu de livraison et si le montage est n\u00e9c\u00e9ssaire.<\/p>\n<p>Nous livrons dans toute l&#8217;Europe et o\u00f9 que tu sois<\/p>\n","protected":false},"excerpt":{"rendered":"SABA CANAPE QUINTA STRADA Projet\u00e9 en 1996, le syst\u00e8me d&#8217;assise Quinta Strada, a \u00e9t\u00e9 in projet &#8220;pionnier&#8221; du style moderne. Rigoureux mais flexible dans composition, il est, maintenant, r\u00e9\u00e9dit\u00e9 \u00e0 travers un restyling, attentif aux d\u00e9tails du nouveau langage contemporan\u00e9en. La finition noire chrome du pied, l&#8217;amincissement des supports de conjonction, la l\u00e8g\u00e9ret\u00e9 de la&#8230; <a class=\"view-article\" href=\"https:\/\/www.mobilimariani.com\/fr\/saba-canape-quinta-strada\/\">Voir l&#8217;article<\/a>","protected":false},"author":1,"featured_media":0,"comment_status":"closed","ping_status":"closed","sticky":false,"template":"","format":"standard","meta":[],"categories":[1,7,32,6],"tags":[2153,2154,2155],"yoast_head":"<!-- This site is optimized with the Yoast SEO plugin v16.2 - https:\/\/yoast.com\/wordpress\/plugins\/seo\/ -->\n<meta name=\"description\" content=\"SABA CANAPE QUINTA STRADA Projet\u00e9 en 1996, le syst\u00e8me d&#039;assise Quinta Strada, a \u00e9t\u00e9 in projet &quot;pionnier&quot; du style moderne. Rigoureux mais flexible dans\" \/>\n<meta name=\"robots\" content=\"index, follow, max-snippet:-1, max-image-preview:large, max-video-preview:-1\" \/>\n<link rel=\"canonical\" href=\"https:\/\/www.mobilimariani.com\/fr\/saba-canape-quinta-strada\/\" \/>\n<meta property=\"og:locale\" content=\"fr_FR\" \/>\n<meta property=\"og:type\" content=\"article\" \/>\n<meta property=\"og:title\" content=\"SABA CANAPE QUINTA STRADA | Mobili Mariani\" \/>\n<meta property=\"og:description\" content=\"SABA CANAPE QUINTA STRADA Projet\u00e9 en 1996, le syst\u00e8me d&#039;assise Quinta Strada, a \u00e9t\u00e9 in projet &quot;pionnier&quot; du style moderne. Rigoureux mais flexible dans\" \/>\n<meta property=\"og:url\" content=\"https:\/\/www.mobilimariani.com\/fr\/saba-canape-quinta-strada\/\" \/>\n<meta property=\"og:site_name\" content=\"Mobili Mariani\" \/>\n<meta property=\"article:published_time\" content=\"2017-02-05T11:20:58+00:00\" \/>\n<meta property=\"article:modified_time\" content=\"2021-04-20T15:38:58+00:00\" \/>\n<meta name=\"twitter:label1\" content=\"Est. reading time\">\n\t<meta name=\"twitter:data1\" content=\"1 minute\">\n<script type=\"application\/ld+json\" class=\"yoast-schema-graph\">{\"@context\":\"https:\/\/schema.org\",\"@graph\":[{\"@type\":\"Organization\",\"@id\":\"https:\/\/www.mobilimariani.com\/#organization\",\"name\":\"Mobili Mariani\",\"url\":\"https:\/\/www.mobilimariani.com\/\",\"sameAs\":[],\"logo\":{\"@type\":\"ImageObject\",\"@id\":\"https:\/\/www.mobilimariani.com\/#logo\",\"inLanguage\":\"fr-CH\",\"url\":\"https:\/\/www.mobilimariani.com\/wp-content\/uploads\/2015\/12\/logo.png\",\"contentUrl\":\"https:\/\/www.mobilimariani.com\/wp-content\/uploads\/2015\/12\/logo.png\",\"width\":160,\"height\":110,\"caption\":\"Mobili Mariani\"},\"image\":{\"@id\":\"https:\/\/www.mobilimariani.com\/#logo\"}},{\"@type\":\"WebSite\",\"@id\":\"https:\/\/www.mobilimariani.com\/#website\",\"url\":\"https:\/\/www.mobilimariani.com\/\",\"name\":\"Mobili Mariani\",\"description\":\"Mobili Italia Svizzera\",\"publisher\":{\"@id\":\"https:\/\/www.mobilimariani.com\/#organization\"},\"potentialAction\":[{\"@type\":\"SearchAction\",\"target\":\"https:\/\/www.mobilimariani.com\/?s={search_term_string}\",\"query-input\":\"required name=search_term_string\"}],\"inLanguage\":\"fr-CH\"},{\"@type\":\"WebPage\",\"@id\":\"https:\/\/www.mobilimariani.com\/fr\/saba-canape-quinta-strada\/#webpage\",\"url\":\"https:\/\/www.mobilimariani.com\/fr\/saba-canape-quinta-strada\/\",\"name\":\"SABA CANAPE QUINTA STRADA | Mobili Mariani\",\"isPartOf\":{\"@id\":\"https:\/\/www.mobilimariani.com\/#website\"},\"datePublished\":\"2017-02-05T11:20:58+00:00\",\"dateModified\":\"2021-04-20T15:38:58+00:00\",\"description\":\"SABA CANAPE QUINTA STRADA Projet\\u00e9 en 1996, le syst\\u00e8me d'assise Quinta Strada, a \\u00e9t\\u00e9 in projet \\\"pionnier\\\" du style moderne. Rigoureux mais flexible dans\",\"breadcrumb\":{\"@id\":\"https:\/\/www.mobilimariani.com\/fr\/saba-canape-quinta-strada\/#breadcrumb\"},\"inLanguage\":\"fr-CH\",\"potentialAction\":[{\"@type\":\"ReadAction\",\"target\":[\"https:\/\/www.mobilimariani.com\/fr\/saba-canape-quinta-strada\/\"]}]},{\"@type\":\"BreadcrumbList\",\"@id\":\"https:\/\/www.mobilimariani.com\/fr\/saba-canape-quinta-strada\/#breadcrumb\",\"itemListElement\":[{\"@type\":\"ListItem\",\"position\":1,\"item\":{\"@type\":\"WebPage\",\"@id\":\"https:\/\/www.mobilimariani.com\/\",\"url\":\"https:\/\/www.mobilimariani.com\/\",\"name\":\"Home\"}},{\"@type\":\"ListItem\",\"position\":2,\"item\":{\"@id\":\"https:\/\/www.mobilimariani.com\/fr\/saba-canape-quinta-strada\/#webpage\"}}]},{\"@type\":\"Article\",\"@id\":\"https:\/\/www.mobilimariani.com\/fr\/saba-canape-quinta-strada\/#article\",\"isPartOf\":{\"@id\":\"https:\/\/www.mobilimariani.com\/fr\/saba-canape-quinta-strada\/#webpage\"},\"author\":{\"@id\":\"https:\/\/www.mobilimariani.com\/#\/schema\/person\/4685d9f51269134e53f988c9122315f4\"},\"headline\":\"SABA CANAPE QUINTA STRADA\",\"datePublished\":\"2017-02-05T11:20:58+00:00\",\"dateModified\":\"2021-04-20T15:38:58+00:00\",\"mainEntityOfPage\":{\"@id\":\"https:\/\/www.mobilimariani.com\/fr\/saba-canape-quinta-strada\/#webpage\"},\"publisher\":{\"@id\":\"https:\/\/www.mobilimariani.com\/#organization\"},\"keywords\":[\"canap\\u00e9s angulaires design\",\"canap\\u00e9s design italien\",\"fauteuils design\"],\"articleSection\":[\"Catalogue\",\"Sofa\",\"Fauteuils\",\"Salle jour\"],\"inLanguage\":\"fr-CH\"},{\"@type\":\"Person\",\"@id\":\"https:\/\/www.mobilimariani.com\/#\/schema\/person\/4685d9f51269134e53f988c9122315f4\",\"name\":\"14m4rC008\",\"image\":{\"@type\":\"ImageObject\",\"@id\":\"https:\/\/www.mobilimariani.com\/#personlogo\",\"inLanguage\":\"fr-CH\",\"url\":\"https:\/\/secure.gravatar.com\/avatar\/dfaa6e536fec7030712cf850e9ddef45?s=96&d=mm&r=g\",\"contentUrl\":\"https:\/\/secure.gravatar.com\/avatar\/dfaa6e536fec7030712cf850e9ddef45?s=96&d=mm&r=g\",\"caption\":\"14m4rC008\"}}]}<\/script>\n<!-- \/ Yoast SEO plugin. -->","_links":{"self":[{"href":"https:\/\/www.mobilimariani.com\/fr\/wp-json\/wp\/v2\/posts\/14504"}],"collection":[{"href":"https:\/\/www.mobilimariani.com\/fr\/wp-json\/wp\/v2\/posts"}],"about":[{"href":"https:\/\/www.mobilimariani.com\/fr\/wp-json\/wp\/v2\/types\/post"}],"author":[{"embeddable":true,"href":"https:\/\/www.mobilimariani.com\/fr\/wp-json\/wp\/v2\/users\/1"}],"replies":[{"embeddable":true,"href":"https:\/\/www.mobilimariani.com\/fr\/wp-json\/wp\/v2\/comments?post=14504"}],"version-history":[{"count":2,"href":"https:\/\/www.mobilimariani.com\/fr\/wp-json\/wp\/v2\/posts\/14504\/revisions"}],"predecessor-version":[{"id":26855,"href":"https:\/\/www.mobilimariani.com\/fr\/wp-json\/wp\/v2\/posts\/14504\/revisions\/26855"}],"wp:attachment":[{"href":"https:\/\/www.mobilimariani.com\/fr\/wp-json\/wp\/v2\/media?parent=14504"}],"wp:term":[{"taxonomy":"category","embeddable":true,"href":"https:\/\/www.mobilimariani.com\/fr\/wp-json\/wp\/v2\/categories?post=14504"},{"taxonomy":"post_tag","embeddable":true,"href":"https:\/\/www.mobilimariani.com\/fr\/wp-json\/wp\/v2\/tags?post=14504"}],"curies":[{"name":"wp","href":"https:\/\/api.w.org\/{rel}","templated":true}]}}