{"id":14440,"date":"2017-07-25T20:37:01","date_gmt":"2017-07-25T18:37:01","guid":{"rendered":"https:\/\/www.mobilimariani.com\/?p=14440"},"modified":"2020-10-04T20:13:11","modified_gmt":"2020-10-04T18:13:11","slug":"lema-buffet-conchiglia","status":"publish","type":"post","link":"https:\/\/www.mobilimariani.com\/fr\/lema-buffet-conchiglia\/","title":{"rendered":"LEMA BUFFET CONCHIGLIA"},"content":{"rendered":"<p>LEMA BUFFET CONCHIGLIA &#8211; Studiocharlie<\/p>\n<p>Inspir\u00e9 aux proportions naturelles des spirales, le dessin des portes de ce buffet joue avec le module du carr\u00e9, cr\u00e9ant un mouvement dinamique de lignes qui culmine armonieusement dans un espace vide, qui peut \u00e8tre color\u00e9.<\/p>\n<p>D\u00e9tails: buffet caract\u00e9ris\u00e9 par une facade d&#8217;impact graphique. Les espaces a l&#8217;int\u00e9rieur ont des capacit\u00e9s diff\u00e9rentes, un un petit tiroir, et un compartiment \u00e0 jour personnalisable avec \u00e9l\u00e9ment m\u00e9tallique color\u00e9 au choix entre orange, bleu ou vert.<\/p>\n<p>Pour d\u00e9couvrir la marque\u00a0Lema\u00a0<a href=\"https:\/\/www.mobilimariani.com\/fr\/concessionaire-lema\/\">cliquez ici<\/a><\/p>\n<p>Pour d\u00e9couvrir le catalogue de toutes nos placards\u00a0<a href=\"https:\/\/www.mobilimariani.com\/fr\/catalogue\/surface\/croyances\/\">cliquez ici<\/a><\/p>\n<p>Vous voulez conna\u00eetre notre meilleur prix pour cet article? <a href=\"https:\/\/www.mobilimariani.com\/fr\/contacts\/\">Cliquez ici<\/a> et envoyez-nous la demande<\/p>\n<p>Pour nos clients suisses, il sera d\u00e9duit l\u2019I.V.A. italienne<\/p>\n<p>Signale le lieu de livraison et si le montage est n\u00e9c\u00e9ssaire.<\/p>\n<p>Nous livrons dans toute l\u2019Europe et o\u00f9 que tu sois<\/p>\n","protected":false},"excerpt":{"rendered":"LEMA BUFFET CONCHIGLIA &#8211; Studiocharlie Inspir\u00e9 aux proportions naturelles des spirales, le dessin des portes de ce buffet joue avec le module du carr\u00e9, cr\u00e9ant un mouvement dinamique de lignes qui culmine armonieusement dans un espace vide, qui peut \u00e8tre color\u00e9. D\u00e9tails: buffet caract\u00e9ris\u00e9 par une facade d&#8217;impact graphique. Les espaces a l&#8217;int\u00e9rieur ont des&#8230; <a class=\"view-article\" href=\"https:\/\/www.mobilimariani.com\/fr\/lema-buffet-conchiglia\/\">Voir l&#8217;article<\/a>","protected":false},"author":1,"featured_media":0,"comment_status":"closed","ping_status":"closed","sticky":false,"template":"","format":"standard","meta":[],"categories":[1,9,6],"tags":[],"yoast_head":"<!-- This site is optimized with the Yoast SEO plugin v16.2 - https:\/\/yoast.com\/wordpress\/plugins\/seo\/ -->\n<meta name=\"description\" content=\"LEMA BUFFET CONCHIGLIA - Studiocharlie Inspir\u00e9 aux proportions naturelles des spirales, le dessin des portes de ce buffet joue avec le module du carr\u00e9,\" \/>\n<meta name=\"robots\" content=\"index, follow, max-snippet:-1, max-image-preview:large, max-video-preview:-1\" \/>\n<link rel=\"canonical\" href=\"https:\/\/www.mobilimariani.com\/fr\/lema-buffet-conchiglia\/\" \/>\n<meta property=\"og:locale\" content=\"fr_FR\" \/>\n<meta property=\"og:type\" content=\"article\" \/>\n<meta property=\"og:title\" content=\"LEMA BUFFET CONCHIGLIA | Mobili Mariani\" \/>\n<meta property=\"og:description\" content=\"LEMA BUFFET CONCHIGLIA - Studiocharlie Inspir\u00e9 aux proportions naturelles des spirales, le dessin des portes de ce buffet joue avec le module du carr\u00e9,\" \/>\n<meta property=\"og:url\" content=\"https:\/\/www.mobilimariani.com\/fr\/lema-buffet-conchiglia\/\" \/>\n<meta property=\"og:site_name\" content=\"Mobili Mariani\" \/>\n<meta property=\"article:published_time\" content=\"2017-07-25T18:37:01+00:00\" \/>\n<meta property=\"article:modified_time\" content=\"2020-10-04T18:13:11+00:00\" \/>\n<meta name=\"twitter:label1\" content=\"Est. reading time\">\n\t<meta name=\"twitter:data1\" content=\"1 minute\">\n<script type=\"application\/ld+json\" class=\"yoast-schema-graph\">{\"@context\":\"https:\/\/schema.org\",\"@graph\":[{\"@type\":\"Organization\",\"@id\":\"https:\/\/www.mobilimariani.com\/#organization\",\"name\":\"Mobili Mariani\",\"url\":\"https:\/\/www.mobilimariani.com\/\",\"sameAs\":[],\"logo\":{\"@type\":\"ImageObject\",\"@id\":\"https:\/\/www.mobilimariani.com\/#logo\",\"inLanguage\":\"fr-CH\",\"url\":\"https:\/\/www.mobilimariani.com\/wp-content\/uploads\/2015\/12\/logo.png\",\"contentUrl\":\"https:\/\/www.mobilimariani.com\/wp-content\/uploads\/2015\/12\/logo.png\",\"width\":160,\"height\":110,\"caption\":\"Mobili Mariani\"},\"image\":{\"@id\":\"https:\/\/www.mobilimariani.com\/#logo\"}},{\"@type\":\"WebSite\",\"@id\":\"https:\/\/www.mobilimariani.com\/#website\",\"url\":\"https:\/\/www.mobilimariani.com\/\",\"name\":\"Mobili Mariani\",\"description\":\"Mobili Italia Svizzera\",\"publisher\":{\"@id\":\"https:\/\/www.mobilimariani.com\/#organization\"},\"potentialAction\":[{\"@type\":\"SearchAction\",\"target\":\"https:\/\/www.mobilimariani.com\/?s={search_term_string}\",\"query-input\":\"required name=search_term_string\"}],\"inLanguage\":\"fr-CH\"},{\"@type\":\"WebPage\",\"@id\":\"https:\/\/www.mobilimariani.com\/fr\/lema-buffet-conchiglia\/#webpage\",\"url\":\"https:\/\/www.mobilimariani.com\/fr\/lema-buffet-conchiglia\/\",\"name\":\"LEMA BUFFET CONCHIGLIA | Mobili Mariani\",\"isPartOf\":{\"@id\":\"https:\/\/www.mobilimariani.com\/#website\"},\"datePublished\":\"2017-07-25T18:37:01+00:00\",\"dateModified\":\"2020-10-04T18:13:11+00:00\",\"description\":\"LEMA BUFFET CONCHIGLIA - Studiocharlie Inspir\\u00e9 aux proportions naturelles des spirales, le dessin des portes de ce buffet joue avec le module du carr\\u00e9,\",\"breadcrumb\":{\"@id\":\"https:\/\/www.mobilimariani.com\/fr\/lema-buffet-conchiglia\/#breadcrumb\"},\"inLanguage\":\"fr-CH\",\"potentialAction\":[{\"@type\":\"ReadAction\",\"target\":[\"https:\/\/www.mobilimariani.com\/fr\/lema-buffet-conchiglia\/\"]}]},{\"@type\":\"BreadcrumbList\",\"@id\":\"https:\/\/www.mobilimariani.com\/fr\/lema-buffet-conchiglia\/#breadcrumb\",\"itemListElement\":[{\"@type\":\"ListItem\",\"position\":1,\"item\":{\"@type\":\"WebPage\",\"@id\":\"https:\/\/www.mobilimariani.com\/\",\"url\":\"https:\/\/www.mobilimariani.com\/\",\"name\":\"Home\"}},{\"@type\":\"ListItem\",\"position\":2,\"item\":{\"@id\":\"https:\/\/www.mobilimariani.com\/fr\/lema-buffet-conchiglia\/#webpage\"}}]},{\"@type\":\"Article\",\"@id\":\"https:\/\/www.mobilimariani.com\/fr\/lema-buffet-conchiglia\/#article\",\"isPartOf\":{\"@id\":\"https:\/\/www.mobilimariani.com\/fr\/lema-buffet-conchiglia\/#webpage\"},\"author\":{\"@id\":\"https:\/\/www.mobilimariani.com\/#\/schema\/person\/4685d9f51269134e53f988c9122315f4\"},\"headline\":\"LEMA BUFFET CONCHIGLIA\",\"datePublished\":\"2017-07-25T18:37:01+00:00\",\"dateModified\":\"2020-10-04T18:13:11+00:00\",\"mainEntityOfPage\":{\"@id\":\"https:\/\/www.mobilimariani.com\/fr\/lema-buffet-conchiglia\/#webpage\"},\"publisher\":{\"@id\":\"https:\/\/www.mobilimariani.com\/#organization\"},\"articleSection\":[\"Catalogue\",\"Placards\",\"Salle jour\"],\"inLanguage\":\"fr-CH\"},{\"@type\":\"Person\",\"@id\":\"https:\/\/www.mobilimariani.com\/#\/schema\/person\/4685d9f51269134e53f988c9122315f4\",\"name\":\"14m4rC008\",\"image\":{\"@type\":\"ImageObject\",\"@id\":\"https:\/\/www.mobilimariani.com\/#personlogo\",\"inLanguage\":\"fr-CH\",\"url\":\"https:\/\/secure.gravatar.com\/avatar\/dfaa6e536fec7030712cf850e9ddef45?s=96&d=mm&r=g\",\"contentUrl\":\"https:\/\/secure.gravatar.com\/avatar\/dfaa6e536fec7030712cf850e9ddef45?s=96&d=mm&r=g\",\"caption\":\"14m4rC008\"}}]}<\/script>\n<!-- \/ Yoast SEO plugin. -->","_links":{"self":[{"href":"https:\/\/www.mobilimariani.com\/fr\/wp-json\/wp\/v2\/posts\/14440"}],"collection":[{"href":"https:\/\/www.mobilimariani.com\/fr\/wp-json\/wp\/v2\/posts"}],"about":[{"href":"https:\/\/www.mobilimariani.com\/fr\/wp-json\/wp\/v2\/types\/post"}],"author":[{"embeddable":true,"href":"https:\/\/www.mobilimariani.com\/fr\/wp-json\/wp\/v2\/users\/1"}],"replies":[{"embeddable":true,"href":"https:\/\/www.mobilimariani.com\/fr\/wp-json\/wp\/v2\/comments?post=14440"}],"version-history":[{"count":2,"href":"https:\/\/www.mobilimariani.com\/fr\/wp-json\/wp\/v2\/posts\/14440\/revisions"}],"predecessor-version":[{"id":25805,"href":"https:\/\/www.mobilimariani.com\/fr\/wp-json\/wp\/v2\/posts\/14440\/revisions\/25805"}],"wp:attachment":[{"href":"https:\/\/www.mobilimariani.com\/fr\/wp-json\/wp\/v2\/media?parent=14440"}],"wp:term":[{"taxonomy":"category","embeddable":true,"href":"https:\/\/www.mobilimariani.com\/fr\/wp-json\/wp\/v2\/categories?post=14440"},{"taxonomy":"post_tag","embeddable":true,"href":"https:\/\/www.mobilimariani.com\/fr\/wp-json\/wp\/v2\/tags?post=14440"}],"curies":[{"name":"wp","href":"https:\/\/api.w.org\/{rel}","templated":true}]}}