{"id":14217,"date":"2017-01-29T17:31:53","date_gmt":"2017-01-29T16:31:53","guid":{"rendered":"https:\/\/www.mobilimariani.com\/?p=14217"},"modified":"2021-02-11T18:48:37","modified_gmt":"2021-02-11T17:48:37","slug":"ozzio-table-transformable-mondial","status":"publish","type":"post","link":"https:\/\/www.mobilimariani.com\/fr\/ozzio-table-transformable-mondial\/","title":{"rendered":"OZZIO TABLE TRANSFORMABLE MONDIAL"},"content":{"rendered":"<p>OZZIO TABLE TRANSFORMABLE MONDIAL<\/p>\n<p>Ironie et amusement \u00e0 la base du projet Mondial. Une table basse multifonctionelle \u00e0 hauteur et rangement variables, associ\u00e9s aux chaises pliables avec ouverture \u00e0 livre. Le dessus redouble pour une ambiance d\u00e9jeuner propice \u00e0 toutes les circonstances.<\/p>\n<p>Details tecniques:<\/p>\n<p>Table basse transformable, base en m\u00e9tal, m\u00e9canisme \u00e0 gaz r\u00e9glable en hauteur de cm. 23 \u00e0 cm. 80, dessus en \u00e9cobois redoublable \u00e0 livre en longueur.<\/p>\n<p>Mesures: ferm\u00e9 cm. 65 x 115 x 23 h \/ ouvert cm. 130 x 115 x 80 h<\/p>\n<p>Pour d\u00e9couvrir la marque Ozzio <a href=\"https:\/\/www.mobilimariani.com\/fr\/concessionnaire-ozzio-design-2\/\">cliquez ici<\/a><\/p>\n<p>Pour d\u00e9couvrir le catalogue de toutes nos Tables Transfomable\u00a0<a href=\"https:\/\/www.mobilimariani.com\/fr\/search\/TABLE+TRANSFORMABLE\">cliquez ici<\/a><\/p>\n<p>Pour d\u00e9couvrir le catalogue de toutes nos Tables Basse\u00a0<a href=\"https:\/\/www.mobilimariani.com\/fr\/search\/table+basse\">cliquez ici<\/a><\/p>\n<p>Vous voulez conna\u00eetre notre meilleur prix pour cet article? <a href=\"https:\/\/www.mobilimariani.com\/fr\/contacts\/\">Cliquez ici<\/a> et envoyez-nous la demande<\/p>\n<p>Pour nos clients suisses, il sera d\u00e9duit l\u2019I.V.A. italienne<strong>.<\/strong><\/p>\n<p>Signale le lieu de livraison, nous livrons dans toute l&#8217;Europe et o\u00f9 que tu sois<\/p>\n","protected":false},"excerpt":{"rendered":"OZZIO TABLE TRANSFORMABLE MONDIAL Ironie et amusement \u00e0 la base du projet Mondial. Une table basse multifonctionelle \u00e0 hauteur et rangement variables, associ\u00e9s aux chaises pliables avec ouverture \u00e0 livre. Le dessus redouble pour une ambiance d\u00e9jeuner propice \u00e0 toutes les circonstances. Details tecniques: Table basse transformable, base en m\u00e9tal, m\u00e9canisme \u00e0 gaz r\u00e9glable en&#8230; <a class=\"view-article\" href=\"https:\/\/www.mobilimariani.com\/fr\/ozzio-table-transformable-mondial\/\">Voir l&#8217;article<\/a>","protected":false},"author":1,"featured_media":0,"comment_status":"closed","ping_status":"closed","sticky":false,"template":"","format":"standard","meta":[],"categories":[18,1,6],"tags":[2172,2161,2162],"yoast_head":"<!-- This site is optimized with the Yoast SEO plugin v16.2 - https:\/\/yoast.com\/wordpress\/plugins\/seo\/ -->\n<meta name=\"description\" content=\"OZZIO TABLE TRANSFORMABLE MONDIAL Ironie et amusement \u00e0 la base du projet Mondial. Une table basse multifonctionelle \u00e0 hauteur et rangement variables,\" \/>\n<meta name=\"robots\" content=\"index, follow, max-snippet:-1, max-image-preview:large, max-video-preview:-1\" \/>\n<link rel=\"canonical\" href=\"https:\/\/www.mobilimariani.com\/fr\/ozzio-table-transformable-mondial\/\" \/>\n<meta property=\"og:locale\" content=\"fr_FR\" \/>\n<meta property=\"og:type\" content=\"article\" \/>\n<meta property=\"og:title\" content=\"OZZIO TABLE TRANSFORMABLE MONDIAL | Mobili Mariani\" \/>\n<meta property=\"og:description\" content=\"OZZIO TABLE TRANSFORMABLE MONDIAL Ironie et amusement \u00e0 la base du projet Mondial. Une table basse multifonctionelle \u00e0 hauteur et rangement variables,\" \/>\n<meta property=\"og:url\" content=\"https:\/\/www.mobilimariani.com\/fr\/ozzio-table-transformable-mondial\/\" \/>\n<meta property=\"og:site_name\" content=\"Mobili Mariani\" \/>\n<meta property=\"article:published_time\" content=\"2017-01-29T16:31:53+00:00\" \/>\n<meta property=\"article:modified_time\" content=\"2021-02-11T17:48:37+00:00\" \/>\n<meta name=\"twitter:label1\" content=\"Est. reading time\">\n\t<meta name=\"twitter:data1\" content=\"1 minute\">\n<script type=\"application\/ld+json\" class=\"yoast-schema-graph\">{\"@context\":\"https:\/\/schema.org\",\"@graph\":[{\"@type\":\"Organization\",\"@id\":\"https:\/\/www.mobilimariani.com\/#organization\",\"name\":\"Mobili Mariani\",\"url\":\"https:\/\/www.mobilimariani.com\/\",\"sameAs\":[],\"logo\":{\"@type\":\"ImageObject\",\"@id\":\"https:\/\/www.mobilimariani.com\/#logo\",\"inLanguage\":\"fr-CH\",\"url\":\"https:\/\/www.mobilimariani.com\/wp-content\/uploads\/2015\/12\/logo.png\",\"contentUrl\":\"https:\/\/www.mobilimariani.com\/wp-content\/uploads\/2015\/12\/logo.png\",\"width\":160,\"height\":110,\"caption\":\"Mobili Mariani\"},\"image\":{\"@id\":\"https:\/\/www.mobilimariani.com\/#logo\"}},{\"@type\":\"WebSite\",\"@id\":\"https:\/\/www.mobilimariani.com\/#website\",\"url\":\"https:\/\/www.mobilimariani.com\/\",\"name\":\"Mobili Mariani\",\"description\":\"Mobili Italia Svizzera\",\"publisher\":{\"@id\":\"https:\/\/www.mobilimariani.com\/#organization\"},\"potentialAction\":[{\"@type\":\"SearchAction\",\"target\":\"https:\/\/www.mobilimariani.com\/?s={search_term_string}\",\"query-input\":\"required name=search_term_string\"}],\"inLanguage\":\"fr-CH\"},{\"@type\":\"WebPage\",\"@id\":\"https:\/\/www.mobilimariani.com\/fr\/ozzio-table-transformable-mondial\/#webpage\",\"url\":\"https:\/\/www.mobilimariani.com\/fr\/ozzio-table-transformable-mondial\/\",\"name\":\"OZZIO TABLE TRANSFORMABLE MONDIAL | Mobili Mariani\",\"isPartOf\":{\"@id\":\"https:\/\/www.mobilimariani.com\/#website\"},\"datePublished\":\"2017-01-29T16:31:53+00:00\",\"dateModified\":\"2021-02-11T17:48:37+00:00\",\"description\":\"OZZIO TABLE TRANSFORMABLE MONDIAL Ironie et amusement \\u00e0 la base du projet Mondial. Une table basse multifonctionelle \\u00e0 hauteur et rangement variables,\",\"breadcrumb\":{\"@id\":\"https:\/\/www.mobilimariani.com\/fr\/ozzio-table-transformable-mondial\/#breadcrumb\"},\"inLanguage\":\"fr-CH\",\"potentialAction\":[{\"@type\":\"ReadAction\",\"target\":[\"https:\/\/www.mobilimariani.com\/fr\/ozzio-table-transformable-mondial\/\"]}]},{\"@type\":\"BreadcrumbList\",\"@id\":\"https:\/\/www.mobilimariani.com\/fr\/ozzio-table-transformable-mondial\/#breadcrumb\",\"itemListElement\":[{\"@type\":\"ListItem\",\"position\":1,\"item\":{\"@type\":\"WebPage\",\"@id\":\"https:\/\/www.mobilimariani.com\/\",\"url\":\"https:\/\/www.mobilimariani.com\/\",\"name\":\"Home\"}},{\"@type\":\"ListItem\",\"position\":2,\"item\":{\"@id\":\"https:\/\/www.mobilimariani.com\/fr\/ozzio-table-transformable-mondial\/#webpage\"}}]},{\"@type\":\"Article\",\"@id\":\"https:\/\/www.mobilimariani.com\/fr\/ozzio-table-transformable-mondial\/#article\",\"isPartOf\":{\"@id\":\"https:\/\/www.mobilimariani.com\/fr\/ozzio-table-transformable-mondial\/#webpage\"},\"author\":{\"@id\":\"https:\/\/www.mobilimariani.com\/#\/schema\/person\/4685d9f51269134e53f988c9122315f4\"},\"headline\":\"OZZIO TABLE TRANSFORMABLE MONDIAL\",\"datePublished\":\"2017-01-29T16:31:53+00:00\",\"dateModified\":\"2021-02-11T17:48:37+00:00\",\"mainEntityOfPage\":{\"@id\":\"https:\/\/www.mobilimariani.com\/fr\/ozzio-table-transformable-mondial\/#webpage\"},\"publisher\":{\"@id\":\"https:\/\/www.mobilimariani.com\/#organization\"},\"keywords\":[\"Italienne tables de conception transformables\",\"tables de design italien\",\"tables italiens basses design\"],\"articleSection\":[\"Autre\",\"Catalogue\",\"Salle jour\"],\"inLanguage\":\"fr-CH\"},{\"@type\":\"Person\",\"@id\":\"https:\/\/www.mobilimariani.com\/#\/schema\/person\/4685d9f51269134e53f988c9122315f4\",\"name\":\"14m4rC008\",\"image\":{\"@type\":\"ImageObject\",\"@id\":\"https:\/\/www.mobilimariani.com\/#personlogo\",\"inLanguage\":\"fr-CH\",\"url\":\"https:\/\/secure.gravatar.com\/avatar\/dfaa6e536fec7030712cf850e9ddef45?s=96&d=mm&r=g\",\"contentUrl\":\"https:\/\/secure.gravatar.com\/avatar\/dfaa6e536fec7030712cf850e9ddef45?s=96&d=mm&r=g\",\"caption\":\"14m4rC008\"}}]}<\/script>\n<!-- \/ Yoast SEO plugin. -->","_links":{"self":[{"href":"https:\/\/www.mobilimariani.com\/fr\/wp-json\/wp\/v2\/posts\/14217"}],"collection":[{"href":"https:\/\/www.mobilimariani.com\/fr\/wp-json\/wp\/v2\/posts"}],"about":[{"href":"https:\/\/www.mobilimariani.com\/fr\/wp-json\/wp\/v2\/types\/post"}],"author":[{"embeddable":true,"href":"https:\/\/www.mobilimariani.com\/fr\/wp-json\/wp\/v2\/users\/1"}],"replies":[{"embeddable":true,"href":"https:\/\/www.mobilimariani.com\/fr\/wp-json\/wp\/v2\/comments?post=14217"}],"version-history":[{"count":4,"href":"https:\/\/www.mobilimariani.com\/fr\/wp-json\/wp\/v2\/posts\/14217\/revisions"}],"predecessor-version":[{"id":26490,"href":"https:\/\/www.mobilimariani.com\/fr\/wp-json\/wp\/v2\/posts\/14217\/revisions\/26490"}],"wp:attachment":[{"href":"https:\/\/www.mobilimariani.com\/fr\/wp-json\/wp\/v2\/media?parent=14217"}],"wp:term":[{"taxonomy":"category","embeddable":true,"href":"https:\/\/www.mobilimariani.com\/fr\/wp-json\/wp\/v2\/categories?post=14217"},{"taxonomy":"post_tag","embeddable":true,"href":"https:\/\/www.mobilimariani.com\/fr\/wp-json\/wp\/v2\/tags?post=14217"}],"curies":[{"name":"wp","href":"https:\/\/api.w.org\/{rel}","templated":true}]}}