{"id":14115,"date":"2017-01-29T11:18:54","date_gmt":"2017-01-29T10:18:54","guid":{"rendered":"https:\/\/www.mobilimariani.com\/?p=14115"},"modified":"2018-02-03T19:25:22","modified_gmt":"2018-02-03T18:25:22","slug":"saba-tissus-de-revetement","status":"publish","type":"post","link":"https:\/\/www.mobilimariani.com\/fr\/saba-tissus-de-revetement\/","title":{"rendered":"SABA TISSUS DE REVETEMENT"},"content":{"rendered":"<p>SABA TISSUS DE REVETEMENT<\/p>\n<p>Celui de Saba est un design &#8220;sur mesure&#8221;. Saba met a disposition du public diff\u00e9rents languages est\u00e9tiques et offre comme valeur ajout\u00e9e la possibilit\u00e9 de choisir dans un \u00e9chantillonage textile vaste et recherch\u00e9, donant le moyen au Client final de personaliser au maximum son choix. La collection Saba appuie ses bases sur un design fonctionel et moderne, mais est aussi un v\u00e8tement qui habille la maison des d\u00e9sirs de celui qui y habite.<\/p>\n<p>Pour d\u00e9couvrir les canap\u00e9s \u00e0 recouvrir<a href=\"https:\/\/www.mobilimariani.com\/fr\/search\/SABA\"> cliquez ici<\/a><\/p>\n<p>Pour d\u00e9couvrir la marque Saba <a href=\"https:\/\/www.mobilimariani.com\/fr\/concessionnaire-saba\/\">cliquez ici<\/a><\/p>\n<p><strong>Pour nos clients suisses, il sera d\u00e9duit l\u2019I.V.A. italienne de la valeur\u00a0de 22%.<\/strong><\/p>\n","protected":false},"excerpt":{"rendered":"SABA TISSUS DE REVETEMENT Celui de Saba est un design &#8220;sur mesure&#8221;. Saba met a disposition du public diff\u00e9rents languages est\u00e9tiques et offre comme valeur ajout\u00e9e la possibilit\u00e9 de choisir dans un \u00e9chantillonage textile vaste et recherch\u00e9, donant le moyen au Client final de personaliser au maximum son choix. La collection Saba appuie ses bases&#8230; <a class=\"view-article\" href=\"https:\/\/www.mobilimariani.com\/fr\/saba-tissus-de-revetement\/\">Voir l&#8217;article<\/a>","protected":false},"author":1,"featured_media":0,"comment_status":"closed","ping_status":"closed","sticky":false,"template":"","format":"standard","meta":[],"categories":[1,7,32,6],"tags":[2153,2154,2155],"yoast_head":"<!-- This site is optimized with the Yoast SEO plugin v16.2 - https:\/\/yoast.com\/wordpress\/plugins\/seo\/ -->\n<meta name=\"description\" content=\"SABA TISSUS DE REVETEMENT Celui de Saba est un design &quot;sur mesure&quot;. Saba met a disposition du public diff\u00e9rents languages est\u00e9tiques et offre comme valeur\" \/>\n<meta name=\"robots\" content=\"index, follow, max-snippet:-1, max-image-preview:large, max-video-preview:-1\" \/>\n<link rel=\"canonical\" href=\"https:\/\/www.mobilimariani.com\/fr\/saba-tissus-de-revetement\/\" \/>\n<meta property=\"og:locale\" content=\"fr_FR\" \/>\n<meta property=\"og:type\" content=\"article\" \/>\n<meta property=\"og:title\" content=\"SABA TISSUS DE REVETEMENT | Mobili Mariani\" \/>\n<meta property=\"og:description\" content=\"SABA TISSUS DE REVETEMENT Celui de Saba est un design &quot;sur mesure&quot;. Saba met a disposition du public diff\u00e9rents languages est\u00e9tiques et offre comme valeur\" \/>\n<meta property=\"og:url\" content=\"https:\/\/www.mobilimariani.com\/fr\/saba-tissus-de-revetement\/\" \/>\n<meta property=\"og:site_name\" content=\"Mobili Mariani\" \/>\n<meta property=\"article:published_time\" content=\"2017-01-29T10:18:54+00:00\" \/>\n<meta property=\"article:modified_time\" content=\"2018-02-03T18:25:22+00:00\" \/>\n<meta name=\"twitter:label1\" content=\"Est. reading time\">\n\t<meta name=\"twitter:data1\" content=\"1 minute\">\n<script type=\"application\/ld+json\" class=\"yoast-schema-graph\">{\"@context\":\"https:\/\/schema.org\",\"@graph\":[{\"@type\":\"Organization\",\"@id\":\"https:\/\/www.mobilimariani.com\/#organization\",\"name\":\"Mobili Mariani\",\"url\":\"https:\/\/www.mobilimariani.com\/\",\"sameAs\":[],\"logo\":{\"@type\":\"ImageObject\",\"@id\":\"https:\/\/www.mobilimariani.com\/#logo\",\"inLanguage\":\"fr-CH\",\"url\":\"https:\/\/www.mobilimariani.com\/wp-content\/uploads\/2015\/12\/logo.png\",\"contentUrl\":\"https:\/\/www.mobilimariani.com\/wp-content\/uploads\/2015\/12\/logo.png\",\"width\":160,\"height\":110,\"caption\":\"Mobili Mariani\"},\"image\":{\"@id\":\"https:\/\/www.mobilimariani.com\/#logo\"}},{\"@type\":\"WebSite\",\"@id\":\"https:\/\/www.mobilimariani.com\/#website\",\"url\":\"https:\/\/www.mobilimariani.com\/\",\"name\":\"Mobili Mariani\",\"description\":\"Mobili Italia Svizzera\",\"publisher\":{\"@id\":\"https:\/\/www.mobilimariani.com\/#organization\"},\"potentialAction\":[{\"@type\":\"SearchAction\",\"target\":\"https:\/\/www.mobilimariani.com\/?s={search_term_string}\",\"query-input\":\"required name=search_term_string\"}],\"inLanguage\":\"fr-CH\"},{\"@type\":\"WebPage\",\"@id\":\"https:\/\/www.mobilimariani.com\/fr\/saba-tissus-de-revetement\/#webpage\",\"url\":\"https:\/\/www.mobilimariani.com\/fr\/saba-tissus-de-revetement\/\",\"name\":\"SABA TISSUS DE REVETEMENT | Mobili Mariani\",\"isPartOf\":{\"@id\":\"https:\/\/www.mobilimariani.com\/#website\"},\"datePublished\":\"2017-01-29T10:18:54+00:00\",\"dateModified\":\"2018-02-03T18:25:22+00:00\",\"description\":\"SABA TISSUS DE REVETEMENT Celui de Saba est un design \\\"sur mesure\\\". Saba met a disposition du public diff\\u00e9rents languages est\\u00e9tiques et offre comme valeur\",\"breadcrumb\":{\"@id\":\"https:\/\/www.mobilimariani.com\/fr\/saba-tissus-de-revetement\/#breadcrumb\"},\"inLanguage\":\"fr-CH\",\"potentialAction\":[{\"@type\":\"ReadAction\",\"target\":[\"https:\/\/www.mobilimariani.com\/fr\/saba-tissus-de-revetement\/\"]}]},{\"@type\":\"BreadcrumbList\",\"@id\":\"https:\/\/www.mobilimariani.com\/fr\/saba-tissus-de-revetement\/#breadcrumb\",\"itemListElement\":[{\"@type\":\"ListItem\",\"position\":1,\"item\":{\"@type\":\"WebPage\",\"@id\":\"https:\/\/www.mobilimariani.com\/\",\"url\":\"https:\/\/www.mobilimariani.com\/\",\"name\":\"Home\"}},{\"@type\":\"ListItem\",\"position\":2,\"item\":{\"@id\":\"https:\/\/www.mobilimariani.com\/fr\/saba-tissus-de-revetement\/#webpage\"}}]},{\"@type\":\"Article\",\"@id\":\"https:\/\/www.mobilimariani.com\/fr\/saba-tissus-de-revetement\/#article\",\"isPartOf\":{\"@id\":\"https:\/\/www.mobilimariani.com\/fr\/saba-tissus-de-revetement\/#webpage\"},\"author\":{\"@id\":\"https:\/\/www.mobilimariani.com\/#\/schema\/person\/4685d9f51269134e53f988c9122315f4\"},\"headline\":\"SABA TISSUS DE REVETEMENT\",\"datePublished\":\"2017-01-29T10:18:54+00:00\",\"dateModified\":\"2018-02-03T18:25:22+00:00\",\"mainEntityOfPage\":{\"@id\":\"https:\/\/www.mobilimariani.com\/fr\/saba-tissus-de-revetement\/#webpage\"},\"publisher\":{\"@id\":\"https:\/\/www.mobilimariani.com\/#organization\"},\"keywords\":[\"canap\\u00e9s angulaires design\",\"canap\\u00e9s design italien\",\"fauteuils design\"],\"articleSection\":[\"Catalogue\",\"Sofa\",\"Fauteuils\",\"Salle jour\"],\"inLanguage\":\"fr-CH\"},{\"@type\":\"Person\",\"@id\":\"https:\/\/www.mobilimariani.com\/#\/schema\/person\/4685d9f51269134e53f988c9122315f4\",\"name\":\"14m4rC008\",\"image\":{\"@type\":\"ImageObject\",\"@id\":\"https:\/\/www.mobilimariani.com\/#personlogo\",\"inLanguage\":\"fr-CH\",\"url\":\"https:\/\/secure.gravatar.com\/avatar\/dfaa6e536fec7030712cf850e9ddef45?s=96&d=mm&r=g\",\"contentUrl\":\"https:\/\/secure.gravatar.com\/avatar\/dfaa6e536fec7030712cf850e9ddef45?s=96&d=mm&r=g\",\"caption\":\"14m4rC008\"}}]}<\/script>\n<!-- \/ Yoast SEO plugin. -->","_links":{"self":[{"href":"https:\/\/www.mobilimariani.com\/fr\/wp-json\/wp\/v2\/posts\/14115"}],"collection":[{"href":"https:\/\/www.mobilimariani.com\/fr\/wp-json\/wp\/v2\/posts"}],"about":[{"href":"https:\/\/www.mobilimariani.com\/fr\/wp-json\/wp\/v2\/types\/post"}],"author":[{"embeddable":true,"href":"https:\/\/www.mobilimariani.com\/fr\/wp-json\/wp\/v2\/users\/1"}],"replies":[{"embeddable":true,"href":"https:\/\/www.mobilimariani.com\/fr\/wp-json\/wp\/v2\/comments?post=14115"}],"version-history":[{"count":4,"href":"https:\/\/www.mobilimariani.com\/fr\/wp-json\/wp\/v2\/posts\/14115\/revisions"}],"predecessor-version":[{"id":15381,"href":"https:\/\/www.mobilimariani.com\/fr\/wp-json\/wp\/v2\/posts\/14115\/revisions\/15381"}],"wp:attachment":[{"href":"https:\/\/www.mobilimariani.com\/fr\/wp-json\/wp\/v2\/media?parent=14115"}],"wp:term":[{"taxonomy":"category","embeddable":true,"href":"https:\/\/www.mobilimariani.com\/fr\/wp-json\/wp\/v2\/categories?post=14115"},{"taxonomy":"post_tag","embeddable":true,"href":"https:\/\/www.mobilimariani.com\/fr\/wp-json\/wp\/v2\/tags?post=14115"}],"curies":[{"name":"wp","href":"https:\/\/api.w.org\/{rel}","templated":true}]}}