{"id":13845,"date":"2019-08-23T16:07:56","date_gmt":"2019-08-23T14:07:56","guid":{"rendered":"https:\/\/www.mobilimariani.com\/?p=13845"},"modified":"2020-10-04T19:44:04","modified_gmt":"2020-10-04T17:44:04","slug":"lema-buffet-rainbow","status":"publish","type":"post","link":"https:\/\/www.mobilimariani.com\/fr\/lema-buffet-rainbow\/","title":{"rendered":"LEMA BUFFET RAINBOW"},"content":{"rendered":"<p>LEMA BUFFET RAINBOW de Roberto Lazzeroni<\/p>\n<p>Madia dot\u00e9e de finitions et d&#8217;\u00e9laborations de haute qualit\u00e9. Un soin particulier est d\u00e9di\u00e9 aux d\u00e9tails; significative et utile l&#8217;ouverture \u00e0 180\u00b0 des portes; attrayante la proposition cromatique de la fa\u00e7ade. Disponible en deux variantes cromatiques: Avio, Sable, Cacao, Caf\u00e9 et graphite, la premi\u00e8re; en tons neutres Papier, Fum\u00e9e, et ponce la seconde. Pour ceux qui privil\u00e8gent la teinte unie le choix est dans les couleurs opaques Lemacolortrend.<\/p>\n<p>Pour d\u00e9couvrir la marque\u00a0Lema\u00a0<a href=\"https:\/\/www.mobilimariani.com\/fr\/concessionaire-lema\/\">cliquez ici<\/a><\/p>\n<p>Pour d\u00e9couvrir le catalogue de toutes nos placards\u00a0<a href=\"https:\/\/www.mobilimariani.com\/fr\/catalogue\/surface\/croyances\/\">cliquez ici<\/a><\/p>\n<p>Vous voulez conna\u00eetre notre meilleur prix pour cet article?\u00a0<a href=\"https:\/\/www.mobilimariani.com\/fr\/contacts\/\">Cliquez ici<\/a> et envoyez-nous la demande<\/p>\n<p>Pour nos clients suisses, il sera d\u00e9duit l\u2019I.V.A. italienne<\/p>\n<p>Signale le lieu de livraison et si le montage est n\u00e9c\u00e9ssaire.<\/p>\n<p>Nous livrons dans toute l\u2019Europe et o\u00f9 que tu sois<\/p>\n","protected":false},"excerpt":{"rendered":"LEMA BUFFET RAINBOW de Roberto Lazzeroni Madia dot\u00e9e de finitions et d&#8217;\u00e9laborations de haute qualit\u00e9. Un soin particulier est d\u00e9di\u00e9 aux d\u00e9tails; significative et utile l&#8217;ouverture \u00e0 180\u00b0 des portes; attrayante la proposition cromatique de la fa\u00e7ade. Disponible en deux variantes cromatiques: Avio, Sable, Cacao, Caf\u00e9 et graphite, la premi\u00e8re; en tons neutres Papier, Fum\u00e9e,&#8230; <a class=\"view-article\" href=\"https:\/\/www.mobilimariani.com\/fr\/lema-buffet-rainbow\/\">Voir l&#8217;article<\/a>","protected":false},"author":1,"featured_media":11578,"comment_status":"closed","ping_status":"closed","sticky":false,"template":"","format":"standard","meta":[],"categories":[1,9,6],"tags":[],"yoast_head":"<!-- This site is optimized with the Yoast SEO plugin v16.2 - https:\/\/yoast.com\/wordpress\/plugins\/seo\/ -->\n<meta name=\"description\" content=\"LEMA BUFFET RAINBOW de Roberto Lazzeroni Madia dot\u00e9e de finitions et d&#039;\u00e9laborations de haute qualit\u00e9. Un soin particulier est d\u00e9di\u00e9 aux d\u00e9tails;\" \/>\n<meta name=\"robots\" content=\"index, follow, max-snippet:-1, max-image-preview:large, max-video-preview:-1\" \/>\n<link rel=\"canonical\" href=\"https:\/\/www.mobilimariani.com\/fr\/lema-buffet-rainbow\/\" \/>\n<meta property=\"og:locale\" content=\"fr_FR\" \/>\n<meta property=\"og:type\" content=\"article\" \/>\n<meta property=\"og:title\" content=\"LEMA BUFFET RAINBOW | Mobili Mariani\" \/>\n<meta property=\"og:description\" content=\"LEMA BUFFET RAINBOW de Roberto Lazzeroni Madia dot\u00e9e de finitions et d&#039;\u00e9laborations de haute qualit\u00e9. Un soin particulier est d\u00e9di\u00e9 aux d\u00e9tails;\" \/>\n<meta property=\"og:url\" content=\"https:\/\/www.mobilimariani.com\/fr\/lema-buffet-rainbow\/\" \/>\n<meta property=\"og:site_name\" content=\"Mobili Mariani\" \/>\n<meta property=\"article:published_time\" content=\"2019-08-23T14:07:56+00:00\" \/>\n<meta property=\"article:modified_time\" content=\"2020-10-04T17:44:04+00:00\" \/>\n<meta property=\"og:image\" content=\"https:\/\/www.mobilimariani.com\/wp-content\/uploads\/2016\/09\/1.jpg\" \/>\n\t<meta property=\"og:image:width\" content=\"815\" \/>\n\t<meta property=\"og:image:height\" content=\"704\" \/>\n<meta name=\"twitter:label1\" content=\"Est. reading time\">\n\t<meta name=\"twitter:data1\" content=\"1 minute\">\n<script type=\"application\/ld+json\" class=\"yoast-schema-graph\">{\"@context\":\"https:\/\/schema.org\",\"@graph\":[{\"@type\":\"Organization\",\"@id\":\"https:\/\/www.mobilimariani.com\/#organization\",\"name\":\"Mobili Mariani\",\"url\":\"https:\/\/www.mobilimariani.com\/\",\"sameAs\":[],\"logo\":{\"@type\":\"ImageObject\",\"@id\":\"https:\/\/www.mobilimariani.com\/#logo\",\"inLanguage\":\"fr-CH\",\"url\":\"https:\/\/www.mobilimariani.com\/wp-content\/uploads\/2015\/12\/logo.png\",\"contentUrl\":\"https:\/\/www.mobilimariani.com\/wp-content\/uploads\/2015\/12\/logo.png\",\"width\":160,\"height\":110,\"caption\":\"Mobili Mariani\"},\"image\":{\"@id\":\"https:\/\/www.mobilimariani.com\/#logo\"}},{\"@type\":\"WebSite\",\"@id\":\"https:\/\/www.mobilimariani.com\/#website\",\"url\":\"https:\/\/www.mobilimariani.com\/\",\"name\":\"Mobili Mariani\",\"description\":\"Mobili Italia Svizzera\",\"publisher\":{\"@id\":\"https:\/\/www.mobilimariani.com\/#organization\"},\"potentialAction\":[{\"@type\":\"SearchAction\",\"target\":\"https:\/\/www.mobilimariani.com\/?s={search_term_string}\",\"query-input\":\"required name=search_term_string\"}],\"inLanguage\":\"fr-CH\"},{\"@type\":\"ImageObject\",\"@id\":\"https:\/\/www.mobilimariani.com\/fr\/lema-buffet-rainbow\/#primaryimage\",\"inLanguage\":\"fr-CH\",\"url\":\"https:\/\/www.mobilimariani.com\/wp-content\/uploads\/2016\/09\/1.jpg\",\"contentUrl\":\"https:\/\/www.mobilimariani.com\/wp-content\/uploads\/2016\/09\/1.jpg\",\"width\":815,\"height\":704,\"caption\":\"LEMA CREDENZA RAINBOW\"},{\"@type\":\"WebPage\",\"@id\":\"https:\/\/www.mobilimariani.com\/fr\/lema-buffet-rainbow\/#webpage\",\"url\":\"https:\/\/www.mobilimariani.com\/fr\/lema-buffet-rainbow\/\",\"name\":\"LEMA BUFFET RAINBOW | Mobili Mariani\",\"isPartOf\":{\"@id\":\"https:\/\/www.mobilimariani.com\/#website\"},\"primaryImageOfPage\":{\"@id\":\"https:\/\/www.mobilimariani.com\/fr\/lema-buffet-rainbow\/#primaryimage\"},\"datePublished\":\"2019-08-23T14:07:56+00:00\",\"dateModified\":\"2020-10-04T17:44:04+00:00\",\"description\":\"LEMA BUFFET RAINBOW de Roberto Lazzeroni Madia dot\\u00e9e de finitions et d'\\u00e9laborations de haute qualit\\u00e9. Un soin particulier est d\\u00e9di\\u00e9 aux d\\u00e9tails;\",\"breadcrumb\":{\"@id\":\"https:\/\/www.mobilimariani.com\/fr\/lema-buffet-rainbow\/#breadcrumb\"},\"inLanguage\":\"fr-CH\",\"potentialAction\":[{\"@type\":\"ReadAction\",\"target\":[\"https:\/\/www.mobilimariani.com\/fr\/lema-buffet-rainbow\/\"]}]},{\"@type\":\"BreadcrumbList\",\"@id\":\"https:\/\/www.mobilimariani.com\/fr\/lema-buffet-rainbow\/#breadcrumb\",\"itemListElement\":[{\"@type\":\"ListItem\",\"position\":1,\"item\":{\"@type\":\"WebPage\",\"@id\":\"https:\/\/www.mobilimariani.com\/\",\"url\":\"https:\/\/www.mobilimariani.com\/\",\"name\":\"Home\"}},{\"@type\":\"ListItem\",\"position\":2,\"item\":{\"@id\":\"https:\/\/www.mobilimariani.com\/fr\/lema-buffet-rainbow\/#webpage\"}}]},{\"@type\":\"Article\",\"@id\":\"https:\/\/www.mobilimariani.com\/fr\/lema-buffet-rainbow\/#article\",\"isPartOf\":{\"@id\":\"https:\/\/www.mobilimariani.com\/fr\/lema-buffet-rainbow\/#webpage\"},\"author\":{\"@id\":\"https:\/\/www.mobilimariani.com\/#\/schema\/person\/4685d9f51269134e53f988c9122315f4\"},\"headline\":\"LEMA BUFFET RAINBOW\",\"datePublished\":\"2019-08-23T14:07:56+00:00\",\"dateModified\":\"2020-10-04T17:44:04+00:00\",\"mainEntityOfPage\":{\"@id\":\"https:\/\/www.mobilimariani.com\/fr\/lema-buffet-rainbow\/#webpage\"},\"publisher\":{\"@id\":\"https:\/\/www.mobilimariani.com\/#organization\"},\"image\":{\"@id\":\"https:\/\/www.mobilimariani.com\/fr\/lema-buffet-rainbow\/#primaryimage\"},\"articleSection\":[\"Catalogue\",\"Placards\",\"Salle jour\"],\"inLanguage\":\"fr-CH\"},{\"@type\":\"Person\",\"@id\":\"https:\/\/www.mobilimariani.com\/#\/schema\/person\/4685d9f51269134e53f988c9122315f4\",\"name\":\"14m4rC008\",\"image\":{\"@type\":\"ImageObject\",\"@id\":\"https:\/\/www.mobilimariani.com\/#personlogo\",\"inLanguage\":\"fr-CH\",\"url\":\"https:\/\/secure.gravatar.com\/avatar\/dfaa6e536fec7030712cf850e9ddef45?s=96&d=mm&r=g\",\"contentUrl\":\"https:\/\/secure.gravatar.com\/avatar\/dfaa6e536fec7030712cf850e9ddef45?s=96&d=mm&r=g\",\"caption\":\"14m4rC008\"}}]}<\/script>\n<!-- \/ Yoast SEO plugin. -->","_links":{"self":[{"href":"https:\/\/www.mobilimariani.com\/fr\/wp-json\/wp\/v2\/posts\/13845"}],"collection":[{"href":"https:\/\/www.mobilimariani.com\/fr\/wp-json\/wp\/v2\/posts"}],"about":[{"href":"https:\/\/www.mobilimariani.com\/fr\/wp-json\/wp\/v2\/types\/post"}],"author":[{"embeddable":true,"href":"https:\/\/www.mobilimariani.com\/fr\/wp-json\/wp\/v2\/users\/1"}],"replies":[{"embeddable":true,"href":"https:\/\/www.mobilimariani.com\/fr\/wp-json\/wp\/v2\/comments?post=13845"}],"version-history":[{"count":2,"href":"https:\/\/www.mobilimariani.com\/fr\/wp-json\/wp\/v2\/posts\/13845\/revisions"}],"predecessor-version":[{"id":25795,"href":"https:\/\/www.mobilimariani.com\/fr\/wp-json\/wp\/v2\/posts\/13845\/revisions\/25795"}],"wp:featuredmedia":[{"embeddable":true,"href":"https:\/\/www.mobilimariani.com\/fr\/wp-json\/wp\/v2\/media\/11578"}],"wp:attachment":[{"href":"https:\/\/www.mobilimariani.com\/fr\/wp-json\/wp\/v2\/media?parent=13845"}],"wp:term":[{"taxonomy":"category","embeddable":true,"href":"https:\/\/www.mobilimariani.com\/fr\/wp-json\/wp\/v2\/categories?post=13845"},{"taxonomy":"post_tag","embeddable":true,"href":"https:\/\/www.mobilimariani.com\/fr\/wp-json\/wp\/v2\/tags?post=13845"}],"curies":[{"name":"wp","href":"https:\/\/api.w.org\/{rel}","templated":true}]}}