{"id":13820,"date":"2017-08-15T16:01:41","date_gmt":"2017-08-15T14:01:41","guid":{"rendered":"https:\/\/www.mobilimariani.com\/?p=13820"},"modified":"2017-08-29T17:24:07","modified_gmt":"2017-08-29T15:24:07","slug":"lema-canape-brick-lane","status":"publish","type":"post","link":"https:\/\/www.mobilimariani.com\/fr\/lema-canape-brick-lane\/","title":{"rendered":"LEMA CANAPE&#8217; BRICK LANE"},"content":{"rendered":"<p>LEMA CANAPE&#8217; BRICK LANE<\/p>\n<p>Formes carr\u00e9es et extra douceur, oppos\u00e9s qui s&#8217;attirent, pour le canap\u00e9 avec base raz-du-sol Brick Lane de Christophe Pillet, parfait interpr\u00e8te de la philosophie d\u00e9di\u00e9e au relax typique du design made in Lema qui trouve dans le confort et dans la modularit\u00e9 ses caract\u00e8res fondamentaux. Outre \u00e0 la puret\u00e9 des formes, a distinguer cette offre, c&#8217;est le mouvement dans la technologie avanc\u00e9e, savamment dissimul\u00e9 dans les coutures, qui permet l&#8217;inclinaison du dossier et l&#8217;avancement de l&#8217;assise, assurant un confort maximum. Les minutieux travaux de couture combin\u00e9s aux proc\u00e9d\u00e9s industriels \u00e0 l&#8217;avant-guarde, depuis toujours distinctifs de la production Lema.<\/p>\n<p>&nbsp;<\/p>\n<p>&nbsp;<\/p>\n<p>Pour d\u00e9couvrir la marque\u00a0Lema\u00a0<a href=\"https:\/\/www.mobilimariani.com\/fr\/concessionaire-lema\/\">cliquez ici<\/a><\/p>\n<p>Vous voulez conna\u00eetre notre meilleur prix pour cet article?\u00a0<a href=\"https:\/\/www.mobilimariani.com\/fr\/contacts\/\">Cliquez ici<\/a> et envoyez-nous la demande<\/p>\n<p><strong>Pour nos clients suisses, il sera d\u00e9duit l\u2019I.V.A. italienne de la valeur\u00a0de 22%.<\/strong><\/p>\n","protected":false},"excerpt":{"rendered":"LEMA CANAPE&#8217; BRICK LANE Formes carr\u00e9es et extra douceur, oppos\u00e9s qui s&#8217;attirent, pour le canap\u00e9 avec base raz-du-sol Brick Lane de Christophe Pillet, parfait interpr\u00e8te de la philosophie d\u00e9di\u00e9e au relax typique du design made in Lema qui trouve dans le confort et dans la modularit\u00e9 ses caract\u00e8res fondamentaux. Outre \u00e0 la puret\u00e9 des formes,&#8230; <a class=\"view-article\" href=\"https:\/\/www.mobilimariani.com\/fr\/lema-canape-brick-lane\/\">Voir l&#8217;article<\/a>","protected":false},"author":1,"featured_media":11212,"comment_status":"closed","ping_status":"closed","sticky":false,"template":"","format":"standard","meta":[],"categories":[1,7,6],"tags":[],"yoast_head":"<!-- This site is optimized with the Yoast SEO plugin v16.2 - https:\/\/yoast.com\/wordpress\/plugins\/seo\/ -->\n<meta name=\"description\" content=\"LEMA CANAPE&#039; BRICK LANE Formes carr\u00e9es et extra douceur, oppos\u00e9s qui s&#039;attirent, pour le canap\u00e9 avec base raz-du-sol Brick Lane de Christophe Pillet,\" \/>\n<meta name=\"robots\" content=\"index, follow, max-snippet:-1, max-image-preview:large, max-video-preview:-1\" \/>\n<link rel=\"canonical\" href=\"https:\/\/www.mobilimariani.com\/fr\/lema-canape-brick-lane\/\" \/>\n<meta property=\"og:locale\" content=\"fr_FR\" \/>\n<meta property=\"og:type\" content=\"article\" \/>\n<meta property=\"og:title\" content=\"LEMA CANAPE&#039; BRICK LANE | Mobili Mariani\" \/>\n<meta property=\"og:description\" content=\"LEMA CANAPE&#039; BRICK LANE Formes carr\u00e9es et extra douceur, oppos\u00e9s qui s&#039;attirent, pour le canap\u00e9 avec base raz-du-sol Brick Lane de Christophe Pillet,\" \/>\n<meta property=\"og:url\" content=\"https:\/\/www.mobilimariani.com\/fr\/lema-canape-brick-lane\/\" \/>\n<meta property=\"og:site_name\" content=\"Mobili Mariani\" \/>\n<meta property=\"article:published_time\" content=\"2017-08-15T14:01:41+00:00\" \/>\n<meta property=\"article:modified_time\" content=\"2017-08-29T15:24:07+00:00\" \/>\n<meta property=\"og:image\" content=\"https:\/\/www.mobilimariani.com\/wp-content\/uploads\/2016\/05\/150.jpg\" \/>\n\t<meta property=\"og:image:width\" content=\"939\" \/>\n\t<meta property=\"og:image:height\" content=\"562\" \/>\n<meta name=\"twitter:label1\" content=\"Est. reading time\">\n\t<meta name=\"twitter:data1\" content=\"1 minute\">\n<script type=\"application\/ld+json\" class=\"yoast-schema-graph\">{\"@context\":\"https:\/\/schema.org\",\"@graph\":[{\"@type\":\"Organization\",\"@id\":\"https:\/\/www.mobilimariani.com\/#organization\",\"name\":\"Mobili Mariani\",\"url\":\"https:\/\/www.mobilimariani.com\/\",\"sameAs\":[],\"logo\":{\"@type\":\"ImageObject\",\"@id\":\"https:\/\/www.mobilimariani.com\/#logo\",\"inLanguage\":\"fr-CH\",\"url\":\"https:\/\/www.mobilimariani.com\/wp-content\/uploads\/2015\/12\/logo.png\",\"contentUrl\":\"https:\/\/www.mobilimariani.com\/wp-content\/uploads\/2015\/12\/logo.png\",\"width\":160,\"height\":110,\"caption\":\"Mobili Mariani\"},\"image\":{\"@id\":\"https:\/\/www.mobilimariani.com\/#logo\"}},{\"@type\":\"WebSite\",\"@id\":\"https:\/\/www.mobilimariani.com\/#website\",\"url\":\"https:\/\/www.mobilimariani.com\/\",\"name\":\"Mobili Mariani\",\"description\":\"Mobili Italia Svizzera\",\"publisher\":{\"@id\":\"https:\/\/www.mobilimariani.com\/#organization\"},\"potentialAction\":[{\"@type\":\"SearchAction\",\"target\":\"https:\/\/www.mobilimariani.com\/?s={search_term_string}\",\"query-input\":\"required name=search_term_string\"}],\"inLanguage\":\"fr-CH\"},{\"@type\":\"ImageObject\",\"@id\":\"https:\/\/www.mobilimariani.com\/fr\/lema-canape-brick-lane\/#primaryimage\",\"inLanguage\":\"fr-CH\",\"url\":\"https:\/\/www.mobilimariani.com\/wp-content\/uploads\/2016\/05\/150.jpg\",\"contentUrl\":\"https:\/\/www.mobilimariani.com\/wp-content\/uploads\/2016\/05\/150.jpg\",\"width\":939,\"height\":562,\"caption\":\"LEMA DIVANO BRICK LANE\"},{\"@type\":\"WebPage\",\"@id\":\"https:\/\/www.mobilimariani.com\/fr\/lema-canape-brick-lane\/#webpage\",\"url\":\"https:\/\/www.mobilimariani.com\/fr\/lema-canape-brick-lane\/\",\"name\":\"LEMA CANAPE' BRICK LANE | Mobili Mariani\",\"isPartOf\":{\"@id\":\"https:\/\/www.mobilimariani.com\/#website\"},\"primaryImageOfPage\":{\"@id\":\"https:\/\/www.mobilimariani.com\/fr\/lema-canape-brick-lane\/#primaryimage\"},\"datePublished\":\"2017-08-15T14:01:41+00:00\",\"dateModified\":\"2017-08-29T15:24:07+00:00\",\"description\":\"LEMA CANAPE' BRICK LANE Formes carr\\u00e9es et extra douceur, oppos\\u00e9s qui s'attirent, pour le canap\\u00e9 avec base raz-du-sol Brick Lane de Christophe Pillet,\",\"breadcrumb\":{\"@id\":\"https:\/\/www.mobilimariani.com\/fr\/lema-canape-brick-lane\/#breadcrumb\"},\"inLanguage\":\"fr-CH\",\"potentialAction\":[{\"@type\":\"ReadAction\",\"target\":[\"https:\/\/www.mobilimariani.com\/fr\/lema-canape-brick-lane\/\"]}]},{\"@type\":\"BreadcrumbList\",\"@id\":\"https:\/\/www.mobilimariani.com\/fr\/lema-canape-brick-lane\/#breadcrumb\",\"itemListElement\":[{\"@type\":\"ListItem\",\"position\":1,\"item\":{\"@type\":\"WebPage\",\"@id\":\"https:\/\/www.mobilimariani.com\/\",\"url\":\"https:\/\/www.mobilimariani.com\/\",\"name\":\"Home\"}},{\"@type\":\"ListItem\",\"position\":2,\"item\":{\"@id\":\"https:\/\/www.mobilimariani.com\/fr\/lema-canape-brick-lane\/#webpage\"}}]},{\"@type\":\"Article\",\"@id\":\"https:\/\/www.mobilimariani.com\/fr\/lema-canape-brick-lane\/#article\",\"isPartOf\":{\"@id\":\"https:\/\/www.mobilimariani.com\/fr\/lema-canape-brick-lane\/#webpage\"},\"author\":{\"@id\":\"https:\/\/www.mobilimariani.com\/#\/schema\/person\/4685d9f51269134e53f988c9122315f4\"},\"headline\":\"LEMA CANAPE&#8217; BRICK LANE\",\"datePublished\":\"2017-08-15T14:01:41+00:00\",\"dateModified\":\"2017-08-29T15:24:07+00:00\",\"mainEntityOfPage\":{\"@id\":\"https:\/\/www.mobilimariani.com\/fr\/lema-canape-brick-lane\/#webpage\"},\"publisher\":{\"@id\":\"https:\/\/www.mobilimariani.com\/#organization\"},\"image\":{\"@id\":\"https:\/\/www.mobilimariani.com\/fr\/lema-canape-brick-lane\/#primaryimage\"},\"articleSection\":[\"Catalogue\",\"Sofa\",\"Salle jour\"],\"inLanguage\":\"fr-CH\"},{\"@type\":\"Person\",\"@id\":\"https:\/\/www.mobilimariani.com\/#\/schema\/person\/4685d9f51269134e53f988c9122315f4\",\"name\":\"14m4rC008\",\"image\":{\"@type\":\"ImageObject\",\"@id\":\"https:\/\/www.mobilimariani.com\/#personlogo\",\"inLanguage\":\"fr-CH\",\"url\":\"https:\/\/secure.gravatar.com\/avatar\/dfaa6e536fec7030712cf850e9ddef45?s=96&d=mm&r=g\",\"contentUrl\":\"https:\/\/secure.gravatar.com\/avatar\/dfaa6e536fec7030712cf850e9ddef45?s=96&d=mm&r=g\",\"caption\":\"14m4rC008\"}}]}<\/script>\n<!-- \/ Yoast SEO plugin. -->","_links":{"self":[{"href":"https:\/\/www.mobilimariani.com\/fr\/wp-json\/wp\/v2\/posts\/13820"}],"collection":[{"href":"https:\/\/www.mobilimariani.com\/fr\/wp-json\/wp\/v2\/posts"}],"about":[{"href":"https:\/\/www.mobilimariani.com\/fr\/wp-json\/wp\/v2\/types\/post"}],"author":[{"embeddable":true,"href":"https:\/\/www.mobilimariani.com\/fr\/wp-json\/wp\/v2\/users\/1"}],"replies":[{"embeddable":true,"href":"https:\/\/www.mobilimariani.com\/fr\/wp-json\/wp\/v2\/comments?post=13820"}],"version-history":[{"count":1,"href":"https:\/\/www.mobilimariani.com\/fr\/wp-json\/wp\/v2\/posts\/13820\/revisions"}],"predecessor-version":[{"id":13821,"href":"https:\/\/www.mobilimariani.com\/fr\/wp-json\/wp\/v2\/posts\/13820\/revisions\/13821"}],"wp:featuredmedia":[{"embeddable":true,"href":"https:\/\/www.mobilimariani.com\/fr\/wp-json\/wp\/v2\/media\/11212"}],"wp:attachment":[{"href":"https:\/\/www.mobilimariani.com\/fr\/wp-json\/wp\/v2\/media?parent=13820"}],"wp:term":[{"taxonomy":"category","embeddable":true,"href":"https:\/\/www.mobilimariani.com\/fr\/wp-json\/wp\/v2\/categories?post=13820"},{"taxonomy":"post_tag","embeddable":true,"href":"https:\/\/www.mobilimariani.com\/fr\/wp-json\/wp\/v2\/tags?post=13820"}],"curies":[{"name":"wp","href":"https:\/\/api.w.org\/{rel}","templated":true}]}}