{"id":13805,"date":"2016-12-28T15:50:40","date_gmt":"2016-12-28T14:50:40","guid":{"rendered":"https:\/\/www.mobilimariani.com\/?p=13805"},"modified":"2020-07-23T12:31:40","modified_gmt":"2020-07-23T10:31:40","slug":"lema-canape-yard","status":"publish","type":"post","link":"https:\/\/www.mobilimariani.com\/fr\/lema-canape-yard\/","title":{"rendered":"LEMA CANAPE&#8217; YARD"},"content":{"rendered":"<p><span style=\"line-height: 1.5;\">LEMA CANAPE&#8217; YARD<\/span><\/p>\n<p><span style=\"line-height: 1.5;\">Yard, de Francesco Rota, est un projet ambitieux qui pense le canap\u00e9 comme espace multifonctionnel, o\u00f9 au confort des volumes rembour\u00e9s, sont int\u00e9gr\u00e9es des surfaces d&#8217;appui, \u00e9tag\u00e8res, espaces de rangement. L&#8217;est\u00e9tique de Yard se joue sur le subtil \u00e9quilibre entre les lignes douces et l&#8217;ame g\u00e9ometrique, obtenue par des \u00e9l\u00e9ments en harmonieux contraste comme les dimensions g\u00e9n\u00e9reuses, les formes arrondies, les grands coussins parall\u00e9l\u00e9pip\u00e8des pos\u00e9s sur la structure \u00e0 vue. Cette derni\u00e8re, r\u00e9alis\u00e9e en metal rev\u00e8tu en tissu et soutenue per des pieds joint\u00e9s grace \u00e0 des crochets \u00e0 section triangulaire, cr\u00e9e l&#8217;appui pour les coussins, les accoudoirs, \u00e9tag\u00e8res, tables basses, espaces de rangement et meme pour une petite librerie suspendue. Meme les materiaux utilis\u00e9s pour le confort, polyurethanne et plumes, \u00e9quilibrent les proportions entre la part rigide et celle moelleuse.<\/span><\/p>\n<p>&nbsp;<\/p>\n<p>Pour d\u00e9couvrir la marque\u00a0Lema\u00a0<a href=\"https:\/\/www.mobilimariani.com\/fr\/concessionaire-lema\/\">cliquez ici<\/a><\/p>\n<p>Vous voulez conna\u00eetre notre meilleur prix pour cet article?\u00a0<a href=\"https:\/\/www.mobilimariani.com\/fr\/contacts\/\">Cliquez ici<\/a> et envoyez-nous la demande<\/p>\n<p><strong>Pour nos clients suisses, il sera d\u00e9duit l\u2019I.V.A. italienne de la valeur\u00a0de 22%.<\/strong><\/p>\n","protected":false},"excerpt":{"rendered":"LEMA CANAPE&#8217; YARD Yard, de Francesco Rota, est un projet ambitieux qui pense le canap\u00e9 comme espace multifonctionnel, o\u00f9 au confort des volumes rembour\u00e9s, sont int\u00e9gr\u00e9es des surfaces d&#8217;appui, \u00e9tag\u00e8res, espaces de rangement. L&#8217;est\u00e9tique de Yard se joue sur le subtil \u00e9quilibre entre les lignes douces et l&#8217;ame g\u00e9ometrique, obtenue par des \u00e9l\u00e9ments en harmonieux&#8230; <a class=\"view-article\" href=\"https:\/\/www.mobilimariani.com\/fr\/lema-canape-yard\/\">Voir l&#8217;article<\/a>","protected":false},"author":1,"featured_media":10880,"comment_status":"closed","ping_status":"closed","sticky":false,"template":"","format":"standard","meta":[],"categories":[18,1,7,6],"tags":[],"yoast_head":"<!-- This site is optimized with the Yoast SEO plugin v16.2 - https:\/\/yoast.com\/wordpress\/plugins\/seo\/ -->\n<meta name=\"description\" content=\"LEMA CANAPE&#039; YARD Yard, de Francesco Rota, est un projet ambitieux qui pense le canap\u00e9 comme espace multifonctionnel, o\u00f9 au confort des volumes rembour\u00e9s,\" \/>\n<meta name=\"robots\" content=\"index, follow, max-snippet:-1, max-image-preview:large, max-video-preview:-1\" \/>\n<link rel=\"canonical\" href=\"https:\/\/www.mobilimariani.com\/fr\/lema-canape-yard\/\" \/>\n<meta property=\"og:locale\" content=\"fr_FR\" \/>\n<meta property=\"og:type\" content=\"article\" \/>\n<meta property=\"og:title\" content=\"LEMA CANAPE&#039; YARD | Mobili Mariani\" \/>\n<meta property=\"og:description\" content=\"LEMA CANAPE&#039; YARD Yard, de Francesco Rota, est un projet ambitieux qui pense le canap\u00e9 comme espace multifonctionnel, o\u00f9 au confort des volumes rembour\u00e9s,\" \/>\n<meta property=\"og:url\" content=\"https:\/\/www.mobilimariani.com\/fr\/lema-canape-yard\/\" \/>\n<meta property=\"og:site_name\" content=\"Mobili Mariani\" \/>\n<meta property=\"article:published_time\" content=\"2016-12-28T14:50:40+00:00\" \/>\n<meta property=\"article:modified_time\" content=\"2020-07-23T10:31:40+00:00\" \/>\n<meta property=\"og:image\" content=\"https:\/\/www.mobilimariani.com\/wp-content\/uploads\/2016\/05\/127.jpg\" \/>\n\t<meta property=\"og:image:width\" content=\"945\" \/>\n\t<meta property=\"og:image:height\" content=\"550\" \/>\n<meta name=\"twitter:label1\" content=\"Est. reading time\">\n\t<meta name=\"twitter:data1\" content=\"1 minute\">\n<script type=\"application\/ld+json\" class=\"yoast-schema-graph\">{\"@context\":\"https:\/\/schema.org\",\"@graph\":[{\"@type\":\"Organization\",\"@id\":\"https:\/\/www.mobilimariani.com\/#organization\",\"name\":\"Mobili Mariani\",\"url\":\"https:\/\/www.mobilimariani.com\/\",\"sameAs\":[],\"logo\":{\"@type\":\"ImageObject\",\"@id\":\"https:\/\/www.mobilimariani.com\/#logo\",\"inLanguage\":\"fr-CH\",\"url\":\"https:\/\/www.mobilimariani.com\/wp-content\/uploads\/2015\/12\/logo.png\",\"contentUrl\":\"https:\/\/www.mobilimariani.com\/wp-content\/uploads\/2015\/12\/logo.png\",\"width\":160,\"height\":110,\"caption\":\"Mobili Mariani\"},\"image\":{\"@id\":\"https:\/\/www.mobilimariani.com\/#logo\"}},{\"@type\":\"WebSite\",\"@id\":\"https:\/\/www.mobilimariani.com\/#website\",\"url\":\"https:\/\/www.mobilimariani.com\/\",\"name\":\"Mobili Mariani\",\"description\":\"Mobili Italia Svizzera\",\"publisher\":{\"@id\":\"https:\/\/www.mobilimariani.com\/#organization\"},\"potentialAction\":[{\"@type\":\"SearchAction\",\"target\":\"https:\/\/www.mobilimariani.com\/?s={search_term_string}\",\"query-input\":\"required name=search_term_string\"}],\"inLanguage\":\"fr-CH\"},{\"@type\":\"ImageObject\",\"@id\":\"https:\/\/www.mobilimariani.com\/fr\/lema-canape-yard\/#primaryimage\",\"inLanguage\":\"fr-CH\",\"url\":\"https:\/\/www.mobilimariani.com\/wp-content\/uploads\/2016\/05\/127.jpg\",\"contentUrl\":\"https:\/\/www.mobilimariani.com\/wp-content\/uploads\/2016\/05\/127.jpg\",\"width\":945,\"height\":550,\"caption\":\"LEMA DIVANO YARD\"},{\"@type\":\"WebPage\",\"@id\":\"https:\/\/www.mobilimariani.com\/fr\/lema-canape-yard\/#webpage\",\"url\":\"https:\/\/www.mobilimariani.com\/fr\/lema-canape-yard\/\",\"name\":\"LEMA CANAPE' YARD | Mobili Mariani\",\"isPartOf\":{\"@id\":\"https:\/\/www.mobilimariani.com\/#website\"},\"primaryImageOfPage\":{\"@id\":\"https:\/\/www.mobilimariani.com\/fr\/lema-canape-yard\/#primaryimage\"},\"datePublished\":\"2016-12-28T14:50:40+00:00\",\"dateModified\":\"2020-07-23T10:31:40+00:00\",\"description\":\"LEMA CANAPE' YARD Yard, de Francesco Rota, est un projet ambitieux qui pense le canap\\u00e9 comme espace multifonctionnel, o\\u00f9 au confort des volumes rembour\\u00e9s,\",\"breadcrumb\":{\"@id\":\"https:\/\/www.mobilimariani.com\/fr\/lema-canape-yard\/#breadcrumb\"},\"inLanguage\":\"fr-CH\",\"potentialAction\":[{\"@type\":\"ReadAction\",\"target\":[\"https:\/\/www.mobilimariani.com\/fr\/lema-canape-yard\/\"]}]},{\"@type\":\"BreadcrumbList\",\"@id\":\"https:\/\/www.mobilimariani.com\/fr\/lema-canape-yard\/#breadcrumb\",\"itemListElement\":[{\"@type\":\"ListItem\",\"position\":1,\"item\":{\"@type\":\"WebPage\",\"@id\":\"https:\/\/www.mobilimariani.com\/\",\"url\":\"https:\/\/www.mobilimariani.com\/\",\"name\":\"Home\"}},{\"@type\":\"ListItem\",\"position\":2,\"item\":{\"@id\":\"https:\/\/www.mobilimariani.com\/fr\/lema-canape-yard\/#webpage\"}}]},{\"@type\":\"Article\",\"@id\":\"https:\/\/www.mobilimariani.com\/fr\/lema-canape-yard\/#article\",\"isPartOf\":{\"@id\":\"https:\/\/www.mobilimariani.com\/fr\/lema-canape-yard\/#webpage\"},\"author\":{\"@id\":\"https:\/\/www.mobilimariani.com\/#\/schema\/person\/4685d9f51269134e53f988c9122315f4\"},\"headline\":\"LEMA CANAPE&#8217; YARD\",\"datePublished\":\"2016-12-28T14:50:40+00:00\",\"dateModified\":\"2020-07-23T10:31:40+00:00\",\"mainEntityOfPage\":{\"@id\":\"https:\/\/www.mobilimariani.com\/fr\/lema-canape-yard\/#webpage\"},\"publisher\":{\"@id\":\"https:\/\/www.mobilimariani.com\/#organization\"},\"image\":{\"@id\":\"https:\/\/www.mobilimariani.com\/fr\/lema-canape-yard\/#primaryimage\"},\"articleSection\":[\"Autre\",\"Catalogue\",\"Sofa\",\"Salle jour\"],\"inLanguage\":\"fr-CH\"},{\"@type\":\"Person\",\"@id\":\"https:\/\/www.mobilimariani.com\/#\/schema\/person\/4685d9f51269134e53f988c9122315f4\",\"name\":\"14m4rC008\",\"image\":{\"@type\":\"ImageObject\",\"@id\":\"https:\/\/www.mobilimariani.com\/#personlogo\",\"inLanguage\":\"fr-CH\",\"url\":\"https:\/\/secure.gravatar.com\/avatar\/dfaa6e536fec7030712cf850e9ddef45?s=96&d=mm&r=g\",\"contentUrl\":\"https:\/\/secure.gravatar.com\/avatar\/dfaa6e536fec7030712cf850e9ddef45?s=96&d=mm&r=g\",\"caption\":\"14m4rC008\"}}]}<\/script>\n<!-- \/ Yoast SEO plugin. -->","_links":{"self":[{"href":"https:\/\/www.mobilimariani.com\/fr\/wp-json\/wp\/v2\/posts\/13805"}],"collection":[{"href":"https:\/\/www.mobilimariani.com\/fr\/wp-json\/wp\/v2\/posts"}],"about":[{"href":"https:\/\/www.mobilimariani.com\/fr\/wp-json\/wp\/v2\/types\/post"}],"author":[{"embeddable":true,"href":"https:\/\/www.mobilimariani.com\/fr\/wp-json\/wp\/v2\/users\/1"}],"replies":[{"embeddable":true,"href":"https:\/\/www.mobilimariani.com\/fr\/wp-json\/wp\/v2\/comments?post=13805"}],"version-history":[{"count":2,"href":"https:\/\/www.mobilimariani.com\/fr\/wp-json\/wp\/v2\/posts\/13805\/revisions"}],"predecessor-version":[{"id":13858,"href":"https:\/\/www.mobilimariani.com\/fr\/wp-json\/wp\/v2\/posts\/13805\/revisions\/13858"}],"wp:featuredmedia":[{"embeddable":true,"href":"https:\/\/www.mobilimariani.com\/fr\/wp-json\/wp\/v2\/media\/10880"}],"wp:attachment":[{"href":"https:\/\/www.mobilimariani.com\/fr\/wp-json\/wp\/v2\/media?parent=13805"}],"wp:term":[{"taxonomy":"category","embeddable":true,"href":"https:\/\/www.mobilimariani.com\/fr\/wp-json\/wp\/v2\/categories?post=13805"},{"taxonomy":"post_tag","embeddable":true,"href":"https:\/\/www.mobilimariani.com\/fr\/wp-json\/wp\/v2\/tags?post=13805"}],"curies":[{"name":"wp","href":"https:\/\/api.w.org\/{rel}","templated":true}]}}