{"id":122,"date":"2013-01-02T12:54:25","date_gmt":"2013-01-02T11:54:25","guid":{"rendered":"https:\/\/www.mobilimariani.com\/?p=122"},"modified":"2017-10-14T19:22:02","modified_gmt":"2017-10-14T17:22:02","slug":"canape-en-cuir-baxter-mod-bill","status":"publish","type":"post","link":"https:\/\/www.mobilimariani.com\/fr\/canape-en-cuir-baxter-mod-bill\/","title":{"rendered":"Canap\u00e9 en cuir Baxter mod. Bill"},"content":{"rendered":"<p>Canap\u00e9 en cuir Baxter mod. Bill<\/p>\n<p>cm. 202x103px 81h<br \/>\nCanap\u00e9 en cuir Antique rev\u00eatement Sable, base de ch\u00eane t. weng\u00e9, coussins de dos rembourr\u00e9 de plumes.<\/p>\n<p>Liste des prix \u20ac 7,300.00<\/p>\n<p>Prix escompt\u00e9 \u20ac 2,950.00<\/p>\n<p>Hors transport et c\u00e9der la parole<\/p>\n<p>Pour nos clients suisses, il sera d\u00e9duit l&#8217;IVA italienne \u00e0 hauteur de 22%<\/p>\n","protected":false},"excerpt":{"rendered":"Canap\u00e9 en cuir Baxter mod. Bill cm. 202x103px 81h Canap\u00e9 en cuir Antique rev\u00eatement Sable, base de ch\u00eane t. weng\u00e9, coussins de dos rembourr\u00e9 de plumes. Liste des prix \u20ac 7,300.00 Prix escompt\u00e9 \u20ac 2,950.00 Hors transport et c\u00e9der la parole Pour nos clients suisses, il sera d\u00e9duit l&#8217;IVA italienne \u00e0 hauteur de 22%","protected":false},"author":1,"featured_media":120,"comment_status":"closed","ping_status":"closed","sticky":false,"template":"","format":"standard","meta":[],"categories":[14],"tags":[],"yoast_head":"<!-- This site is optimized with the Yoast SEO plugin v16.2 - https:\/\/yoast.com\/wordpress\/plugins\/seo\/ -->\n<meta name=\"description\" content=\"Canap\u00e9 en cuir Baxter mod. Bill cm. 202x103px 81h Canap\u00e9 en cuir Antique rev\u00eatement Sable, base de ch\u00eane t. weng\u00e9, coussins de dos rembourr\u00e9 de plumes.\" \/>\n<meta name=\"robots\" content=\"index, follow, max-snippet:-1, max-image-preview:large, max-video-preview:-1\" \/>\n<link rel=\"canonical\" href=\"https:\/\/www.mobilimariani.com\/fr\/canape-en-cuir-baxter-mod-bill\/\" \/>\n<meta property=\"og:locale\" content=\"fr_FR\" \/>\n<meta property=\"og:type\" content=\"article\" \/>\n<meta property=\"og:title\" content=\"Canap\u00e9 en cuir Baxter mod. Bill | Mobili Mariani\" \/>\n<meta property=\"og:description\" content=\"Canap\u00e9 en cuir Baxter mod. Bill cm. 202x103px 81h Canap\u00e9 en cuir Antique rev\u00eatement Sable, base de ch\u00eane t. weng\u00e9, coussins de dos rembourr\u00e9 de plumes.\" \/>\n<meta property=\"og:url\" content=\"https:\/\/www.mobilimariani.com\/fr\/canape-en-cuir-baxter-mod-bill\/\" \/>\n<meta property=\"og:site_name\" content=\"Mobili Mariani\" \/>\n<meta property=\"article:published_time\" content=\"2013-01-02T11:54:25+00:00\" \/>\n<meta property=\"article:modified_time\" content=\"2017-10-14T17:22:02+00:00\" \/>\n<meta property=\"og:image\" content=\"https:\/\/www.mobilimariani.com\/wp-content\/uploads\/2014\/09\/divano-cuoio.jpg\" \/>\n\t<meta property=\"og:image:width\" content=\"600\" \/>\n\t<meta property=\"og:image:height\" content=\"450\" \/>\n<script type=\"application\/ld+json\" class=\"yoast-schema-graph\">{\"@context\":\"https:\/\/schema.org\",\"@graph\":[{\"@type\":\"Organization\",\"@id\":\"https:\/\/www.mobilimariani.com\/#organization\",\"name\":\"Mobili Mariani\",\"url\":\"https:\/\/www.mobilimariani.com\/\",\"sameAs\":[],\"logo\":{\"@type\":\"ImageObject\",\"@id\":\"https:\/\/www.mobilimariani.com\/#logo\",\"inLanguage\":\"fr-CH\",\"url\":\"https:\/\/www.mobilimariani.com\/wp-content\/uploads\/2015\/12\/logo.png\",\"contentUrl\":\"https:\/\/www.mobilimariani.com\/wp-content\/uploads\/2015\/12\/logo.png\",\"width\":160,\"height\":110,\"caption\":\"Mobili Mariani\"},\"image\":{\"@id\":\"https:\/\/www.mobilimariani.com\/#logo\"}},{\"@type\":\"WebSite\",\"@id\":\"https:\/\/www.mobilimariani.com\/#website\",\"url\":\"https:\/\/www.mobilimariani.com\/\",\"name\":\"Mobili Mariani\",\"description\":\"Mobili Italia Svizzera\",\"publisher\":{\"@id\":\"https:\/\/www.mobilimariani.com\/#organization\"},\"potentialAction\":[{\"@type\":\"SearchAction\",\"target\":\"https:\/\/www.mobilimariani.com\/?s={search_term_string}\",\"query-input\":\"required name=search_term_string\"}],\"inLanguage\":\"fr-CH\"},{\"@type\":\"ImageObject\",\"@id\":\"https:\/\/www.mobilimariani.com\/fr\/canape-en-cuir-baxter-mod-bill\/#primaryimage\",\"inLanguage\":\"fr-CH\",\"url\":\"https:\/\/www.mobilimariani.com\/wp-content\/uploads\/2014\/09\/divano-cuoio.jpg\",\"contentUrl\":\"https:\/\/www.mobilimariani.com\/wp-content\/uploads\/2014\/09\/divano-cuoio.jpg\",\"width\":600,\"height\":450,\"caption\":\"DIVANO BAXTER MOD. BILL\"},{\"@type\":\"WebPage\",\"@id\":\"https:\/\/www.mobilimariani.com\/fr\/canape-en-cuir-baxter-mod-bill\/#webpage\",\"url\":\"https:\/\/www.mobilimariani.com\/fr\/canape-en-cuir-baxter-mod-bill\/\",\"name\":\"Canap\\u00e9 en cuir Baxter mod. Bill | Mobili Mariani\",\"isPartOf\":{\"@id\":\"https:\/\/www.mobilimariani.com\/#website\"},\"primaryImageOfPage\":{\"@id\":\"https:\/\/www.mobilimariani.com\/fr\/canape-en-cuir-baxter-mod-bill\/#primaryimage\"},\"datePublished\":\"2013-01-02T11:54:25+00:00\",\"dateModified\":\"2017-10-14T17:22:02+00:00\",\"description\":\"Canap\\u00e9 en cuir Baxter mod. Bill cm. 202x103px 81h Canap\\u00e9 en cuir Antique rev\\u00eatement Sable, base de ch\\u00eane t. weng\\u00e9, coussins de dos rembourr\\u00e9 de plumes.\",\"breadcrumb\":{\"@id\":\"https:\/\/www.mobilimariani.com\/fr\/canape-en-cuir-baxter-mod-bill\/#breadcrumb\"},\"inLanguage\":\"fr-CH\",\"potentialAction\":[{\"@type\":\"ReadAction\",\"target\":[\"https:\/\/www.mobilimariani.com\/fr\/canape-en-cuir-baxter-mod-bill\/\"]}]},{\"@type\":\"BreadcrumbList\",\"@id\":\"https:\/\/www.mobilimariani.com\/fr\/canape-en-cuir-baxter-mod-bill\/#breadcrumb\",\"itemListElement\":[{\"@type\":\"ListItem\",\"position\":1,\"item\":{\"@type\":\"WebPage\",\"@id\":\"https:\/\/www.mobilimariani.com\/\",\"url\":\"https:\/\/www.mobilimariani.com\/\",\"name\":\"Home\"}},{\"@type\":\"ListItem\",\"position\":2,\"item\":{\"@id\":\"https:\/\/www.mobilimariani.com\/fr\/canape-en-cuir-baxter-mod-bill\/#webpage\"}}]},{\"@type\":\"Article\",\"@id\":\"https:\/\/www.mobilimariani.com\/fr\/canape-en-cuir-baxter-mod-bill\/#article\",\"isPartOf\":{\"@id\":\"https:\/\/www.mobilimariani.com\/fr\/canape-en-cuir-baxter-mod-bill\/#webpage\"},\"author\":{\"@id\":\"https:\/\/www.mobilimariani.com\/#\/schema\/person\/4685d9f51269134e53f988c9122315f4\"},\"headline\":\"Canap\\u00e9 en cuir Baxter mod. Bill\",\"datePublished\":\"2013-01-02T11:54:25+00:00\",\"dateModified\":\"2017-10-14T17:22:02+00:00\",\"mainEntityOfPage\":{\"@id\":\"https:\/\/www.mobilimariani.com\/fr\/canape-en-cuir-baxter-mod-bill\/#webpage\"},\"publisher\":{\"@id\":\"https:\/\/www.mobilimariani.com\/#organization\"},\"image\":{\"@id\":\"https:\/\/www.mobilimariani.com\/fr\/canape-en-cuir-baxter-mod-bill\/#primaryimage\"},\"articleSection\":[\"Outlet\"],\"inLanguage\":\"fr-CH\"},{\"@type\":\"Person\",\"@id\":\"https:\/\/www.mobilimariani.com\/#\/schema\/person\/4685d9f51269134e53f988c9122315f4\",\"name\":\"14m4rC008\",\"image\":{\"@type\":\"ImageObject\",\"@id\":\"https:\/\/www.mobilimariani.com\/#personlogo\",\"inLanguage\":\"fr-CH\",\"url\":\"https:\/\/secure.gravatar.com\/avatar\/dfaa6e536fec7030712cf850e9ddef45?s=96&d=mm&r=g\",\"contentUrl\":\"https:\/\/secure.gravatar.com\/avatar\/dfaa6e536fec7030712cf850e9ddef45?s=96&d=mm&r=g\",\"caption\":\"14m4rC008\"}}]}<\/script>\n<!-- \/ Yoast SEO plugin. -->","_links":{"self":[{"href":"https:\/\/www.mobilimariani.com\/fr\/wp-json\/wp\/v2\/posts\/122"}],"collection":[{"href":"https:\/\/www.mobilimariani.com\/fr\/wp-json\/wp\/v2\/posts"}],"about":[{"href":"https:\/\/www.mobilimariani.com\/fr\/wp-json\/wp\/v2\/types\/post"}],"author":[{"embeddable":true,"href":"https:\/\/www.mobilimariani.com\/fr\/wp-json\/wp\/v2\/users\/1"}],"replies":[{"embeddable":true,"href":"https:\/\/www.mobilimariani.com\/fr\/wp-json\/wp\/v2\/comments?post=122"}],"version-history":[{"count":4,"href":"https:\/\/www.mobilimariani.com\/fr\/wp-json\/wp\/v2\/posts\/122\/revisions"}],"predecessor-version":[{"id":10064,"href":"https:\/\/www.mobilimariani.com\/fr\/wp-json\/wp\/v2\/posts\/122\/revisions\/10064"}],"wp:featuredmedia":[{"embeddable":true,"href":"https:\/\/www.mobilimariani.com\/fr\/wp-json\/wp\/v2\/media\/120"}],"wp:attachment":[{"href":"https:\/\/www.mobilimariani.com\/fr\/wp-json\/wp\/v2\/media?parent=122"}],"wp:term":[{"taxonomy":"category","embeddable":true,"href":"https:\/\/www.mobilimariani.com\/fr\/wp-json\/wp\/v2\/categories?post=122"},{"taxonomy":"post_tag","embeddable":true,"href":"https:\/\/www.mobilimariani.com\/fr\/wp-json\/wp\/v2\/tags?post=122"}],"curies":[{"name":"wp","href":"https:\/\/api.w.org\/{rel}","templated":true}]}}