{"id":10688,"date":"2016-05-13T17:21:16","date_gmt":"2016-05-13T15:21:16","guid":{"rendered":"https:\/\/www.mobilimariani.com\/?p=10688"},"modified":"2020-08-08T17:40:19","modified_gmt":"2020-08-08T15:40:19","slug":"ozzio-petite-table-elevable-radius","status":"publish","type":"post","link":"https:\/\/www.mobilimariani.com\/fr\/ozzio-petite-table-elevable-radius\/","title":{"rendered":"OZZIO PETITE TABLE \u00c9L\u00c9VABLE RADIUS"},"content":{"rendered":"<p>OZZIO PETITE TABLE \u00c9L\u00c9VABLE RADIUS<\/p>\n<p>Radius est une petite table \u00e9l\u00e9vable moltifonctionnelle. Son design, logique et coh\u00e9rent, pr\u00e9sente une base stylis\u00e9e avec une forme leg\u00e8re. En \u00e9l\u00e9vant le plan on peut voir des compartiments spacieux pour y mettre des magazines et des petits objets d&#8217;usage quotidien.<\/p>\n<p>D\u00e9tails t\u00e9cniques :<\/p>\n<p>Petite table convertible \u00e0 deux hauteurs\u00a0(cm.32&gt;cm.65) la structure et les jambes sont m\u00e9talliques, le plan en bois, le m\u00e9canisme de soul\u00e8vement \u00e0 gaz s&#8217;arr\u00eate de lui-m\u00eame.<\/p>\n<p>Pour d\u00e9couvrir la marque Ozzio\u00a0<a href=\"https:\/\/www.mobilimariani.com\/fr\/concessionnaire-ozzio-design-2\/\">cliquez ici<\/a><\/p>\n<p>Vous voulez conna\u00eetre notre meilleur prix pour cet article?\u00a0<a href=\"https:\/\/www.mobilimariani.com\/fr\/contacts\/\">Cliquez ici<\/a>\u00a0et envoyez-nous la demande<\/p>\n<p>Signale le lieu de livraison, nous livrons dans toute l\u2019Europe et o\u00f9 que tu sois.<\/p>\n<p>Pour nos clients suisses, il sera d\u00e9duit l\u2019I.V.A. italienne<strong>.<\/strong><\/p>\n<p>&nbsp;<\/p>\n<p>&nbsp;<\/p>\n","protected":false},"excerpt":{"rendered":"OZZIO PETITE TABLE \u00c9L\u00c9VABLE RADIUS Radius est une petite table \u00e9l\u00e9vable moltifonctionnelle. Son design, logique et coh\u00e9rent, pr\u00e9sente une base stylis\u00e9e avec une forme leg\u00e8re. En \u00e9l\u00e9vant le plan on peut voir des compartiments spacieux pour y mettre des magazines et des petits objets d&#8217;usage quotidien. D\u00e9tails t\u00e9cniques : Petite table convertible \u00e0 deux hauteurs\u00a0(cm.32&gt;cm.65)&#8230; <a class=\"view-article\" href=\"https:\/\/www.mobilimariani.com\/fr\/ozzio-petite-table-elevable-radius\/\">Voir l&#8217;article<\/a>","protected":false},"author":1,"featured_media":10621,"comment_status":"closed","ping_status":"closed","sticky":false,"template":"","format":"standard","meta":[],"categories":[18,1,6],"tags":[2172,2161,2162],"yoast_head":"<!-- This site is optimized with the Yoast SEO plugin v16.2 - https:\/\/yoast.com\/wordpress\/plugins\/seo\/ -->\n<meta name=\"description\" content=\"OZZIO PETITE TABLE \u00c9L\u00c9VABLE RADIUS Radius est une petite table \u00e9l\u00e9vable moltifonctionnelle. Son design, logique et coh\u00e9rent, pr\u00e9sente une base stylis\u00e9e\" \/>\n<meta name=\"robots\" content=\"index, follow, max-snippet:-1, max-image-preview:large, max-video-preview:-1\" \/>\n<link rel=\"canonical\" href=\"https:\/\/www.mobilimariani.com\/fr\/ozzio-petite-table-elevable-radius\/\" \/>\n<meta property=\"og:locale\" content=\"fr_FR\" \/>\n<meta property=\"og:type\" content=\"article\" \/>\n<meta property=\"og:title\" content=\"OZZIO PETITE TABLE \u00c9L\u00c9VABLE RADIUS | Mobili Mariani\" \/>\n<meta property=\"og:description\" content=\"OZZIO PETITE TABLE \u00c9L\u00c9VABLE RADIUS Radius est une petite table \u00e9l\u00e9vable moltifonctionnelle. Son design, logique et coh\u00e9rent, pr\u00e9sente une base stylis\u00e9e\" \/>\n<meta property=\"og:url\" content=\"https:\/\/www.mobilimariani.com\/fr\/ozzio-petite-table-elevable-radius\/\" \/>\n<meta property=\"og:site_name\" content=\"Mobili Mariani\" \/>\n<meta property=\"article:published_time\" content=\"2016-05-13T15:21:16+00:00\" \/>\n<meta property=\"article:modified_time\" content=\"2020-08-08T15:40:19+00:00\" \/>\n<meta property=\"og:image\" content=\"https:\/\/www.mobilimariani.com\/wp-content\/uploads\/2016\/05\/12.jpg\" \/>\n\t<meta property=\"og:image:width\" content=\"384\" \/>\n\t<meta property=\"og:image:height\" content=\"516\" \/>\n<meta name=\"twitter:label1\" content=\"Est. reading time\">\n\t<meta name=\"twitter:data1\" content=\"1 minute\">\n<script type=\"application\/ld+json\" class=\"yoast-schema-graph\">{\"@context\":\"https:\/\/schema.org\",\"@graph\":[{\"@type\":\"Organization\",\"@id\":\"https:\/\/www.mobilimariani.com\/#organization\",\"name\":\"Mobili Mariani\",\"url\":\"https:\/\/www.mobilimariani.com\/\",\"sameAs\":[],\"logo\":{\"@type\":\"ImageObject\",\"@id\":\"https:\/\/www.mobilimariani.com\/#logo\",\"inLanguage\":\"fr-CH\",\"url\":\"https:\/\/www.mobilimariani.com\/wp-content\/uploads\/2015\/12\/logo.png\",\"contentUrl\":\"https:\/\/www.mobilimariani.com\/wp-content\/uploads\/2015\/12\/logo.png\",\"width\":160,\"height\":110,\"caption\":\"Mobili Mariani\"},\"image\":{\"@id\":\"https:\/\/www.mobilimariani.com\/#logo\"}},{\"@type\":\"WebSite\",\"@id\":\"https:\/\/www.mobilimariani.com\/#website\",\"url\":\"https:\/\/www.mobilimariani.com\/\",\"name\":\"Mobili Mariani\",\"description\":\"Mobili Italia Svizzera\",\"publisher\":{\"@id\":\"https:\/\/www.mobilimariani.com\/#organization\"},\"potentialAction\":[{\"@type\":\"SearchAction\",\"target\":\"https:\/\/www.mobilimariani.com\/?s={search_term_string}\",\"query-input\":\"required name=search_term_string\"}],\"inLanguage\":\"fr-CH\"},{\"@type\":\"ImageObject\",\"@id\":\"https:\/\/www.mobilimariani.com\/fr\/ozzio-petite-table-elevable-radius\/#primaryimage\",\"inLanguage\":\"fr-CH\",\"url\":\"https:\/\/www.mobilimariani.com\/wp-content\/uploads\/2016\/05\/12.jpg\",\"contentUrl\":\"https:\/\/www.mobilimariani.com\/wp-content\/uploads\/2016\/05\/12.jpg\",\"width\":384,\"height\":516,\"caption\":\"OZZIO TAVOLINO ELEVABILE RADIUS\"},{\"@type\":\"WebPage\",\"@id\":\"https:\/\/www.mobilimariani.com\/fr\/ozzio-petite-table-elevable-radius\/#webpage\",\"url\":\"https:\/\/www.mobilimariani.com\/fr\/ozzio-petite-table-elevable-radius\/\",\"name\":\"OZZIO PETITE TABLE \\u00c9L\\u00c9VABLE RADIUS | Mobili Mariani\",\"isPartOf\":{\"@id\":\"https:\/\/www.mobilimariani.com\/#website\"},\"primaryImageOfPage\":{\"@id\":\"https:\/\/www.mobilimariani.com\/fr\/ozzio-petite-table-elevable-radius\/#primaryimage\"},\"datePublished\":\"2016-05-13T15:21:16+00:00\",\"dateModified\":\"2020-08-08T15:40:19+00:00\",\"description\":\"OZZIO PETITE TABLE \\u00c9L\\u00c9VABLE RADIUS Radius est une petite table \\u00e9l\\u00e9vable moltifonctionnelle. Son design, logique et coh\\u00e9rent, pr\\u00e9sente une base stylis\\u00e9e\",\"breadcrumb\":{\"@id\":\"https:\/\/www.mobilimariani.com\/fr\/ozzio-petite-table-elevable-radius\/#breadcrumb\"},\"inLanguage\":\"fr-CH\",\"potentialAction\":[{\"@type\":\"ReadAction\",\"target\":[\"https:\/\/www.mobilimariani.com\/fr\/ozzio-petite-table-elevable-radius\/\"]}]},{\"@type\":\"BreadcrumbList\",\"@id\":\"https:\/\/www.mobilimariani.com\/fr\/ozzio-petite-table-elevable-radius\/#breadcrumb\",\"itemListElement\":[{\"@type\":\"ListItem\",\"position\":1,\"item\":{\"@type\":\"WebPage\",\"@id\":\"https:\/\/www.mobilimariani.com\/\",\"url\":\"https:\/\/www.mobilimariani.com\/\",\"name\":\"Home\"}},{\"@type\":\"ListItem\",\"position\":2,\"item\":{\"@id\":\"https:\/\/www.mobilimariani.com\/fr\/ozzio-petite-table-elevable-radius\/#webpage\"}}]},{\"@type\":\"Article\",\"@id\":\"https:\/\/www.mobilimariani.com\/fr\/ozzio-petite-table-elevable-radius\/#article\",\"isPartOf\":{\"@id\":\"https:\/\/www.mobilimariani.com\/fr\/ozzio-petite-table-elevable-radius\/#webpage\"},\"author\":{\"@id\":\"https:\/\/www.mobilimariani.com\/#\/schema\/person\/4685d9f51269134e53f988c9122315f4\"},\"headline\":\"OZZIO PETITE TABLE \\u00c9L\\u00c9VABLE RADIUS\",\"datePublished\":\"2016-05-13T15:21:16+00:00\",\"dateModified\":\"2020-08-08T15:40:19+00:00\",\"mainEntityOfPage\":{\"@id\":\"https:\/\/www.mobilimariani.com\/fr\/ozzio-petite-table-elevable-radius\/#webpage\"},\"publisher\":{\"@id\":\"https:\/\/www.mobilimariani.com\/#organization\"},\"image\":{\"@id\":\"https:\/\/www.mobilimariani.com\/fr\/ozzio-petite-table-elevable-radius\/#primaryimage\"},\"keywords\":[\"Italienne tables de conception transformables\",\"tables de design italien\",\"tables italiens basses design\"],\"articleSection\":[\"Autre\",\"Catalogue\",\"Salle jour\"],\"inLanguage\":\"fr-CH\"},{\"@type\":\"Person\",\"@id\":\"https:\/\/www.mobilimariani.com\/#\/schema\/person\/4685d9f51269134e53f988c9122315f4\",\"name\":\"14m4rC008\",\"image\":{\"@type\":\"ImageObject\",\"@id\":\"https:\/\/www.mobilimariani.com\/#personlogo\",\"inLanguage\":\"fr-CH\",\"url\":\"https:\/\/secure.gravatar.com\/avatar\/dfaa6e536fec7030712cf850e9ddef45?s=96&d=mm&r=g\",\"contentUrl\":\"https:\/\/secure.gravatar.com\/avatar\/dfaa6e536fec7030712cf850e9ddef45?s=96&d=mm&r=g\",\"caption\":\"14m4rC008\"}}]}<\/script>\n<!-- \/ Yoast SEO plugin. -->","_links":{"self":[{"href":"https:\/\/www.mobilimariani.com\/fr\/wp-json\/wp\/v2\/posts\/10688"}],"collection":[{"href":"https:\/\/www.mobilimariani.com\/fr\/wp-json\/wp\/v2\/posts"}],"about":[{"href":"https:\/\/www.mobilimariani.com\/fr\/wp-json\/wp\/v2\/types\/post"}],"author":[{"embeddable":true,"href":"https:\/\/www.mobilimariani.com\/fr\/wp-json\/wp\/v2\/users\/1"}],"replies":[{"embeddable":true,"href":"https:\/\/www.mobilimariani.com\/fr\/wp-json\/wp\/v2\/comments?post=10688"}],"version-history":[{"count":5,"href":"https:\/\/www.mobilimariani.com\/fr\/wp-json\/wp\/v2\/posts\/10688\/revisions"}],"predecessor-version":[{"id":25301,"href":"https:\/\/www.mobilimariani.com\/fr\/wp-json\/wp\/v2\/posts\/10688\/revisions\/25301"}],"wp:featuredmedia":[{"embeddable":true,"href":"https:\/\/www.mobilimariani.com\/fr\/wp-json\/wp\/v2\/media\/10621"}],"wp:attachment":[{"href":"https:\/\/www.mobilimariani.com\/fr\/wp-json\/wp\/v2\/media?parent=10688"}],"wp:term":[{"taxonomy":"category","embeddable":true,"href":"https:\/\/www.mobilimariani.com\/fr\/wp-json\/wp\/v2\/categories?post=10688"},{"taxonomy":"post_tag","embeddable":true,"href":"https:\/\/www.mobilimariani.com\/fr\/wp-json\/wp\/v2\/tags?post=10688"}],"curies":[{"name":"wp","href":"https:\/\/api.w.org\/{rel}","templated":true}]}}