{"id":10007,"date":"2016-02-07T14:55:28","date_gmt":"2016-02-07T13:55:28","guid":{"rendered":"https:\/\/www.mobilimariani.com\/?p=10007"},"modified":"2017-02-21T23:18:31","modified_gmt":"2017-02-21T22:18:31","slug":"fauteuil-frau-mod-armonia","status":"publish","type":"post","link":"https:\/\/www.mobilimariani.com\/fr\/fauteuil-frau-mod-armonia\/","title":{"rendered":"FAUTEUIL FRAU mod. ARMONIA"},"content":{"rendered":"<p>Fauteuil Frau mod. Armonia canap\u00e9 217x96x91h cm. rev\u00eatement en cuir couleur sabbia.<\/p>\n<p>La structure porteuse du canap\u00e9 est en bois de h\u00eatre rembourr\u00e9 avec de la mousse de polyur\u00e9thane.<br \/>\nLa sangle du si\u00e8ge est r\u00e9alis\u00e9 avec des ressorts grecs en acier harmonique. L&#8217;assise et le dossier sont en plumes d&#8217;oie avec des inserts de stabilisation en mousse de polyur\u00e9thane.<br \/>\nLa hauteur des pieds en aluminium bross\u00e9 est de 15 cm.<\/p>\n<p>PRIX CATALOGUE \u20ac 6,210.00<\/p>\n<p>PRIX R\u00c9DUIT \u20ac 3,105.00<\/p>\n<p>Hors frais de transport et de montage.<\/p>\n","protected":false},"excerpt":{"rendered":"Fauteuil Frau mod. Armonia canap\u00e9 217x96x91h cm. rev\u00eatement en cuir couleur sabbia. La structure porteuse du canap\u00e9 est en bois de h\u00eatre rembourr\u00e9 avec de la mousse de polyur\u00e9thane. La sangle du si\u00e8ge est r\u00e9alis\u00e9 avec des ressorts grecs en acier harmonique. L&#8217;assise et le dossier sont en plumes d&#8217;oie avec des inserts de stabilisation&#8230; <a class=\"view-article\" href=\"https:\/\/www.mobilimariani.com\/fr\/fauteuil-frau-mod-armonia\/\">Voir l&#8217;article<\/a>","protected":false},"author":1,"featured_media":262,"comment_status":"closed","ping_status":"closed","sticky":false,"template":"","format":"standard","meta":[],"categories":[48,14],"tags":[],"yoast_head":"<!-- This site is optimized with the Yoast SEO plugin v16.2 - https:\/\/yoast.com\/wordpress\/plugins\/seo\/ -->\n<meta name=\"description\" content=\"Fauteuil Frau mod. Armonia canap\u00e9 217x96x91h cm. rev\u00eatement en cuir couleur sabbia. La structure porteuse du canap\u00e9 est en bois de h\u00eatre rembourr\u00e9 avec de\" \/>\n<meta name=\"robots\" content=\"index, follow, max-snippet:-1, max-image-preview:large, max-video-preview:-1\" \/>\n<link rel=\"canonical\" href=\"https:\/\/www.mobilimariani.com\/fr\/fauteuil-frau-mod-armonia\/\" \/>\n<meta property=\"og:locale\" content=\"fr_FR\" \/>\n<meta property=\"og:type\" content=\"article\" \/>\n<meta property=\"og:title\" content=\"FAUTEUIL FRAU mod. ARMONIA | Mobili Mariani\" \/>\n<meta property=\"og:description\" content=\"Fauteuil Frau mod. Armonia canap\u00e9 217x96x91h cm. rev\u00eatement en cuir couleur sabbia. La structure porteuse du canap\u00e9 est en bois de h\u00eatre rembourr\u00e9 avec de\" \/>\n<meta property=\"og:url\" content=\"https:\/\/www.mobilimariani.com\/fr\/fauteuil-frau-mod-armonia\/\" \/>\n<meta property=\"og:site_name\" content=\"Mobili Mariani\" \/>\n<meta property=\"article:published_time\" content=\"2016-02-07T13:55:28+00:00\" \/>\n<meta property=\"article:modified_time\" content=\"2017-02-21T22:18:31+00:00\" \/>\n<meta property=\"og:image\" content=\"https:\/\/www.mobilimariani.com\/wp-content\/uploads\/2014\/11\/1-armonia-frau.jpg\" \/>\n\t<meta property=\"og:image:width\" content=\"3264\" \/>\n\t<meta property=\"og:image:height\" content=\"2448\" \/>\n<script type=\"application\/ld+json\" class=\"yoast-schema-graph\">{\"@context\":\"https:\/\/schema.org\",\"@graph\":[{\"@type\":\"Organization\",\"@id\":\"https:\/\/www.mobilimariani.com\/#organization\",\"name\":\"Mobili Mariani\",\"url\":\"https:\/\/www.mobilimariani.com\/\",\"sameAs\":[],\"logo\":{\"@type\":\"ImageObject\",\"@id\":\"https:\/\/www.mobilimariani.com\/#logo\",\"inLanguage\":\"fr-CH\",\"url\":\"https:\/\/www.mobilimariani.com\/wp-content\/uploads\/2015\/12\/logo.png\",\"contentUrl\":\"https:\/\/www.mobilimariani.com\/wp-content\/uploads\/2015\/12\/logo.png\",\"width\":160,\"height\":110,\"caption\":\"Mobili Mariani\"},\"image\":{\"@id\":\"https:\/\/www.mobilimariani.com\/#logo\"}},{\"@type\":\"WebSite\",\"@id\":\"https:\/\/www.mobilimariani.com\/#website\",\"url\":\"https:\/\/www.mobilimariani.com\/\",\"name\":\"Mobili Mariani\",\"description\":\"Mobili Italia Svizzera\",\"publisher\":{\"@id\":\"https:\/\/www.mobilimariani.com\/#organization\"},\"potentialAction\":[{\"@type\":\"SearchAction\",\"target\":\"https:\/\/www.mobilimariani.com\/?s={search_term_string}\",\"query-input\":\"required name=search_term_string\"}],\"inLanguage\":\"fr-CH\"},{\"@type\":\"ImageObject\",\"@id\":\"https:\/\/www.mobilimariani.com\/fr\/fauteuil-frau-mod-armonia\/#primaryimage\",\"inLanguage\":\"fr-CH\",\"url\":\"https:\/\/www.mobilimariani.com\/wp-content\/uploads\/2014\/11\/1-armonia-frau.jpg\",\"contentUrl\":\"https:\/\/www.mobilimariani.com\/wp-content\/uploads\/2014\/11\/1-armonia-frau.jpg\",\"width\":3264,\"height\":2448,\"caption\":\"POLTRONA FRAU mod. ARMONIA\"},{\"@type\":\"WebPage\",\"@id\":\"https:\/\/www.mobilimariani.com\/fr\/fauteuil-frau-mod-armonia\/#webpage\",\"url\":\"https:\/\/www.mobilimariani.com\/fr\/fauteuil-frau-mod-armonia\/\",\"name\":\"FAUTEUIL FRAU mod. ARMONIA | Mobili Mariani\",\"isPartOf\":{\"@id\":\"https:\/\/www.mobilimariani.com\/#website\"},\"primaryImageOfPage\":{\"@id\":\"https:\/\/www.mobilimariani.com\/fr\/fauteuil-frau-mod-armonia\/#primaryimage\"},\"datePublished\":\"2016-02-07T13:55:28+00:00\",\"dateModified\":\"2017-02-21T22:18:31+00:00\",\"description\":\"Fauteuil Frau mod. Armonia canap\\u00e9 217x96x91h cm. rev\\u00eatement en cuir couleur sabbia. La structure porteuse du canap\\u00e9 est en bois de h\\u00eatre rembourr\\u00e9 avec de\",\"breadcrumb\":{\"@id\":\"https:\/\/www.mobilimariani.com\/fr\/fauteuil-frau-mod-armonia\/#breadcrumb\"},\"inLanguage\":\"fr-CH\",\"potentialAction\":[{\"@type\":\"ReadAction\",\"target\":[\"https:\/\/www.mobilimariani.com\/fr\/fauteuil-frau-mod-armonia\/\"]}]},{\"@type\":\"BreadcrumbList\",\"@id\":\"https:\/\/www.mobilimariani.com\/fr\/fauteuil-frau-mod-armonia\/#breadcrumb\",\"itemListElement\":[{\"@type\":\"ListItem\",\"position\":1,\"item\":{\"@type\":\"WebPage\",\"@id\":\"https:\/\/www.mobilimariani.com\/\",\"url\":\"https:\/\/www.mobilimariani.com\/\",\"name\":\"Home\"}},{\"@type\":\"ListItem\",\"position\":2,\"item\":{\"@id\":\"https:\/\/www.mobilimariani.com\/fr\/fauteuil-frau-mod-armonia\/#webpage\"}}]},{\"@type\":\"Article\",\"@id\":\"https:\/\/www.mobilimariani.com\/fr\/fauteuil-frau-mod-armonia\/#article\",\"isPartOf\":{\"@id\":\"https:\/\/www.mobilimariani.com\/fr\/fauteuil-frau-mod-armonia\/#webpage\"},\"author\":{\"@id\":\"https:\/\/www.mobilimariani.com\/#\/schema\/person\/4685d9f51269134e53f988c9122315f4\"},\"headline\":\"FAUTEUIL FRAU mod. ARMONIA\",\"datePublished\":\"2016-02-07T13:55:28+00:00\",\"dateModified\":\"2017-02-21T22:18:31+00:00\",\"mainEntityOfPage\":{\"@id\":\"https:\/\/www.mobilimariani.com\/fr\/fauteuil-frau-mod-armonia\/#webpage\"},\"publisher\":{\"@id\":\"https:\/\/www.mobilimariani.com\/#organization\"},\"image\":{\"@id\":\"https:\/\/www.mobilimariani.com\/fr\/fauteuil-frau-mod-armonia\/#primaryimage\"},\"articleSection\":[\"Offres Zone Jour\",\"Outlet\"],\"inLanguage\":\"fr-CH\"},{\"@type\":\"Person\",\"@id\":\"https:\/\/www.mobilimariani.com\/#\/schema\/person\/4685d9f51269134e53f988c9122315f4\",\"name\":\"14m4rC008\",\"image\":{\"@type\":\"ImageObject\",\"@id\":\"https:\/\/www.mobilimariani.com\/#personlogo\",\"inLanguage\":\"fr-CH\",\"url\":\"https:\/\/secure.gravatar.com\/avatar\/dfaa6e536fec7030712cf850e9ddef45?s=96&d=mm&r=g\",\"contentUrl\":\"https:\/\/secure.gravatar.com\/avatar\/dfaa6e536fec7030712cf850e9ddef45?s=96&d=mm&r=g\",\"caption\":\"14m4rC008\"}}]}<\/script>\n<!-- \/ Yoast SEO plugin. -->","_links":{"self":[{"href":"https:\/\/www.mobilimariani.com\/fr\/wp-json\/wp\/v2\/posts\/10007"}],"collection":[{"href":"https:\/\/www.mobilimariani.com\/fr\/wp-json\/wp\/v2\/posts"}],"about":[{"href":"https:\/\/www.mobilimariani.com\/fr\/wp-json\/wp\/v2\/types\/post"}],"author":[{"embeddable":true,"href":"https:\/\/www.mobilimariani.com\/fr\/wp-json\/wp\/v2\/users\/1"}],"replies":[{"embeddable":true,"href":"https:\/\/www.mobilimariani.com\/fr\/wp-json\/wp\/v2\/comments?post=10007"}],"version-history":[{"count":1,"href":"https:\/\/www.mobilimariani.com\/fr\/wp-json\/wp\/v2\/posts\/10007\/revisions"}],"predecessor-version":[{"id":10008,"href":"https:\/\/www.mobilimariani.com\/fr\/wp-json\/wp\/v2\/posts\/10007\/revisions\/10008"}],"wp:featuredmedia":[{"embeddable":true,"href":"https:\/\/www.mobilimariani.com\/fr\/wp-json\/wp\/v2\/media\/262"}],"wp:attachment":[{"href":"https:\/\/www.mobilimariani.com\/fr\/wp-json\/wp\/v2\/media?parent=10007"}],"wp:term":[{"taxonomy":"category","embeddable":true,"href":"https:\/\/www.mobilimariani.com\/fr\/wp-json\/wp\/v2\/categories?post=10007"},{"taxonomy":"post_tag","embeddable":true,"href":"https:\/\/www.mobilimariani.com\/fr\/wp-json\/wp\/v2\/tags?post=10007"}],"curies":[{"name":"wp","href":"https:\/\/api.w.org\/{rel}","templated":true}]}}